{"id":596318,"date":"2025-12-13T06:10:34","date_gmt":"2025-12-13T06:10:34","guid":{"rendered":"https:\/\/www.europesays.com\/fr\/596318\/"},"modified":"2025-12-13T06:10:34","modified_gmt":"2025-12-13T06:10:34","slug":"video-boules-de-noel-guirlandes-un-minibus-du-reseau-stan-completement-redecore-pour-les-fetes","status":"publish","type":"post","link":"https:\/\/www.europesays.com\/fr\/596318\/","title":{"rendered":"VIDEO. Boules de No\u00ebl, guirlandes&#8230; un minibus du r\u00e9seau Stan compl\u00e8tement red\u00e9cor\u00e9 pour les f\u00eates"},"content":{"rendered":"<p>                    Par<br \/>\n        <strong><br \/>\n            <a href=\"https:\/\/actu.fr\/auteur\/pierre-emile-bouchy-actu-fr\" title=\"Consulter tous les articles de Paul-Emile Bouchy\" target=\"_blank\" rel=\"noopener\">Paul-Emile Bouchy<\/a><br \/>\n                    <\/strong><\/p>\n<p>        Publi\u00e9 le<\/p>\n<p>            13 d\u00e9c. 2025 \u00e0 7h02        <\/p>\n<p>Depuis la fin du mois de novembre, <a href=\"https:\/\/actu.fr\/grand-est\/nancy_54395\" target=\"_blank\" rel=\"noopener\">Nancy<\/a> est illumin\u00e9e pour c\u00e9l\u00e9brer la <a href=\"https:\/\/actu.fr\/tag\/saint-nicolas\" target=\"_blank\" rel=\"noopener\">Saint-Nicolas<\/a> et les f\u00eates de fin d\u2019ann\u00e9e avec notamment <a href=\"https:\/\/actu.fr\/grand-est\/nancy_54395\/video-fetes-de-saint-nicolas-2025-a-nancy-le-grand-sapin-est-arrive-place-stanislas_63403173.html\" target=\"_blank\" rel=\"noopener\">le grand sapin place Stanislas<\/a>.<\/p>\n<p class=\" wall-content\">Le <a href=\"https:\/\/actu.fr\/tag\/reseau-stan\" target=\"_blank\" rel=\"noopener\">r\u00e9seau Stan<\/a> participe \u00e9galement aux festivit\u00e9s. Outre le fait d\u2019inviter saint Nicolas \u00e0 rencontrer les passagers du trolleybus, il a <strong>enti\u00e8rement d\u00e9cor\u00e9 un de ses v\u00e9hicules<\/strong>.<\/p>\n<p>Des d\u00e9corations \u00e0 l\u2019int\u00e9rieur et \u00e0 l\u2019ext\u00e9rieur d\u2019une navette Citadines<\/p>\n<p class=\" wall-content\">Vous l\u2019avez sans doute vu sillonner les rues du centre-ville de Nancy et de Vand\u0153uvre-l\u00e8s-Nancy. <strong>La Citadine<\/strong>, <a href=\"https:\/\/actu.fr\/grand-est\/nancy_54395\/reseau-stan-nancy-une-navette-100-electrique-service-dans-centre-ville_30176716.html\" target=\"_blank\" rel=\"noopener\">cette navette gratuite et 100\u2009% \u00e9lectrique<\/a>, a \u00e9t\u00e9 <strong>d\u00e9cor\u00e9e pour les f\u00eates de fin d\u2019ann\u00e9e<\/strong>.<\/p>\n<p class=\" wall-content\">\u00c0 l\u2019ext\u00e9rieur du v\u00e9hicule, un stickage recouvre la carrosserie et les vitres avec l\u2019inscription \u00ab\u2009Joyeuses f\u00eates\u2009\u00bb. \u00c0 l\u2019int\u00e9rieur, tout est fait pour <strong>se sentir dans l\u2019ambiance de No\u00ebl\u2009<\/strong>: guirlandes sur les barres, adh\u00e9sifs pour imiter la neige ou encore des plaids sur les si\u00e8ges.<\/p>\n<blockquote class=\"tiktok-embed\" cite=\"https:\/\/www.tiktok.com\/@lorraine.actu\/video\/7582598880324308227\" data-video-id=\"7582598880324308227\" data-embed-from=\"oembed\" style=\"max-width:605px; min-width:325px;\"><p>\n<a target=\"_blank\" title=\"@lorraine.actu\" href=\"https:\/\/www.tiktok.com\/@lorraine.actu?refer=embed\" rel=\"noopener\">@lorraine.actu<\/a> <\/p>\n<p>Depuis la fin du mois de novembre, Nancy est illumin\u00e9 pour c\u00e9l\u00e9brer la Saint-Nicolas et les f\u00eates de fin d\u2019ann\u00e9e avec notamment le grand sapin place Stanislas. Le r\u00e9seau Stan participe \u00e9galement aux festivit\u00e9s. Outre inviter saint Nicolas \u00e0 rencontrer les passagers du trolleybus, il a enti\u00e8rement d\u00e9cor\u00e9 une de ses v\u00e9hicules. Vous l\u2019avez sans doute vu sillonner les rues du centre-ville de Nancy et de Vand\u0153uvre-l\u00e8s-Nancy. La Citadine, cette navette gratuite et 100\u2009% \u00e9lectrique, a \u00e9t\u00e9 d\u00e9cor\u00e9e pour les f\u00eates de fin d\u2019ann\u00e9e. \u00c0 l\u2019ext\u00e9rieur du v\u00e9hicule, un stickage recouvre la carrosserie et les vitres avec l\u2019inscription \u00ab\u2009Joyeuses f\u00eates\u2009\u00bb. \u00c0 l\u2019int\u00e9rieur, tout est fait pour se sentir dans l\u2019ambiance de No\u00ebl\u2009: guirlandes sur les barres, adh\u00e9sifs pour imiter la neige ou encore des plaids sur les si\u00e8ges. Cette initiative n\u2019est pas nouvelle. Le r\u00e9seau Stan d\u00e9core ce v\u00e9hicule \u00e0 chaque fin d\u2019ann\u00e9e depuis 2022. <a title=\"bus\" target=\"_blank\" href=\"https:\/\/www.tiktok.com\/tag\/bus?refer=embed\" rel=\"noopener\">#bus<\/a> <a title=\"noel\" target=\"_blank\" href=\"https:\/\/www.tiktok.com\/tag\/noel?refer=embed\" rel=\"noopener\">#noel<\/a> <a title=\"christmas\" target=\"_blank\" href=\"https:\/\/www.tiktok.com\/tag\/christmas?refer=embed\" rel=\"noopener\">#christmas<\/a> <a title=\"nancy\" target=\"_blank\" href=\"https:\/\/www.tiktok.com\/tag\/nancy?refer=embed\" rel=\"noopener\">#nancy<\/a> <a title=\"lorraine\" target=\"_blank\" href=\"https:\/\/www.tiktok.com\/tag\/lorraine?refer=embed\" rel=\"noopener\">#lorraine<\/a> @R\u00e9seau Stan <\/p>\n<p> <a target=\"_blank\" title=\"\u266c This Christmas - Dmitriy Sevostyanov\" href=\"https:\/\/www.tiktok.com\/music\/This-Christmas-7126424201908455425?refer=embed\" rel=\"noopener\">\u266c This Christmas \u2013 Dmitriy Sevostyanov<\/a> <\/p>\n<\/blockquote>\n<p class=\" wall-content\">Cette initiative n\u2019est pas nouvelle. Le r\u00e9seau Stan d\u00e9core ce v\u00e9hicule \u00e0 chaque fin d\u2019ann\u00e9e depuis 2022.<\/p>\n<p class=\" wall-content\">Personnalisez votre actualit\u00e9 en ajoutant vos villes et m\u00e9dias en favori avec <a href=\"https:\/\/moncompte.actu.fr\" title=\"D\u00e9couvez Mon Actu\" rel=\"nofollow noopener\" data-trk=\"{&quot;cta&quot;:{&quot;action&quot;:&quot;https:\\\/\\\/moncompte.actu.fr&quot;,&quot;category&quot;:&quot;mon compte&quot;,&quot;from&quot;:&quot;article footer&quot;,&quot;name&quot;:&quot;Mon actu&quot;,&quot;type&quot;:&quot;cta&quot;}}\" target=\"_blank\">Mon Actu<\/a>.<\/p>\n<p>                    <script async src=\"\/\/www.tiktok.com\/embed.js\"><\/script><\/p>\n","protected":false},"excerpt":{"rendered":"Par Paul-Emile Bouchy Publi\u00e9 le 13 d\u00e9c. 2025 \u00e0 7h02 Depuis la fin du mois de novembre, Nancy&hellip;\n","protected":false},"author":2,"featured_media":596319,"comment_status":"","ping_status":"","sticky":false,"template":"","format":"standard","meta":{"footnotes":""},"categories":[9635],"tags":[1111,11,1777,674,1011,27,775,1702,12,15830,25,9849,104],"class_list":{"0":"post-596318","1":"post","2":"type-post","3":"status-publish","4":"format-standard","5":"has-post-thumbnail","7":"category-nancy","8":"tag-actu","9":"tag-actualites","10":"tag-eu","11":"tag-europe","12":"tag-fr","13":"tag-france","14":"tag-grand-est","15":"tag-nancy","16":"tag-news","17":"tag-noel","18":"tag-republique-francaise","19":"tag-reseau-stan","20":"tag-societe"},"share_on_mastodon":{"url":"https:\/\/pubeurope.com\/@fr\/115710776061648234","error":""},"_links":{"self":[{"href":"https:\/\/www.europesays.com\/fr\/wp-json\/wp\/v2\/posts\/596318","targetHints":{"allow":["GET"]}}],"collection":[{"href":"https:\/\/www.europesays.com\/fr\/wp-json\/wp\/v2\/posts"}],"about":[{"href":"https:\/\/www.europesays.com\/fr\/wp-json\/wp\/v2\/types\/post"}],"author":[{"embeddable":true,"href":"https:\/\/www.europesays.com\/fr\/wp-json\/wp\/v2\/users\/2"}],"replies":[{"embeddable":true,"href":"https:\/\/www.europesays.com\/fr\/wp-json\/wp\/v2\/comments?post=596318"}],"version-history":[{"count":0,"href":"https:\/\/www.europesays.com\/fr\/wp-json\/wp\/v2\/posts\/596318\/revisions"}],"wp:featuredmedia":[{"embeddable":true,"href":"https:\/\/www.europesays.com\/fr\/wp-json\/wp\/v2\/media\/596319"}],"wp:attachment":[{"href":"https:\/\/www.europesays.com\/fr\/wp-json\/wp\/v2\/media?parent=596318"}],"wp:term":[{"taxonomy":"category","embeddable":true,"href":"https:\/\/www.europesays.com\/fr\/wp-json\/wp\/v2\/categories?post=596318"},{"taxonomy":"post_tag","embeddable":true,"href":"https:\/\/www.europesays.com\/fr\/wp-json\/wp\/v2\/tags?post=596318"}],"curies":[{"name":"wp","href":"https:\/\/api.w.org\/{rel}","templated":true}]}}