{"id":596350,"date":"2025-12-13T06:34:16","date_gmt":"2025-12-13T06:34:16","guid":{"rendered":"https:\/\/www.europesays.com\/fr\/596350\/"},"modified":"2025-12-13T06:34:16","modified_gmt":"2025-12-13T06:34:16","slug":"salles-de-spectacles-jardins-restaurant-voici-mixt","status":"publish","type":"post","link":"https:\/\/www.europesays.com\/fr\/596350\/","title":{"rendered":"salles de spectacles, jardins, restaurant\u2026 Voici Mixt"},"content":{"rendered":"<p>                    Par<br \/>\n        <strong><br \/>\n            <a href=\"https:\/\/actu.fr\/auteur\/thomas-bernard\" title=\"Consulter tous les articles de Thomas Bernard\" target=\"_blank\" rel=\"noopener\">Thomas Bernard<\/a><br \/>\n                    <\/strong><\/p>\n<p>        Publi\u00e9 le<\/p>\n<p>            13 d\u00e9c. 2025 \u00e0 7h26        <\/p>\n<p>\u00ab\u2009Dix ans qu\u2019on attendait \u00e7a\u2009\u00bb, sourit Catherine Blondeau, directrice de l\u2019EPCC Mixt, terrain d\u2019arts en Loire-Atlantique. Ce vendredi 12\u00a0d\u00e9cembre 2025, lors d\u2019une c\u00e9r\u00e9monie institutionnelle \u00e0 laquelle \u00e9tait convi\u00e9e la presse, Mixt, le nouvel \u00e9quipement culturel nantais, a \u00e9t\u00e9 inaugur\u00e9. Ce projet est le fruit de la fusion entre <a href=\"https:\/\/actu.fr\/pays-de-la-loire\/nantes_44109\/nantes-a-quoi-va-ressembler-le-grand-t-apres-sa-fermeture-cet-ete-pour-deux-ans_48252881.html\" target=\"_blank\" rel=\"noopener\">l\u2019ancien th\u00e9\u00e2tre Grand T <\/a>et Musique et Danse en Loire-Atlantique. Le lieu ouvre au public <b>d\u00e8s le 13\u00a0d\u00e9cembre 2025<\/b>, notamment avec \u00ab\u2009une grosse f\u00eate\u2009\u00bb le soir avec une roller party. Du 13 au 27\u00a0d\u00e9cembre, <a href=\"https:\/\/mixt.fr\/agenda\" target=\"_blank\" rel=\"noopener\">plusieurs spectacles gratuits sont propos\u00e9s au public pour d\u00e9couvrir ces lieux r\u00e9invent\u00e9s<\/a>. Salles de spectacles, restaurant et salons composent Mixt, propri\u00e9t\u00e9 du D\u00e9partement. D\u00e9couverte.<\/p>\n<p>Salle de spectacles, jardins et restaurant<\/p>\n<p class=\" wall-content\">Au c\u0153ur du quartier Saint-Donatien, le nouvel \u00e9quipement culturel est r\u00e9parti sur une surface de 7975 m\u00b2. En centre urbain, le b\u00e2timent s\u2019inscrit dans un milieu naturel avec pr\u00e8s de 10\u2009700 m\u00b2 d\u2019espaces ext\u00e9rieurs r\u00e9am\u00e9nag\u00e9s. \u00ab\u2009Mixt, c\u2019est aussi un th\u00e9\u00e2tre. Un lieu ouvert sur des arbres et des jardins\u2009\u00bb, compl\u00e8te Matthieu Poitevin, l\u2019architecte en chef du projet. Le belv\u00e9d\u00e8re\u2009;<\/p>\n<p class=\" wall-content\">Lors des trois derni\u00e8res ann\u00e9es, l\u2019am\u00e9nagement global du site a \u00e9t\u00e9 d\u00e9compos\u00e9 en sept chantiers distincts. <b>La \u00ab\u2009salle historique\u2009\u00bb<\/b>, dot\u00e9e de 850 places, a \u00e9t\u00e9 modernis\u00e9e et une nouvelle salle a \u00e9t\u00e9 construite. Cette derni\u00e8re, baptis\u00e9e Nova, est compos\u00e9e de<b> 330 si\u00e8ges r\u00e9tractables<\/b>.<\/p>\n<p class=\" wall-content\">Des studios de danse, de son et de vid\u00e9o ont \u00e9galement \u00e9t\u00e9 construits.<\/p>\n<p class=\" wall-content\">Pens\u00e9 comme un outil de r\u00e9flexion et d\u2019expression artistique, Mixt a l\u2019ambition de devenir un lieu de vie pour les habitants du quartier Saint-Donatien. En atteste la cr\u00e9ation du <a href=\"https:\/\/mixt.fr\/qui-som\" target=\"_blank\" rel=\"noopener\">restaurant Qui Som<\/a>. Ouverte du lundi au samedi, la nouvelle adresse, d\u2019une capacit\u00e9 maximale de 80 couverts, proposera une offre restauration type \u00ab\u2009cantine\u2009\u00bb le midi et une formule \u00ab\u2009tapas\u2009\u00bb le soir. \u00c0 terme, Qui Som pourra accueillir des spectacles de stand-up ou bien diffuser des rencontres sportives. Un bar mobile a aussi \u00e9t\u00e9 install\u00e9 \u00e0 proximit\u00e9.<\/p>\n<p class=\" wall-content\">Pour rappel, le co\u00fbt total de l\u2019op\u00e9ration, financ\u00e9e par le D\u00e9partement de Loire-Atlantique, est de <b>34,9\u00a0millions \u20ac<\/b> (dont une subvention de 370\u2009770\u00a0\u20ac du fonds vert de l\u2019\u00c9tat pour les am\u00e9nagements ext\u00e9rieurs).<\/p>\n<p class=\" wall-content\">Personnalisez votre actualit\u00e9 en ajoutant vos villes et m\u00e9dias en favori avec <a href=\"https:\/\/moncompte.actu.fr\" title=\"D\u00e9couvez Mon Actu\" rel=\"nofollow noopener\" data-trk=\"{&quot;cta&quot;:{&quot;action&quot;:&quot;https:\\\/\\\/moncompte.actu.fr&quot;,&quot;category&quot;:&quot;mon compte&quot;,&quot;from&quot;:&quot;article footer&quot;,&quot;name&quot;:&quot;Mon actu&quot;,&quot;type&quot;:&quot;cta&quot;}}\" target=\"_blank\">Mon Actu<\/a>.<\/p>\n","protected":false},"excerpt":{"rendered":"Par Thomas Bernard Publi\u00e9 le 13 d\u00e9c. 2025 \u00e0 7h26 \u00ab\u2009Dix ans qu\u2019on attendait \u00e7a\u2009\u00bb, sourit Catherine Blondeau,&hellip;\n","protected":false},"author":2,"featured_media":596351,"comment_status":"","ping_status":"","sticky":false,"template":"","format":"standard","meta":{"footnotes":""},"categories":[2818],"tags":[1111,11,1777,674,1011,27,1652,766,12,2636,25,853,2086],"class_list":{"0":"post-596350","1":"post","2":"type-post","3":"status-publish","4":"format-standard","5":"has-post-thumbnail","7":"category-nantes","8":"tag-actu","9":"tag-actualites","10":"tag-eu","11":"tag-europe","12":"tag-fr","13":"tag-france","14":"tag-loisirs-culture","15":"tag-nantes","16":"tag-news","17":"tag-pays-de-la-loire","18":"tag-republique-francaise","19":"tag-spectacles","20":"tag-travaux"},"share_on_mastodon":{"url":"https:\/\/pubeurope.com\/@fr\/115710870433915402","error":""},"_links":{"self":[{"href":"https:\/\/www.europesays.com\/fr\/wp-json\/wp\/v2\/posts\/596350","targetHints":{"allow":["GET"]}}],"collection":[{"href":"https:\/\/www.europesays.com\/fr\/wp-json\/wp\/v2\/posts"}],"about":[{"href":"https:\/\/www.europesays.com\/fr\/wp-json\/wp\/v2\/types\/post"}],"author":[{"embeddable":true,"href":"https:\/\/www.europesays.com\/fr\/wp-json\/wp\/v2\/users\/2"}],"replies":[{"embeddable":true,"href":"https:\/\/www.europesays.com\/fr\/wp-json\/wp\/v2\/comments?post=596350"}],"version-history":[{"count":0,"href":"https:\/\/www.europesays.com\/fr\/wp-json\/wp\/v2\/posts\/596350\/revisions"}],"wp:featuredmedia":[{"embeddable":true,"href":"https:\/\/www.europesays.com\/fr\/wp-json\/wp\/v2\/media\/596351"}],"wp:attachment":[{"href":"https:\/\/www.europesays.com\/fr\/wp-json\/wp\/v2\/media?parent=596350"}],"wp:term":[{"taxonomy":"category","embeddable":true,"href":"https:\/\/www.europesays.com\/fr\/wp-json\/wp\/v2\/categories?post=596350"},{"taxonomy":"post_tag","embeddable":true,"href":"https:\/\/www.europesays.com\/fr\/wp-json\/wp\/v2\/tags?post=596350"}],"curies":[{"name":"wp","href":"https:\/\/api.w.org\/{rel}","templated":true}]}}