{"id":596370,"date":"2025-12-13T06:49:14","date_gmt":"2025-12-13T06:49:14","guid":{"rendered":"https:\/\/www.europesays.com\/fr\/596370\/"},"modified":"2025-12-13T06:49:14","modified_gmt":"2025-12-13T06:49:14","slug":"ferme-urbaine-agrandie-jardins-promenade-a-paris-le-parc-de-la-villette-va-se-metamorphoser-en-2026","status":"publish","type":"post","link":"https:\/\/www.europesays.com\/fr\/596370\/","title":{"rendered":"Ferme urbaine agrandie, jardins, promenade&#8230; \u00c0 Paris, le parc de la Villette va se m\u00e9tamorphoser en 2026"},"content":{"rendered":"<p>                    Par<br \/>\n        <strong><br \/>\n            <a href=\"https:\/\/actu.fr\/auteur\/antoine-grotteria02\" title=\"Consulter tous les articles de Antoine Grotteria\" target=\"_blank\" rel=\"noopener\">Antoine Grotteria<\/a><br \/>\n                    <\/strong><\/p>\n<p>        Publi\u00e9 le<\/p>\n<p>            13 d\u00e9c. 2025 \u00e0 7h42        <\/p>\n<p>Sa pellet\u00e9e d\u2019<a href=\"https:\/\/actu.fr\/ile-de-france\/paris_75056\/sport-voguing-street-art-freestyle-villette-nouveau-temple-des-cultures-urbaines-ouvre-a-paris_63245129.html\" target=\"_blank\" rel=\"noopener\">\u00e9v\u00e9nements culturels<\/a> et son offre de loisirs \u00e0 destination des enfants en font un des parcs les mieux appr\u00e9ci\u00e9s des familles du nord-est de <a href=\"https:\/\/actu.fr\/paris\/\" target=\"_blank\" rel=\"noopener\">Paris<\/a>. Depuis son ouverture, en 1987, le <a href=\"https:\/\/actu.fr\/tag\/la-villette\" target=\"_blank\" rel=\"noopener\">parc de la Villette<\/a> ne cesse de faire preuve d\u2019innovation et d\u2019inventivit\u00e9. Cit\u00e9 des sciences et de l\u2019industrie, <a href=\"https:\/\/actu.fr\/ile-de-france\/paris_75056\/concert-d-un-orchestre-israelien-a-la-philharmonie-de-paris-quatre-personnes-en-garde-a-vue-apres-les-violen_63409862.html\" target=\"_blank\" rel=\"noopener\">Philharmonie<\/a>, Grande halle\u2026 Moultes concerts et expositions se d\u00e9roulent dans le <strong>plus grand espace vert de la capitale<\/strong>, \u00e9tendu sur 55 hectares. Cette liste d\u2019activit\u00e9s va bient\u00f4t s\u2019allonger, avec l\u2019ouverture d\u2019une <strong>nouvelle zone de 15\u2009000\u00a0m\u00e8tres<\/strong>.<\/p>\n<p>De l\u2019industrie \u00e0 la nature<\/p>\n<p class=\" wall-content\">Dans un communiqu\u00e9, l\u2019\u00e9tablissement public du parc et de la Grande halle de la Villette fait savoir que ce grand espace, qui se substituera aux anciennes usines de la partie ouest du parc, ouvrira le<strong> 28\u00a0mars 2026<\/strong>. Petits et grands pourront alors d\u00e9ambuler au milieu de la <strong>grande ferme urbaine<\/strong>, \u00e9largie par rapport \u00e0 celle qui r\u00e9side actuellement.<\/p>\n<p class=\" wall-content\">\u00c0 l\u2019image des autres <a href=\"https:\/\/actu.fr\/ile-de-france\/villejuif_94076\/comment-villejuif-compte-transformer-des-friches-et-des-vieilles-serres-horticoles-en-ferme-urbaine_61808325.html\" target=\"_blank\" rel=\"noopener\">fermes<\/a> d\u00e9velopp\u00e9es par la ville de Paris, cette carri\u00e8re de 1000 m\u00e8tres carr\u00e9s mettra en musique le rythme de la nature dansant avec la culture. Une cour de 450\u00a0m\u00e8tres carr\u00e9s accueillera un <strong>poulailler<\/strong> et un <strong>four \u00e0 pain<\/strong>. L\u2019architecture de la halle de Rouvray, ex-antre des m\u00e9tallurgistes et des menuisiers, sera conserv\u00e9e. Mais son usage d\u00e9tonnera avec les anciens bruits de m\u00e9tal. Des lapins seront h\u00e9berg\u00e9s au centre de la zone qui sera \u00e9galement le th\u00e9\u00e2tre d\u2019ateliers, de conf\u00e9rences et de jeux.<\/p>\n<p>    <img   decoding=\"async\" loading=\"lazy\" src=\"https:\/\/www.europesays.com\/fr\/wp-content\/uploads\/2025\/12\/la-villette-1-960x640.jpg\" alt=\"Le plan de la nouvelle zone verte du parc de la Villette. \" width=\"960\" height=\"640\"\/><br \/>\n    Le plan de la nouvelle zone verte du parc de la Villette. (\u00a9 Merci Raymond)<\/p>\n<p class=\" wall-content\">Outre la mutation de cette halle, les visiteurs auront l\u2019occasion de fl\u00e2ner sur une <strong>nouvelle promenade<\/strong> au milieu des jardins. Ainsi sera am\u00e9nag\u00e9 le champ des oiseaux. Entre les parcelles de <strong>bl\u00e9<\/strong> et un observatoire, ou une clairi\u00e8re, sera pr\u00e9sent\u00e9 un paradigme d\u2019une riche <strong>biodiversit\u00e9<\/strong>, mais sujette \u00e0 une vuln\u00e9rabilit\u00e9 accrue par le <a href=\"https:\/\/actu.fr\/climat\" target=\"_blank\" rel=\"noopener\">r\u00e9chauffement climatique<\/a> r\u00e9sultant de l\u2019activit\u00e9 humaine.<\/p>\n<p class=\" wall-content\">Personnalisez votre actualit\u00e9 en ajoutant vos villes et m\u00e9dias en favori avec <a href=\"https:\/\/moncompte.actu.fr\" title=\"D\u00e9couvez Mon Actu\" rel=\"nofollow noopener\" data-trk=\"{&quot;cta&quot;:{&quot;action&quot;:&quot;https:\\\/\\\/moncompte.actu.fr&quot;,&quot;category&quot;:&quot;mon compte&quot;,&quot;from&quot;:&quot;article footer&quot;,&quot;name&quot;:&quot;Mon actu&quot;,&quot;type&quot;:&quot;cta&quot;}}\" target=\"_blank\">Mon Actu<\/a>.<\/p>\n","protected":false},"excerpt":{"rendered":"Par Antoine Grotteria Publi\u00e9 le 13 d\u00e9c. 2025 \u00e0 7h42 Sa pellet\u00e9e d\u2019\u00e9v\u00e9nements culturels et son offre de&hellip;\n","protected":false},"author":2,"featured_media":596371,"comment_status":"","ping_status":"","sticky":false,"template":"","format":"standard","meta":{"footnotes":""},"categories":[1888],"tags":[1111,1928,11,1927,436,1777,674,1011,27,5281,12,1926,626,1925,25,104],"class_list":{"0":"post-596370","1":"post","2":"type-post","3":"status-publish","4":"format-standard","5":"has-post-thumbnail","7":"category-paris","8":"tag-actu","9":"tag-actu-paris","10":"tag-actualites","11":"tag-actualites-paris","12":"tag-environnement","13":"tag-eu","14":"tag-europe","15":"tag-fr","16":"tag-france","17":"tag-la-villette","18":"tag-news","19":"tag-news-paris","20":"tag-paris","21":"tag-paris-news","22":"tag-republique-francaise","23":"tag-societe"},"share_on_mastodon":{"url":"https:\/\/pubeurope.com\/@fr\/115710930411811026","error":""},"_links":{"self":[{"href":"https:\/\/www.europesays.com\/fr\/wp-json\/wp\/v2\/posts\/596370","targetHints":{"allow":["GET"]}}],"collection":[{"href":"https:\/\/www.europesays.com\/fr\/wp-json\/wp\/v2\/posts"}],"about":[{"href":"https:\/\/www.europesays.com\/fr\/wp-json\/wp\/v2\/types\/post"}],"author":[{"embeddable":true,"href":"https:\/\/www.europesays.com\/fr\/wp-json\/wp\/v2\/users\/2"}],"replies":[{"embeddable":true,"href":"https:\/\/www.europesays.com\/fr\/wp-json\/wp\/v2\/comments?post=596370"}],"version-history":[{"count":0,"href":"https:\/\/www.europesays.com\/fr\/wp-json\/wp\/v2\/posts\/596370\/revisions"}],"wp:featuredmedia":[{"embeddable":true,"href":"https:\/\/www.europesays.com\/fr\/wp-json\/wp\/v2\/media\/596371"}],"wp:attachment":[{"href":"https:\/\/www.europesays.com\/fr\/wp-json\/wp\/v2\/media?parent=596370"}],"wp:term":[{"taxonomy":"category","embeddable":true,"href":"https:\/\/www.europesays.com\/fr\/wp-json\/wp\/v2\/categories?post=596370"},{"taxonomy":"post_tag","embeddable":true,"href":"https:\/\/www.europesays.com\/fr\/wp-json\/wp\/v2\/tags?post=596370"}],"curies":[{"name":"wp","href":"https:\/\/api.w.org\/{rel}","templated":true}]}}