{"id":596380,"date":"2025-12-13T06:54:18","date_gmt":"2025-12-13T06:54:18","guid":{"rendered":"https:\/\/www.europesays.com\/fr\/596380\/"},"modified":"2025-12-13T06:54:18","modified_gmt":"2025-12-13T06:54:18","slug":"guerre-en-ukraine-donald-trump-envoie-son-emissaire-steve-witkoff-rencontrer-volodymyr-zelensky","status":"publish","type":"post","link":"https:\/\/www.europesays.com\/fr\/596380\/","title":{"rendered":"Guerre en Ukraine. Donald Trump envoie son \u00e9missaire Steve Witkoff rencontrer Volodymyr Zelensky"},"content":{"rendered":"<p><a href=\"https:\/\/www.ledauphine.com\/p\/donald-trump\" target=\"_blank\" rel=\"noopener\">Donald Trump<\/a> envoie son \u00e9missaire Steve Witkoff \u00e0 Berlin ce week-end pour rencontrer <a href=\"https:\/\/www.ledauphine.com\/p\/volodymyr-zelensky\" target=\"_blank\" rel=\"noopener\">Volodymyr Zelensky<\/a> et des dirigeants europ\u00e9ens, au moment o\u00f9 les \u00c9tats-Unis poussent l&rsquo;Ukraine \u00e0 des concessions majeures pour mettre fin \u00e0 la guerre avec la Russie. Le pr\u00e9sident am\u00e9ricain a clairement affich\u00e9 son impatience concernant l&rsquo;avanc\u00e9e des discussions autour de son plan qui vise \u00e0 r\u00e9gler le conflit d\u00e9clench\u00e9 par l&rsquo;invasion russe \u00e0 grande \u00e9chelle de f\u00e9vrier 2022 et ayant fait des centaines de milliers de morts et de bless\u00e9s.<\/p>\n<p>Alors que Kiev et les alli\u00e9s cherchent \u00e0 amender ce document jug\u00e9 initialement tr\u00e8s favorable \u00e0 Moscou, un haut responsable de la Maison Blanche a confirm\u00e9 vendredi soir le d\u00e9placement de Steve Witkoff en Allemagne, rapport\u00e9 pr\u00e9c\u00e9demment par le Wall Street Journal.<\/p>\n<p>Le pr\u00e9sident ukrainien avait d\u00e9j\u00e0 pr\u00e9vu de se rendre lundi dans la capitale allemande pour rencontrer ses alli\u00e9s europ\u00e9ens, dans le cadre de l&rsquo;intense ballet diplomatique engag\u00e9 autour du plan am\u00e9ricain d\u00e9voil\u00e9 il y a pr\u00e8s d&rsquo;un mois. Les n\u00e9gociateurs bloquent en particulier sur <a href=\"https:\/\/www.ledauphine.com\/defense-guerre-conflit\/2025\/12\/11\/volodymyr-zelensky-dit-qu-il-faudra-une-election-ou-un-referendum-sur-la-question-des-territoires-de-l-est\" target=\"_blank\" rel=\"noopener\">les questions territoriales<\/a>, les \u00c9tats-Unis r\u00e9clamant, d\u00e9plore Kiev, d&rsquo;importantes concessions.<\/p>\n<p>Adh\u00e9sion \u00e0 l&rsquo;UE<\/p>\n<p>Selon Volodymyr Zelensky, Washington veut que les forces ukrainiennes se retirent de la partie de la r\u00e9gion de Donetsk (est de l&rsquo;Ukraine) qu&rsquo;elles contr\u00f4lent encore et qui est cens\u00e9e devenir une \u00ab zone \u00e9conomique libre \u00bb d\u00e9militaris\u00e9e, sans demander la m\u00eame chose aux troupes d&rsquo;occupation. En \u00e9change, l&rsquo;arm\u00e9e russe se retirerait de toutes petites zones conquises par elle dans les r\u00e9gions de Soumy, Kharkiv et Dnipropetrovsk (nord, nord-est et centre-est) mais conserverait des territoires plus larges dans celles de Kherson et de Zaporijjia (sud).<\/p>\n<p>Avant toute n\u00e9gociation territoriale, les Europ\u00e9ens et Ukrainiens ont demand\u00e9 aux Am\u00e9ricains des \u00ab garanties de s\u00e9curit\u00e9 \u00bb qui seraient pr\u00e9vues en cas de nouvelle offensive russe, a d\u00e9clar\u00e9 la pr\u00e9sidence fran\u00e7aise vendredi. Un haut responsable a pour sa part dit <a href=\"https:\/\/www.ledauphine.com\/defense-guerre-conflit\/2025\/12\/12\/une-adhesion-de-kiev-a-l-ue-des-2027-est-envisagee-dans-le-plan-de-paix-americain\" target=\"_blank\" rel=\"noopener\">qu&rsquo;une adh\u00e9sion de l&rsquo;Ukraine \u00e0 l&rsquo;Union europ\u00e9enne d\u00e8s 2027 \u00e9tait envisag\u00e9e<\/a> dans le plan am\u00e9ricain. \u00ab C&rsquo;est stipul\u00e9 mais c&rsquo;est un sujet de n\u00e9gociation et les Am\u00e9ricains y sont favorables. \u00bb Une telle adh\u00e9sion, en \u00e0 peine plus d&rsquo;un an, semble cependant peu probable du fait de la possible opposition, entre autres, d&rsquo;\u00c9tats membres de l&rsquo;UE aux relations tendues avec l&rsquo;Ukraine, comme la Hongrie.<\/p>\n<p>Le temps presse pour Donald Trump, qui vise le prix Nobel de la paix et dont la porte-parole a fait savoir jeudi qu&rsquo;\u00ab il en a assez des r\u00e9unions qui n&rsquo;ont d&rsquo;autre but que de se r\u00e9unir \u00bb. Ces efforts am\u00e9ricains interviennent \u00e0 un moment difficile pour l&rsquo;Ukraine\u00a0: la pr\u00e9sidence a \u00e9t\u00e9 d\u00e9stabilis\u00e9e par un vaste scandale de corruption impliquant des proches de Volodymyr Zelensky, l&rsquo;arm\u00e9e est en recul sur le front et la population est soumise \u00e0 des coupures de courant \u00e0 cause des frappes russes.<\/p>\n<p>Navire en feu<\/p>\n<p>L&rsquo;arm\u00e9e ukrainienne a cependant affirm\u00e9 avoir repris aux Russes plusieurs quartiers de la ville cl\u00e9 de Koupiansk, dans la r\u00e9gion de Kharkiv, ainsi que deux localit\u00e9s proches. Dans le sud, <a href=\"https:\/\/www.ledauphine.com\/defense-guerre-conflit\/2025\/12\/12\/un-navire-de-transport-turc-endommage-en-ukraine-par-une-frappe-russe\" target=\"_blank\" rel=\"noopener\">un navire turc a \u00e9t\u00e9 endommag\u00e9<\/a> vendredi par une frappe a\u00e9rienne russe dans le port de Tchornomorsk, pr\u00e8s d&rsquo;Odessa. Des images diffus\u00e9es sur les r\u00e9seaux sociaux montrent ce b\u00e2timent bleu et blanc en feu.<\/p>\n<p>Le propri\u00e9taire de ce bateau, l&rsquo;armateur turc Cenk Shipping, a expliqu\u00e9 dans un communiqu\u00e9 que le M\/V CENK T, \u00ab qui transporte des camions enti\u00e8rement charg\u00e9s de fruits frais, de l\u00e9gumes et de denr\u00e9es alimentaires sur la route Karasu\u2013Odessa \u00bb, avait \u00e9t\u00e9 \u00ab victime d&rsquo;une attaque a\u00e9rienne \u00bb.<\/p>\n<p>La Turquie a r\u00e9agi en r\u00e9it\u00e9rant sa demande d&rsquo;une \u00ab suspension \u00bb des frappes ciblant les infrastructures \u00e9nerg\u00e9tiques et portuaires. Ankara a mis en garde ces derni\u00e8res semaines contre une \u00ab escalade inqui\u00e9tante \u00bb en mer Noire, apr\u00e8s que l&rsquo;Ukraine a revendiqu\u00e9 des attaques de drones navals contre des p\u00e9troliers li\u00e9s selon elle \u00e0 la Russie dans la r\u00e9gion.<\/p>\n<p>L&rsquo;Ukraine r\u00e9plique aux bombardements russes en envoyant des dizaines de drones quotidiennement vers la Russie, visant en particulier l&rsquo;industrie p\u00e9troli\u00e8re qui permet \u00e0 Moscou de financer la guerre. Dans la r\u00e9gion russe de Saratov, sur la Volga, \u00e0 plusieurs centaines de kilom\u00e8tres de la fronti\u00e8re ukrainienne, une attaque de drone \u00e0 fait un mort dans la nuit de vendredi \u00e0 samedi, a annonc\u00e9 le gouverneur r\u00e9gional Roman Boussarguine.<\/p>\n","protected":false},"excerpt":{"rendered":"Donald Trump envoie son \u00e9missaire Steve Witkoff \u00e0 Berlin ce week-end pour rencontrer Volodymyr Zelensky et des dirigeants&hellip;\n","protected":false},"author":2,"featured_media":596381,"comment_status":"","ping_status":"","sticky":false,"template":"","format":"standard","meta":{"footnotes":""},"categories":[1590],"tags":[11,3206,1777,674,107,329,12,220],"class_list":{"0":"post-596380","1":"post","2":"type-post","3":"status-publish","4":"format-standard","5":"has-post-thumbnail","7":"category-ukraine","8":"tag-actualites","9":"tag-defense-guerre-conflit","10":"tag-eu","11":"tag-europe","12":"tag-fil-info","13":"tag-france-monde","14":"tag-news","15":"tag-ukraine"},"share_on_mastodon":{"url":"https:\/\/pubeurope.com\/@fr\/115710949070440411","error":""},"_links":{"self":[{"href":"https:\/\/www.europesays.com\/fr\/wp-json\/wp\/v2\/posts\/596380","targetHints":{"allow":["GET"]}}],"collection":[{"href":"https:\/\/www.europesays.com\/fr\/wp-json\/wp\/v2\/posts"}],"about":[{"href":"https:\/\/www.europesays.com\/fr\/wp-json\/wp\/v2\/types\/post"}],"author":[{"embeddable":true,"href":"https:\/\/www.europesays.com\/fr\/wp-json\/wp\/v2\/users\/2"}],"replies":[{"embeddable":true,"href":"https:\/\/www.europesays.com\/fr\/wp-json\/wp\/v2\/comments?post=596380"}],"version-history":[{"count":0,"href":"https:\/\/www.europesays.com\/fr\/wp-json\/wp\/v2\/posts\/596380\/revisions"}],"wp:featuredmedia":[{"embeddable":true,"href":"https:\/\/www.europesays.com\/fr\/wp-json\/wp\/v2\/media\/596381"}],"wp:attachment":[{"href":"https:\/\/www.europesays.com\/fr\/wp-json\/wp\/v2\/media?parent=596380"}],"wp:term":[{"taxonomy":"category","embeddable":true,"href":"https:\/\/www.europesays.com\/fr\/wp-json\/wp\/v2\/categories?post=596380"},{"taxonomy":"post_tag","embeddable":true,"href":"https:\/\/www.europesays.com\/fr\/wp-json\/wp\/v2\/tags?post=596380"}],"curies":[{"name":"wp","href":"https:\/\/api.w.org\/{rel}","templated":true}]}}