{"id":596411,"date":"2025-12-13T07:14:14","date_gmt":"2025-12-13T07:14:14","guid":{"rendered":"https:\/\/www.europesays.com\/fr\/596411\/"},"modified":"2025-12-13T07:14:14","modified_gmt":"2025-12-13T07:14:14","slug":"cette-illustratrice-yssingelaise-a-tourne-pour-m6","status":"publish","type":"post","link":"https:\/\/www.europesays.com\/fr\/596411\/","title":{"rendered":"cette illustratrice yssingelaise a tourn\u00e9 pour M6"},"content":{"rendered":"<p>Un simple appel d\u2019un num\u00e9ro inconnu, un mercredi apr\u00e8s-midi. \u00ab\u00a0Sauf qu\u2019au bout du fil, c\u2019est une \u00e9quipe de la cha\u00eene M6. Et que, quinze\u00a0jours plus tard, je me retrouve face \u00e0 deux cam\u00e9ras, un micro accroch\u00e9 \u00e0 la salopette.\u00a0\u00bb<\/p>\n<p>Cassandre Gallois a lanc\u00e9, il y a un an, son activit\u00e9 d\u2019illustratrice \u00e0 l\u2019aquarelle. Des ateliers de peinture, elle a l\u2019habitude d\u2019en organiser\u00a0: pour des adultes ou des enfants en cours du soir, ou encore des groupes de copines dans des caf\u00e9s.<\/p>\n<p>  \u00ab\u00a0Je n\u2019ai pas eu le temps d\u2019angoisser\u00a0\u00bb<\/p>\n<p>\u00ab\u00a0Mais un atelier pour la t\u00e9l\u00e9, forc\u00e9ment, jamais\u00a0! Si on m\u2019avait dit \u00e7a il y a un an, quand j\u2019ai cr\u00e9\u00e9 ma page Facebook  sur un coup de t\u00eate pour vendre mes illustrations\u2026 Je ne l\u2019aurais pas cru.\u00a0\u00bb<\/p>\n<p>Peut-\u00eatre encore moins si on lui avait dit qu\u2019il s\u2019agirait d\u2019appara\u00eetre dans <a href=\"https:\/\/www.leprogres.fr\/societe\/2025\/11\/18\/l-emission-super-nanny-en-tournage-dans-une-famille-d-yssingeaux\" target=\"_blank\" rel=\"noopener\">l\u2019\u00e9mission Super Nanny, en tournage du 13 au 19\u00a0novembre dernier dans la Cit\u00e9 des cinq coqs<\/a>.<\/p>\n<p>\u00ab\u00a0Je connaissais l\u2019ancienne version du programme, qu\u2019il m\u2019est arriv\u00e9 de regarder. Mais celle-ci pas du tout. C\u2019est assez fou de pouvoir se dire que j\u2019ai fait de l\u2019aquarelle avec Super Nanny en personne\u00a0\u00bb, sourit l\u2019Yssingelaise, qui a d\u00fb penser, au pied lev\u00e9, une activit\u00e9 \u00e0 r\u00e9aliser avec la famille cast\u00e9e pour le tournage, et sa c\u00e9l\u00e8bre gouvernante, Sylvie Jenaly.<\/p>\n<p>\u00ab\u00a0On m\u2019a demand\u00e9 quelque chose de sur-mesure, sur le th\u00e8me de la famille et des liens fraternels. J\u2019ai assez naturellement pens\u00e9 \u00e0 faire du line art, c\u2019est-\u00e0-dire un dessin r\u00e9alis\u00e9 en un seul trait, que chacun va prendre le temps de peindre pour obtenir une fresque commune \u00e0 la fin.\u00a0\u00bb<\/p>\n<p>L\u2019id\u00e9e a tout de suite s\u00e9duit l\u2019\u00e9quipe de tournage. \u00ab\u00a0\u00c7a a coll\u00e9 avec ce qu\u2019ils attendaient de l\u2019atelier. Deux semaines plus tard, j\u2019\u00e9tais en tournage.\u00a0\u00bb<\/p>\n<p>  \u00ab\u00a0Je me suis dit\u00a0: \u00ab\u00a0profite, \u00e7a n\u2019arrivera qu\u2019une fois dans ta vie\u00a0\u00bb \u00bb<\/p>\n<p>Un moment qui aurait pu \u00eatre stressant pour l\u2019illustratrice. \u00ab\u00a0Mais, en fait, je n\u2019ai pas vraiment eu le temps d\u2019angoisser. Le tournage a dur\u00e9 1\u00a0h\u00a015. C\u2019est une grosse machine que j\u2019ai prise en plein vol, entre les cam\u00e9ramans, le technicien son, l\u2019\u00e9quipe de prod au sous-sol\u2026 Et puis, je me suis dit\u00a0: \u00ab\u00a0Profite, \u00e7a n\u2019arrivera qu\u2019une fois dans ta vie\u00a0\u00bb.\u00a0\u00bb<\/p>\n<p>Ce contenu est bloqu\u00e9 car vous n&rsquo;avez pas accept\u00e9 les cookies et autres traceurs.<\/p>\n<p>En cliquant sur \u00ab J\u2019accepte \u00bb, les cookies et autres traceurs seront d\u00e9pos\u00e9s et vous pourrez visualiser les contenus  (<a href=\"\" class=\"consentModule_policy\" target=\"_blank\" title=\"Consulter la politique de protection des donn\u00e9es du fournisseur\">plus d&rsquo;informations<\/a>).<\/p>\n<p>En cliquant sur \u00ab J\u2019accepte tous les cookies \u00bb, vous autorisez des d\u00e9p\u00f4ts de cookies et autres traceurs pour le stockage de vos donn\u00e9es sur nos sites et applications \u00e0 des fins de personnalisation et de ciblage publicitaire.<\/p>\n<p class=\"consentModule_secondaryText\">Vous gardez la possibilit\u00e9 de retirer votre consentement \u00e0 tout moment en consultant notre <a href=\"https:\/\/www.leprogres.fr\/protection-des-donnees\" target=\"_blank\" title=\"Consulter notre politique de protection des donn\u00e9es\" rel=\"noopener\">politique de protection des donn\u00e9es<\/a>. <br \/>&#13;<br \/>\n            <a href=\"https:\/\/www.leprogres.fr\/societe\/2025\/12\/13\/javascript:Didomi.notice.show()\" class=\"consentModule_cmp\" target=\"_blank\" rel=\"noopener\">G\u00e9rer mes choix<\/a>&#13;\n        <\/p>\n<p>&#13;<br \/>\n                        J&rsquo;accepte&#13;<br \/>\n            J&rsquo;accepte tous les cookies&#13;\n        <\/p>\n<p>Cassandre Gallois confie m\u00eame avoir pass\u00e9 \u00ab\u00a0un super moment. Je suis habitu\u00e9e \u00e0 encadrer des enfants en lien avec mon activit\u00e9, et c\u2019est quelque chose que j\u2019aime beaucoup. Ils ont une na\u00efvet\u00e9, une propension \u00e0 revenir \u00e0 l\u2019essentiel. L\u00e0 o\u00f9 nous, adultes, avons emmagasin\u00e9 beaucoup de croyances, de peur de mal faire au cours de notre vie, eux sont plus libres.\u00a0Le r\u00e9sultat est toujours tr\u00e8s int\u00e9ressant.\u00a0\u00bb<\/p>\n<p>On n\u2019en saura pas plus, y compris sur la date exacte de diffusion de l\u2019\u00e9mission\u2026 Si ce n\u2019est qu\u2019il faudra s\u00fbrement patienter jusqu\u2019en 2026 pour apercevoir Cassandre Gallois et la famille yssingelaise aid\u00e9e par Super Nanny sur nos \u00e9crans.<\/p>\n","protected":false},"excerpt":{"rendered":"Un simple appel d\u2019un num\u00e9ro inconnu, un mercredi apr\u00e8s-midi. \u00ab\u00a0Sauf qu\u2019au bout du fil, c\u2019est une \u00e9quipe de&hellip;\n","protected":false},"author":2,"featured_media":596412,"comment_status":"","ping_status":"","sticky":false,"template":"","format":"standard","meta":{"footnotes":""},"categories":[1358],"tags":[1348,1384,1385,1386,58,10446,59,107,1011,27,4002,20408,104,2205,15751,25394],"class_list":{"0":"post-596411","1":"post","2":"type-post","3":"status-publish","4":"format-standard","5":"has-post-thumbnail","7":"category-arts-et-design","8":"tag-arts","9":"tag-arts-and-design","10":"tag-arts-et-design","11":"tag-design","12":"tag-divertissement","13":"tag-edition-haute-loire","14":"tag-entertainment","15":"tag-fil-info","16":"tag-fr","17":"tag-france","18":"tag-haute-loire","19":"tag-selection-de-la-redaction-43","20":"tag-societe","21":"tag-television-medias","22":"tag-yssingeaux","23":"tag-yssingeaux-ville"},"share_on_mastodon":{"url":"https:\/\/pubeurope.com\/@fr\/115711027636745950","error":""},"_links":{"self":[{"href":"https:\/\/www.europesays.com\/fr\/wp-json\/wp\/v2\/posts\/596411","targetHints":{"allow":["GET"]}}],"collection":[{"href":"https:\/\/www.europesays.com\/fr\/wp-json\/wp\/v2\/posts"}],"about":[{"href":"https:\/\/www.europesays.com\/fr\/wp-json\/wp\/v2\/types\/post"}],"author":[{"embeddable":true,"href":"https:\/\/www.europesays.com\/fr\/wp-json\/wp\/v2\/users\/2"}],"replies":[{"embeddable":true,"href":"https:\/\/www.europesays.com\/fr\/wp-json\/wp\/v2\/comments?post=596411"}],"version-history":[{"count":0,"href":"https:\/\/www.europesays.com\/fr\/wp-json\/wp\/v2\/posts\/596411\/revisions"}],"wp:featuredmedia":[{"embeddable":true,"href":"https:\/\/www.europesays.com\/fr\/wp-json\/wp\/v2\/media\/596412"}],"wp:attachment":[{"href":"https:\/\/www.europesays.com\/fr\/wp-json\/wp\/v2\/media?parent=596411"}],"wp:term":[{"taxonomy":"category","embeddable":true,"href":"https:\/\/www.europesays.com\/fr\/wp-json\/wp\/v2\/categories?post=596411"},{"taxonomy":"post_tag","embeddable":true,"href":"https:\/\/www.europesays.com\/fr\/wp-json\/wp\/v2\/tags?post=596411"}],"curies":[{"name":"wp","href":"https:\/\/api.w.org\/{rel}","templated":true}]}}