{"id":596413,"date":"2025-12-13T07:16:25","date_gmt":"2025-12-13T07:16:25","guid":{"rendered":"https:\/\/www.europesays.com\/fr\/596413\/"},"modified":"2025-12-13T07:16:25","modified_gmt":"2025-12-13T07:16:25","slug":"les-adieux-emouvants-de-mercotte-dans-lemission-le-meilleur-patissier","status":"publish","type":"post","link":"https:\/\/www.europesays.com\/fr\/596413\/","title":{"rendered":"les adieux \u00e9mouvants de Mercotte dans l&rsquo;\u00e9mission\u00a0Le meilleur p\u00e2tissier"},"content":{"rendered":"<p>Une page s\u2019est tourn\u00e9e pour l&rsquo;\u00e9mission\u00a0Le meilleur p\u00e2tissier. Et pas des moindres puisque ce jeudi 11 d\u00e9cembre, les t\u00e9l\u00e9spectateurs et les membres du jury du programme culinaire de M6 ont dit au revoir \u00e0 <a href=\"https:\/\/www.ledauphine.com\/p\/mercotte\" target=\"_blank\" rel=\"noopener\">Mercotte<\/a>.<\/p>\n<p>Cela faisait 14 ans que la Savoyarde de 83 ans officiait en tant que jur\u00e9e. Elle avait annonc\u00e9 en ao\u00fbt dernier qu\u2019elle <a href=\"https:\/\/www.ledauphine.com\/culture-loisirs\/2025\/08\/19\/j-ai-decide-d-arreter-par-decence-mercotte-et-le-meilleur-patissier-c-est-fini\" target=\"_blank\" rel=\"noopener\">quittait le programme<\/a>. \u00ab\u00a0Je pense qu\u2019il faut savoir s\u2019arr\u00eater \u00e0 temps, expliquait \u00e0 l\u2019\u00e9poque la native d\u2019Aix-les-Bains dans les colonnes de TV Magazine. Vu mon \u00e2ge avanc\u00e9, je pense que c\u2019est une question d\u2019\u00e9thique. J\u2019ai d\u00e9cid\u00e9 d\u2019arr\u00eater par d\u00e9cence, on va dire.\u00a0\u00bb<\/p>\n<p>La nouvelle n\u2019avait pas manqu\u00e9 d\u2019\u00e9mouvoir les fid\u00e8les de l\u2019\u00e9mission\u2026 mais aussi les autres jur\u00e9s, dont <a href=\"https:\/\/www.ledauphine.com\/p\/cyril-lignac\" target=\"_blank\" rel=\"noopener\">Cyril Lignac<\/a>\u00a0:\u00a0\u00ab\u00a0Je ne m\u2019y attendais pas, racontait le cuisinier. Parfois Mercotte parlait d\u2019arr\u00eater mais l\u00e0, j\u2019ai senti dans sa voix que sa d\u00e9cision \u00e9tait prise.\u00a0\u00bb<\/p>\n<p>  \u00ab\u00a0Tu vas manquer \u00e0 \u00e9norm\u00e9ment de monde\u00a0\u00bb<\/p>\n<p>C&rsquo;\u00e9tait donc \u00e0 l&rsquo;occasion de la finale de la <a href=\"https:\/\/www.ledauphine.com\/societe\/2025\/09\/10\/le-meilleur-patissier-sur-m6-ce-que-vous-reserve-la-saison-14-la-derniere-de-mercotte\" target=\"_blank\" rel=\"noopener\">14e saison<\/a> que l&rsquo;\u00e9mission lui a rendu hommage. \u00ab\u00a0Tu vas manquer \u00e0 \u00e9norm\u00e9ment de monde\u00a0\u00bb a lanc\u00e9 l&rsquo;animatrice La\u00ebtitia Milot avant de lui r\u00e9v\u00e9ler la surprise que lui avait pr\u00e9par\u00e9e la production.<\/p>\n<p>Plusieurs des plus c\u00e9l\u00e8bres chefs p\u00e2tissiers de\u00a0France comme <a href=\"https:\/\/www.ledauphine.com\/p\/pierre-herme\" target=\"_blank\" rel=\"noopener\">Pierre Herm\u00e9<\/a>, Nina M\u00e9tayer, No\u00ebmie Honiat ou encore Christophe Michalak, ont en effet fait le d\u00e9placement pour applaudir Mercotte.\u00a0 \u00ab\u00a0Au nom de tous mes coll\u00e8gues, et confr\u00e8res p\u00e2tissiers et cuisiniers, on t&rsquo;aime\u00a0\u00bb, a d\u00e9clar\u00e9 Pierre Herm\u00e9. \u00ab\u00a0Je suis sinc\u00e8rement tr\u00e8s touch\u00e9e, a r\u00e9agi la d\u00e9sormais ex-jur\u00e9e de l&rsquo;\u00e9mission. Je me suis beaucoup amus\u00e9e, j&rsquo;ai v\u00e9cu des moments inoubliables. Et je pars joyeusement, et le coeur l\u00e9ger. Et vive la p\u00e2tisserie ! \u00bb\u00a0 Mais la surprise ne s&rsquo;est pas arr\u00eat\u00e9e l\u00e0&#8230;<\/p>\n<p>Ce contenu est bloqu\u00e9 car vous n&rsquo;avez pas accept\u00e9 les cookies et autres traceurs.<\/p>\n<p>En cliquant sur \u00ab J\u2019accepte \u00bb, les cookies et autres traceurs seront d\u00e9pos\u00e9s et vous pourrez visualiser les contenus  (<a href=\"\" class=\"consentModule_policy\" target=\"_blank\" title=\"Consulter la politique de protection des donn\u00e9es du fournisseur\">plus d&rsquo;informations<\/a>).<\/p>\n<p>En cliquant sur \u00ab J\u2019accepte tous les cookies \u00bb, vous autorisez des d\u00e9p\u00f4ts de cookies et autres traceurs pour le stockage de vos donn\u00e9es sur nos sites et applications \u00e0 des fins de personnalisation et de ciblage publicitaire.<\/p>\n<p class=\"consentModule_secondaryText\">Vous gardez la possibilit\u00e9 de retirer votre consentement \u00e0 tout moment en consultant notre <a href=\"https:\/\/www.ledauphine.com\/protection-des-donnees\" target=\"_blank\" title=\"Consulter notre politique de protection des donn\u00e9es\" rel=\"noopener\">politique de protection des donn\u00e9es<\/a>. <br \/>&#13;<br \/>\n            <a href=\"https:\/\/www.ledauphine.com\/culture-loisirs\/2025\/12\/13\/javascript:Didomi.notice.show()\" class=\"consentModule_cmp\" target=\"_blank\" rel=\"noopener\">G\u00e9rer mes choix<\/a>&#13;\n        <\/p>\n<p>&#13;<br \/>\n                        J&rsquo;accepte&#13;<br \/>\n            J&rsquo;accepte tous les cookies&#13;\n        <\/p>\n<p>  \u00ab\u00a0On est tr\u00e8s fiers de toi\u00a0\u00bb<\/p>\n<p>Car\u00a0toute\u00a0la famille de la Savoyarde s&rsquo;est aussi d\u00e9plac\u00e9e pour lui remettre un bouquet de fleurs et lui adresser quelques mots\u00a0: \u00ab\u00a0On est tr\u00e8s fiers de toi, de ces quatorze saisons, et surtout de ton dynamisme, de ton \u00e9nergie. Et \u00e7a prouve que tout est possible \u00e0 tout \u00e2ge, et c&rsquo;est un bel encouragement pour nous et pour plein de gens.\u00a0\u00bb Une s\u00e9quence charg\u00e9e en \u00e9motions qui a touch\u00e9 Mercotte, mais aussi les t\u00e9l\u00e9spectateurs.<\/p>\n<p>Ce contenu est bloqu\u00e9 car vous n&rsquo;avez pas accept\u00e9 les cookies et autres traceurs.<\/p>\n<p>En cliquant sur \u00ab J\u2019accepte \u00bb, les cookies et autres traceurs seront d\u00e9pos\u00e9s et vous pourrez visualiser les contenus  (<a href=\"\" class=\"consentModule_policy\" target=\"_blank\" title=\"Consulter la politique de protection des donn\u00e9es du fournisseur\">plus d&rsquo;informations<\/a>).<\/p>\n<p>En cliquant sur \u00ab J\u2019accepte tous les cookies \u00bb, vous autorisez des d\u00e9p\u00f4ts de cookies et autres traceurs pour le stockage de vos donn\u00e9es sur nos sites et applications \u00e0 des fins de personnalisation et de ciblage publicitaire.<\/p>\n<p class=\"consentModule_secondaryText\">Vous gardez la possibilit\u00e9 de retirer votre consentement \u00e0 tout moment en consultant notre <a href=\"https:\/\/www.ledauphine.com\/protection-des-donnees\" target=\"_blank\" title=\"Consulter notre politique de protection des donn\u00e9es\" rel=\"noopener\">politique de protection des donn\u00e9es<\/a>. <br \/>&#13;<br \/>\n            <a href=\"https:\/\/www.ledauphine.com\/culture-loisirs\/2025\/12\/13\/javascript:Didomi.notice.show()\" class=\"consentModule_cmp\" target=\"_blank\" rel=\"noopener\">G\u00e9rer mes choix<\/a>&#13;\n        <\/p>\n<p>&#13;<br \/>\n                        J&rsquo;accepte&#13;<br \/>\n            J&rsquo;accepte tous les cookies&#13;\n        <\/p>\n<p>Ce contenu est bloqu\u00e9 car vous n&rsquo;avez pas accept\u00e9 les cookies et autres traceurs.<\/p>\n<p>En cliquant sur \u00ab J\u2019accepte \u00bb, les cookies et autres traceurs seront d\u00e9pos\u00e9s et vous pourrez visualiser les contenus  (<a href=\"\" class=\"consentModule_policy\" target=\"_blank\" title=\"Consulter la politique de protection des donn\u00e9es du fournisseur\">plus d&rsquo;informations<\/a>).<\/p>\n<p>En cliquant sur \u00ab J\u2019accepte tous les cookies \u00bb, vous autorisez des d\u00e9p\u00f4ts de cookies et autres traceurs pour le stockage de vos donn\u00e9es sur nos sites et applications \u00e0 des fins de personnalisation et de ciblage publicitaire.<\/p>\n<p class=\"consentModule_secondaryText\">Vous gardez la possibilit\u00e9 de retirer votre consentement \u00e0 tout moment en consultant notre <a href=\"https:\/\/www.ledauphine.com\/protection-des-donnees\" target=\"_blank\" title=\"Consulter notre politique de protection des donn\u00e9es\" rel=\"noopener\">politique de protection des donn\u00e9es<\/a>. <br \/>&#13;<br \/>\n            <a href=\"https:\/\/www.ledauphine.com\/culture-loisirs\/2025\/12\/13\/javascript:Didomi.notice.show()\" class=\"consentModule_cmp\" target=\"_blank\" rel=\"noopener\">G\u00e9rer mes choix<\/a>&#13;\n        <\/p>\n<p>&#13;<br \/>\n                        J&rsquo;accepte&#13;<br \/>\n            J&rsquo;accepte tous les cookies&#13;\n        <\/p>\n<p>Ce contenu est bloqu\u00e9 car vous n&rsquo;avez pas accept\u00e9 les cookies et autres traceurs.<\/p>\n<p>En cliquant sur \u00ab J\u2019accepte \u00bb, les cookies et autres traceurs seront d\u00e9pos\u00e9s et vous pourrez visualiser les contenus  (<a href=\"\" class=\"consentModule_policy\" target=\"_blank\" title=\"Consulter la politique de protection des donn\u00e9es du fournisseur\">plus d&rsquo;informations<\/a>).<\/p>\n<p>En cliquant sur \u00ab J\u2019accepte tous les cookies \u00bb, vous autorisez des d\u00e9p\u00f4ts de cookies et autres traceurs pour le stockage de vos donn\u00e9es sur nos sites et applications \u00e0 des fins de personnalisation et de ciblage publicitaire.<\/p>\n<p class=\"consentModule_secondaryText\">Vous gardez la possibilit\u00e9 de retirer votre consentement \u00e0 tout moment en consultant notre <a href=\"https:\/\/www.ledauphine.com\/protection-des-donnees\" target=\"_blank\" title=\"Consulter notre politique de protection des donn\u00e9es\" rel=\"noopener\">politique de protection des donn\u00e9es<\/a>. <br \/>&#13;<br \/>\n            <a href=\"https:\/\/www.ledauphine.com\/culture-loisirs\/2025\/12\/13\/javascript:Didomi.notice.show()\" class=\"consentModule_cmp\" target=\"_blank\" rel=\"noopener\">G\u00e9rer mes choix<\/a>&#13;\n        <\/p>\n<p>&#13;<br \/>\n                        J&rsquo;accepte&#13;<br \/>\n            J&rsquo;accepte tous les cookies&#13;\n        <\/p>\n<p>Ce contenu est bloqu\u00e9 car vous n&rsquo;avez pas accept\u00e9 les cookies et autres traceurs.<\/p>\n<p>En cliquant sur \u00ab J\u2019accepte \u00bb, les cookies et autres traceurs seront d\u00e9pos\u00e9s et vous pourrez visualiser les contenus  (<a href=\"\" class=\"consentModule_policy\" target=\"_blank\" title=\"Consulter la politique de protection des donn\u00e9es du fournisseur\">plus d&rsquo;informations<\/a>).<\/p>\n<p>En cliquant sur \u00ab J\u2019accepte tous les cookies \u00bb, vous autorisez des d\u00e9p\u00f4ts de cookies et autres traceurs pour le stockage de vos donn\u00e9es sur nos sites et applications \u00e0 des fins de personnalisation et de ciblage publicitaire.<\/p>\n<p class=\"consentModule_secondaryText\">Vous gardez la possibilit\u00e9 de retirer votre consentement \u00e0 tout moment en consultant notre <a href=\"https:\/\/www.ledauphine.com\/protection-des-donnees\" target=\"_blank\" title=\"Consulter notre politique de protection des donn\u00e9es\" rel=\"noopener\">politique de protection des donn\u00e9es<\/a>. <br \/>&#13;<br \/>\n            <a href=\"https:\/\/www.ledauphine.com\/culture-loisirs\/2025\/12\/13\/javascript:Didomi.notice.show()\" class=\"consentModule_cmp\" target=\"_blank\" rel=\"noopener\">G\u00e9rer mes choix<\/a>&#13;\n        <\/p>\n<p>&#13;<br \/>\n                        J&rsquo;accepte&#13;<br \/>\n            J&rsquo;accepte tous les cookies&#13;\n        <\/p>\n<p>  \u00ab\u00a0J&rsquo;ai le coeur serr\u00e9&#8230; je t&rsquo;aime ma Mercotte\u00a0\u00bb<\/p>\n<p>Sur le r\u00e9seau social Instagram, Cyril Lignac a partag\u00e9 une s\u00e9rie de clich\u00e9s avec sa complice pour\u00a0se souvenir de leurs bons moments pass\u00e9s ensemble\u00a0: \u00ab\u00a0C&rsquo;\u00e9tait tellement bien avec toi\u00a0! Merci pour ces bons moments, ta gentillesse, ton humour, ta finesse et ton intelligence&#8230; Tu vas tellement me manquer\u00a0! J&rsquo;ai le coeur serr\u00e9&#8230; je t&rsquo;aime ma Mercotte. \u00bb<\/p>\n<p>Ce contenu est bloqu\u00e9 car vous n&rsquo;avez pas accept\u00e9 les cookies et autres traceurs.<\/p>\n<p>En cliquant sur \u00ab J\u2019accepte \u00bb, les cookies et autres traceurs seront d\u00e9pos\u00e9s et vous pourrez visualiser les contenus  (<a href=\"\" class=\"consentModule_policy\" target=\"_blank\" title=\"Consulter la politique de protection des donn\u00e9es du fournisseur\">plus d&rsquo;informations<\/a>).<\/p>\n<p>En cliquant sur \u00ab J\u2019accepte tous les cookies \u00bb, vous autorisez des d\u00e9p\u00f4ts de cookies et autres traceurs pour le stockage de vos donn\u00e9es sur nos sites et applications \u00e0 des fins de personnalisation et de ciblage publicitaire.<\/p>\n<p class=\"consentModule_secondaryText\">Vous gardez la possibilit\u00e9 de retirer votre consentement \u00e0 tout moment en consultant notre <a href=\"https:\/\/www.ledauphine.com\/protection-des-donnees\" target=\"_blank\" title=\"Consulter notre politique de protection des donn\u00e9es\" rel=\"noopener\">politique de protection des donn\u00e9es<\/a>. <br \/>&#13;<br \/>\n            <a href=\"https:\/\/www.ledauphine.com\/culture-loisirs\/2025\/12\/13\/javascript:Didomi.notice.show()\" class=\"consentModule_cmp\" target=\"_blank\" rel=\"noopener\">G\u00e9rer mes choix<\/a>&#13;\n        <\/p>\n<p>&#13;<br \/>\n                        J&rsquo;accepte&#13;<br \/>\n            J&rsquo;accepte tous les cookies&#13;\n        <\/p>\n<p>  \u00ab\u00a0C&rsquo;\u00e9tait une camarade formidable\u00a0\u00bb<\/p>\n<p>Invit\u00e9e sur le <a href=\"https:\/\/www.tf1.fr\/le-figaro\/le-buzz-tv\/videos\/julia-vignali-73174484.html\" target=\"_blank\" rel=\"noopener\">plateau de Buzz TV<\/a>,\u00a0Julia Vignali y est all\u00e9e aussi de son petit hommage. Et pour cause car elle a incarn\u00e9 le programme pendant quatre saisons, de 2017 \u00e0 2020. \u00ab\u00a0J&rsquo;ai crois\u00e9 Mercotte il y a deux jours car nous \u00e9tions sur un \u00e9v\u00e9nement pour r\u00e9compenser des p\u00e2tissiers et je l&rsquo;ai vue, \u00e7a m&rsquo;a permis de l&#8217;embrasser comme du bon pain et de la f\u00e9liciter pour toutes ses ann\u00e9es de bons et loyaux services. Elle a marqu\u00e9 le programme, c&rsquo;\u00e9tait une camarade formidable \u00bb, concluait celle qui pr\u00e9sente d\u00e9sormais <a href=\"https:\/\/www.ledauphine.com\/culture-loisirs\/2025\/12\/09\/avec-son-concorde-teleguide-bernard-guers-a-participe-a-l-emission-affaire-conclue\" target=\"_blank\" rel=\"noopener\">Affaire conclue<\/a>\u00a0sur France 2.\u00a0<\/p>\n<p>Malgr\u00e9 son d\u00e9part de l&rsquo;\u00e9mission, elle avait assur\u00e9 il y a quelques semaines qu&rsquo;elle n&rsquo;allait pas ranger son tablier et sa toque au placard. \u00ab\u00a0La retraite est un mot que je ne connais pas\u00a0!\u00a0\u00bb Ses fans peuvent donc\u00a0\u00eatre rassur\u00e9s !<\/p>\n","protected":false},"excerpt":{"rendered":"Une page s\u2019est tourn\u00e9e pour l&rsquo;\u00e9mission\u00a0Le meilleur p\u00e2tissier. Et pas des moindres puisque ce jeudi 11 d\u00e9cembre, les&hellip;\n","protected":false},"author":2,"featured_media":596414,"comment_status":"","ping_status":"","sticky":false,"template":"","format":"standard","meta":{"footnotes":""},"categories":[1356],"tags":[7002,1687,58,7001,59,107,1011,27,329,6225,973,5508,273,14278,252,2205,1364],"class_list":{"0":"post-596413","1":"post","2":"type-post","3":"status-publish","4":"format-standard","5":"has-post-thumbnail","7":"category-television","8":"tag-aix-les-bains","9":"tag-culture-loisirs","10":"tag-divertissement","11":"tag-edition-chambery-aix-les-bains","12":"tag-entertainment","13":"tag-fil-info","14":"tag-fr","15":"tag-france","16":"tag-france-monde","17":"tag-la-matinale","18":"tag-people","19":"tag-savoie","20":"tag-selection-de-la-redaction","21":"tag-selection-de-la-redaction-73","22":"tag-television","23":"tag-television-medias","24":"tag-tv"},"share_on_mastodon":{"url":"https:\/\/pubeurope.com\/@fr\/115711035481692902","error":""},"_links":{"self":[{"href":"https:\/\/www.europesays.com\/fr\/wp-json\/wp\/v2\/posts\/596413","targetHints":{"allow":["GET"]}}],"collection":[{"href":"https:\/\/www.europesays.com\/fr\/wp-json\/wp\/v2\/posts"}],"about":[{"href":"https:\/\/www.europesays.com\/fr\/wp-json\/wp\/v2\/types\/post"}],"author":[{"embeddable":true,"href":"https:\/\/www.europesays.com\/fr\/wp-json\/wp\/v2\/users\/2"}],"replies":[{"embeddable":true,"href":"https:\/\/www.europesays.com\/fr\/wp-json\/wp\/v2\/comments?post=596413"}],"version-history":[{"count":0,"href":"https:\/\/www.europesays.com\/fr\/wp-json\/wp\/v2\/posts\/596413\/revisions"}],"wp:featuredmedia":[{"embeddable":true,"href":"https:\/\/www.europesays.com\/fr\/wp-json\/wp\/v2\/media\/596414"}],"wp:attachment":[{"href":"https:\/\/www.europesays.com\/fr\/wp-json\/wp\/v2\/media?parent=596413"}],"wp:term":[{"taxonomy":"category","embeddable":true,"href":"https:\/\/www.europesays.com\/fr\/wp-json\/wp\/v2\/categories?post=596413"},{"taxonomy":"post_tag","embeddable":true,"href":"https:\/\/www.europesays.com\/fr\/wp-json\/wp\/v2\/tags?post=596413"}],"curies":[{"name":"wp","href":"https:\/\/api.w.org\/{rel}","templated":true}]}}