{"id":596415,"date":"2025-12-13T07:18:30","date_gmt":"2025-12-13T07:18:30","guid":{"rendered":"https:\/\/www.europesays.com\/fr\/596415\/"},"modified":"2025-12-13T07:18:30","modified_gmt":"2025-12-13T07:18:30","slug":"installee-en-loire-atlantique-la-premiere-radio-associative-de-la-region-fete-ses-30-ans","status":"publish","type":"post","link":"https:\/\/www.europesays.com\/fr\/596415\/","title":{"rendered":"Install\u00e9e en Loire-Atlantique, la premi\u00e8re radio associative de la r\u00e9gion f\u00eate ses 30 ans"},"content":{"rendered":"<p>                    Par<br \/>\n        <strong><br \/>\n            <a href=\"https:\/\/actu.fr\/auteur\/benjamin-epineau\" title=\"Consulter tous les articles de Benjamin Epineau\" target=\"_blank\" rel=\"noopener\">Benjamin Epineau<\/a><br \/>\n                    <\/strong><\/p>\n<p>        Publi\u00e9 le<\/p>\n<p>            12 d\u00e9c. 2025 \u00e0 17h34        <\/p>\n<p>Install\u00e9e \u00e0 <a href=\"https:\/\/actu.fr\/pays-de-la-loire\/saint-nazaire_44184\" target=\"_blank\" rel=\"noopener\">Saint-Nazaire<\/a> (<a href=\"https:\/\/actu.fr\/pays-de-la-loire\/loire-atlantique_44\" target=\"_blank\" rel=\"noopener\">Loire-Atlantique<\/a>) depuis 2019, Sun, la premi\u00e8re radio associative de la r\u00e9gion (20 000 auditeurs chaque jour) f\u00eate son anniversaire ce<b> samedi 13 d\u00e9cembre 2025 <\/b>dans la cit\u00e9 navale. Des animations sont propos\u00e9es pour c\u00e9l\u00e9brer l\u2019\u00e9v\u00e9nement.<\/p>\n<p class=\" wall-content\">\u00ab La station a \u00e9t\u00e9 cr\u00e9\u00e9e <b>par Pierre Boucard,<\/b> le directeur actuel, en <b>1996 \u00e0 Saint-S\u00e9bastien-sur-Loire,<\/b> dans l\u2019id\u00e9e de partager de la musique et des connaissances \u00bb, d\u00e9taille Ana\u00efs Seznec, responsable communication de SUN. Au fil des ann\u00e9es, la station se d\u00e9veloppe sur le bassin nantais puis dans la r\u00e9gion. Aujourd\u2019hui, Le Son unique compte 115 b\u00e9n\u00e9voles, 7 salari\u00e9s et 4 studios (Nantes, Cholet, Saint-Nazaire et Angers).<\/p>\n<blockquote class=\"ac-article-quote wall-content\">\n<p>Nous proposons une programmation musicale \u00e9clectique, soutenons l\u2019\u00e9mergence musicale r\u00e9gionale et valorisons l\u2019actualit\u00e9 locale, le tout sans publicit\u00e9.<\/p>\n<\/blockquote>\n<p class=\" wall-content\">Aujourd\u2019hui, SUN diffuse ses programmes sur la m\u00e9tropole nantaise (93 FM) et sur l\u2019agglom\u00e9ration choletaise (87.7 FM) et en DAB +\u00a0(Digital Audio Broadcasting) en Pays de la Loire.<\/p>\n<p>Du th\u00e9\u00e2tre \u00e0 la radio<\/p>\n<p class=\" wall-content\">Depuis quatre ans, Fr\u00e9d\u00e9ric Magnin fait partie de la dizaine de b\u00e9n\u00e9voles qui animent le studio de la rue des Halles. Derri\u00e8re le micro, l\u2019homme de 76\u00a0ans tient deux chroniques enregistr\u00e9es. Avec Paroles en l\u2019air, diffus\u00e9e chaque mercredi \u00e0 17 h 45, il invite \u00e0 d\u00e9couvrir une photo avec les oreilles. \u00ab Chaque texte me prend une bonne demi-journ\u00e9e. Les auditeurs peuvent ensuite retrouver la photo sur le site \u00bb, explique Fr\u00e9d\u00e9ric qui est \u00e9galement \u00e0 l\u2019initiative du Th\u00e9\u00e2trophone. Tous les derniers samedis du mois, une troupe d\u2019une dizaine de personnes joue les sayn\u00e8tes \u00e9crites \u00e0 l\u2019occasion par Fr\u00e9d\u00e9ric en recr\u00e9ant l\u2019ambiance d\u2019une salle de th\u00e9\u00e2tre.<\/p>\n<blockquote class=\"ac-article-quote wall-content\">\n<p>Je viens du monde du th\u00e9\u00e2tre donc j\u2019ai l\u2019habitue que le public soit devant moi. L\u00e0 on parle en esp\u00e9rant que des gens \u00e9coutent.<\/p>\n<\/blockquote>\n<p>\u00ab Tout le monde peut \u00eatre b\u00e9n\u00e9vole \u00bb<\/p>\n<p class=\" wall-content\">Sur SUN, toutes les bonnes id\u00e9es ou les passions \u00e0 partager sont les bienvenues. Et pour devenir b\u00e9n\u00e9vole, pas besoin d\u2019un profil particulier. \u00c9tudiant, actif, retrait\u00e9\u2026 \u00ab Dans la r\u00e9gion, notre plus jeune b\u00e9n\u00e9vole \u00e0 14\u00a0ans et 18\u00a0ans \u00e0 Saint-Nazaire \u00bb, pr\u00e9cise Ana\u00efs.<\/p>\n<p>Votre r\u00e9gion, votre actu !<\/p>\n<p>Recevez chaque jour les infos qui comptent pour vous.<\/p>\n<p>\t<a href=\"https:\/\/actu.fr\/newsletter\" class=\"ac-btn ac-btn--corner ac-btn--medium ac-btn--blue800\" target=\"_blank\" rel=\"noopener\">S&rsquo;incrire<\/a><\/p>\n<p class=\" wall-content\">Chroniqueur, animateur, producteur sonore, technicien\u2026 il y en a pour tous les go\u00fbts. \u00ab Tout le monde peut \u00eatre b\u00e9n\u00e9vole. Pour candidater, il faut aller sur notre site \u00bb.<\/p>\n<p>Des ateliers sur inscription<\/p>\n<p class=\" wall-content\">Ce samedi, de 10 h \u00e0 17 h, des b\u00e9n\u00e9voles et membres de l\u2019\u00e9quipe seront pr\u00e9sents pour raconter le fonctionnement de la radio et guider des visites. \u00c0 partir de 15 h, place au direct avec une \u00e9mission sp\u00e9ciale de deux heures pleines. Trois ateliers sont \u00e9galement au programme : le matin, \u00e0 10 h et \u00e0 11 h, deux sessions \u00ab d\u00e9couverte de la radio \u00bb seront propos\u00e9es ; et l\u2019apr\u00e8s-midi, de 14 h \u00e0 15 h, un atelier \u00ab th\u00e9\u00e2tre radiophonique \u00bb sera men\u00e9 par Fr\u00e9d\u00e9ric Magnin. \u00ab Des ateliers, sur inscription, qui s\u2019adressent aux 8-14\u00a0ans. \u00bb<\/p>\n<p>Concert et surprises<\/p>\n<p class=\" wall-content\">L\u2019\u00e9quipe de Sun donne ensuite rendez-vous, \u00e0 partir de 20h, au Kiosq pour un concert de Giverzz, des mix, des quiz et d\u2019autres surprises encore.<\/p>\n<p>\u00c9v\u00e8nements gratuits. SUN \u00e0 Saint-Nazaire : 18, rue des Halles. Pour s\u2019inscrire aux ateliers : lesonunique.com<\/p>\n<p class=\" wall-content\">Personnalisez votre actualit\u00e9 en ajoutant vos villes et m\u00e9dias en favori avec <a href=\"https:\/\/moncompte.actu.fr\" title=\"D\u00e9couvez Mon Actu\" rel=\"nofollow noopener\" data-trk=\"{&quot;cta&quot;:{&quot;action&quot;:&quot;https:\\\/\\\/moncompte.actu.fr&quot;,&quot;category&quot;:&quot;mon compte&quot;,&quot;from&quot;:&quot;article footer&quot;,&quot;name&quot;:&quot;Mon actu&quot;,&quot;type&quot;:&quot;cta&quot;}}\" target=\"_blank\">Mon Actu<\/a>.<\/p>\n","protected":false},"excerpt":{"rendered":"Par Benjamin Epineau Publi\u00e9 le 12 d\u00e9c. 2025 \u00e0 17h34 Install\u00e9e \u00e0 Saint-Nazaire (Loire-Atlantique) depuis 2019, Sun, la&hellip;\n","protected":false},"author":2,"featured_media":596416,"comment_status":"","ping_status":"","sticky":false,"template":"","format":"standard","meta":{"footnotes":""},"categories":[1355],"tags":[58,59,1011,27,500,1361,873,1825,104],"class_list":{"0":"post-596415","1":"post","2":"type-post","3":"status-publish","4":"format-standard","5":"has-post-thumbnail","7":"category-musique","8":"tag-divertissement","9":"tag-entertainment","10":"tag-fr","11":"tag-france","12":"tag-medias","13":"tag-music","14":"tag-musique","15":"tag-radio","16":"tag-societe"},"share_on_mastodon":{"url":"https:\/\/pubeurope.com\/@fr\/115711043428172650","error":""},"_links":{"self":[{"href":"https:\/\/www.europesays.com\/fr\/wp-json\/wp\/v2\/posts\/596415","targetHints":{"allow":["GET"]}}],"collection":[{"href":"https:\/\/www.europesays.com\/fr\/wp-json\/wp\/v2\/posts"}],"about":[{"href":"https:\/\/www.europesays.com\/fr\/wp-json\/wp\/v2\/types\/post"}],"author":[{"embeddable":true,"href":"https:\/\/www.europesays.com\/fr\/wp-json\/wp\/v2\/users\/2"}],"replies":[{"embeddable":true,"href":"https:\/\/www.europesays.com\/fr\/wp-json\/wp\/v2\/comments?post=596415"}],"version-history":[{"count":0,"href":"https:\/\/www.europesays.com\/fr\/wp-json\/wp\/v2\/posts\/596415\/revisions"}],"wp:featuredmedia":[{"embeddable":true,"href":"https:\/\/www.europesays.com\/fr\/wp-json\/wp\/v2\/media\/596416"}],"wp:attachment":[{"href":"https:\/\/www.europesays.com\/fr\/wp-json\/wp\/v2\/media?parent=596415"}],"wp:term":[{"taxonomy":"category","embeddable":true,"href":"https:\/\/www.europesays.com\/fr\/wp-json\/wp\/v2\/categories?post=596415"},{"taxonomy":"post_tag","embeddable":true,"href":"https:\/\/www.europesays.com\/fr\/wp-json\/wp\/v2\/tags?post=596415"}],"curies":[{"name":"wp","href":"https:\/\/api.w.org\/{rel}","templated":true}]}}