{"id":596419,"date":"2025-12-13T07:22:29","date_gmt":"2025-12-13T07:22:29","guid":{"rendered":"https:\/\/www.europesays.com\/fr\/596419\/"},"modified":"2025-12-13T07:22:29","modified_gmt":"2025-12-13T07:22:29","slug":"le-coca-na-jamais-permis-jimmy-mohamed-fait-une-mise-au-point-de-taille","status":"publish","type":"post","link":"https:\/\/www.europesays.com\/fr\/596419\/","title":{"rendered":"\u00ab\u00a0Le Coca n&rsquo;a jamais permis&#8230;\u00a0\u00bb : Jimmy Mohamed fait une mise au point de taille"},"content":{"rendered":"<p class=\"p1\">Associ\u00e9 \u00e0 la junk food, <a href=\"https:\/\/www.closermag.fr\/beaute\/forme-bien-etre\/elle-arrete-de-boire-du-coca-cola-et-perd-50-kilos-552929\" target=\"_blank\" rel=\"noopener\"><br \/>\nle Coca<\/a> jouit d&rsquo;une popularit\u00e9 spectaculaire. Chaque jour s&rsquo;en<br \/>\n\u00e9coulent pr\u00e8s de <strong>350\u00a0milliards de litres\u00a0dans le<br \/>\nmonde<\/strong>. En France, sa consommation s&rsquo;\u00e9l\u00e8ve en moyenne \u00e0 23<br \/>\nlitres par habitants chaque ann\u00e9e. Si sa recette n&rsquo;a jamais \u00e9t\u00e9<br \/>\ndivulgu\u00e9e, la m\u00e9decine d\u00e9conseille fortement d&rsquo;en boire<br \/>\nabusivement.<\/p>\n<p class=\"p1\">Un consommateur r\u00e9gulier de Coca s&rsquo;expose en effet \u00e0<br \/>\n<strong>des risques sanitaires majeurs<\/strong> : ob\u00e9sit\u00e9, maladies<br \/>\ncardiaques, hypertension art\u00e9rielle, diab\u00e8te\u2026 Sant\u00e9 Publique France<br \/>\nrecommande de <strong>ne pas d\u00e9passer un verre (20-25 cl environ)<br \/>\npar jour<\/strong> de sodas pour les adulte et pas plus d&rsquo;1\/2 verre<br \/>\navant l&rsquo;\u00e2ge de 11 ans. Il est pourtant d&rsquo;usage d&rsquo;inciter \u00e0 boire du<br \/>\nCoca <strong>en cas de gastro-ent\u00e9rite<\/strong>. Une id\u00e9e presque<br \/>\nvieille comme le monde, mais pas forc\u00e9ment pertinente.<\/p>\n<p>Coca-Cola : cette id\u00e9e re\u00e7ue d\u00e9mentie par Jimmy<br \/>\nMohamed<\/p>\n<p class=\"p1\"><a href=\"https:\/\/www.closermag.fr\/people\/on-ne-peut-plus-rien-manger-jimmy-mohamed-met-les-choses-au-point-avec-des-recettes-imparables-3603766\" target=\"_blank\" rel=\"noopener\"><br \/>\nInvit\u00e9 dans l&rsquo;\u00e9mission de Thomas Sotto sur RTL, Jimmy Mohamed est<br \/>\ncat\u00e9gorique.<\/a> \u00ab\u00a0<strong>Le Coca n&rsquo;a jamais perdu de traiter<br \/>\nni de soulager aucune gastro-ent\u00e9rite<\/strong>. Au contraire, c&rsquo;est<br \/>\ncontre-productif que de prendre un Coca quand vous avez la<br \/>\ngastro\u00a0\u00bb, balaie-t-il d&rsquo;un revers de main, rappelant que ce<br \/>\nsoda <strong>\u00ab\u00a0ne permet pas une hydratation<br \/>\ncorrecte\u00a0\u00bb<\/strong>. Et de poursuivre : \u00ab\u00a0\u00c7a manque de sel,<br \/>\nc&rsquo;est trop sucr\u00e9 et \u00e7a contient de la caf\u00e9ine\u00a0\u00bb, un diur\u00e9tique<br \/>\nqui fait uriner et peut donc aggraver une d\u00e9shydratation.<\/p>\n<p class=\"p1\">Le risque est-il moindre en \u00e9liminant les bulles ?<br \/>\n\u00ab\u00a0\u00c7a, c&rsquo;est vraiment une id\u00e9e re\u00e7ue, recadre l&rsquo;expert<br \/>\nsant\u00e9. Si \u00e7a vous soulage, c&rsquo;est peut-\u00eatre au travers de<br \/>\nl&rsquo;effet placebo et si \u00e7a vous fait plaisir. Je n&rsquo;ai pas<br \/>\nd&rsquo;opposition mais \u00e7a ne sert strictement \u00e0 rien sur le plan<br \/>\nm\u00e9dical.\u00a0\u00bb Pr\u00e9sent en tr\u00e8s grande quantit\u00e9 dans le Coca, le<br \/>\nsucre peut cr\u00e9er <strong>un appel d&rsquo;eau au niveau du tube digestif<br \/>\net favoriser la diarrh\u00e9e.<\/strong><\/p>\n<p>Coca-Cola : ce soda concurrent \u00e0<br \/>\nboire avec mod\u00e9ration<\/p>\n<p class=\"p1\">Le Coca ne servant \u00e0 rien en cas de gastro-ent\u00e9rite,<br \/>\non pourrait avoir l&rsquo;id\u00e9e de se reporter sur un soda concurrent :<br \/>\n<strong>le Pepsi<\/strong>. Une tr\u00e8s mauvaise id\u00e9e, selon Jimmy<br \/>\nMohamed. \u00ab\u00a0Le Pepsi, c&rsquo;est pour faire r\u00e9f\u00e9rence \u00e0 une mol\u00e9cule<br \/>\nqu&rsquo;on appelle la pepsine, qui favorise la digestion\u00a0\u00bb, \u00e9claire<br \/>\n<a href=\"https:\/\/www.closermag.fr\/people\/jimmy-mohamed-accuse-de-violences-psychologiques-au-passage-sa-femme-souailla-deballe-et-ironise-3603809\" target=\"_blank\" rel=\"noopener\"><br \/>\nle sp\u00e9cialiste r\u00e9cemment accus\u00e9 de violences psychologiques par sa<br \/>\nfemme<\/a>.<\/p>\n<p class=\"p1\">La rumeur veut que la boisson invent\u00e9e par un<br \/>\npharmacien \u00e0 la fin du XIXe si\u00e8cle permette de lutter contre la<br \/>\ndyspepsie, \u00e0 savoir les douleurs de l&rsquo;estomac. \u00ab\u00a0Sauf que tout<br \/>\n\u00e7a, <strong>c&rsquo;est du marketing<\/strong>. \u00c7a n&rsquo;a jamais fait preuve<br \/>\nd&rsquo;aucune efficacit\u00e9.\u00a0\u00bb Oubliez donc\u00a0le Coca, le Pepsi, le<br \/>\nFanta &#8230;. \u00c7a ne sert \u00e0 rien en cas de gastro-ent\u00e9rite !<\/p>\n","protected":false},"excerpt":{"rendered":"Associ\u00e9 \u00e0 la junk food, le Coca jouit d&rsquo;une popularit\u00e9 spectaculaire. Chaque jour s&rsquo;en \u00e9coulent pr\u00e8s de 350\u00a0milliards&hellip;\n","protected":false},"author":2,"featured_media":596420,"comment_status":"","ping_status":"","sticky":false,"template":"","format":"standard","meta":{"footnotes":""},"categories":[10],"tags":[21303,1011,27,72,70202,71,65861],"class_list":{"0":"post-596419","1":"post","2":"type-post","3":"status-publish","4":"format-standard","5":"has-post-thumbnail","7":"category-sante","8":"tag-buzz_nonli","9":"tag-fr","10":"tag-france","11":"tag-health","12":"tag-marfeel_connexes","13":"tag-sante","14":"tag-trend"},"share_on_mastodon":{"url":"https:\/\/pubeurope.com\/@fr\/115711059118511108","error":""},"_links":{"self":[{"href":"https:\/\/www.europesays.com\/fr\/wp-json\/wp\/v2\/posts\/596419","targetHints":{"allow":["GET"]}}],"collection":[{"href":"https:\/\/www.europesays.com\/fr\/wp-json\/wp\/v2\/posts"}],"about":[{"href":"https:\/\/www.europesays.com\/fr\/wp-json\/wp\/v2\/types\/post"}],"author":[{"embeddable":true,"href":"https:\/\/www.europesays.com\/fr\/wp-json\/wp\/v2\/users\/2"}],"replies":[{"embeddable":true,"href":"https:\/\/www.europesays.com\/fr\/wp-json\/wp\/v2\/comments?post=596419"}],"version-history":[{"count":0,"href":"https:\/\/www.europesays.com\/fr\/wp-json\/wp\/v2\/posts\/596419\/revisions"}],"wp:featuredmedia":[{"embeddable":true,"href":"https:\/\/www.europesays.com\/fr\/wp-json\/wp\/v2\/media\/596420"}],"wp:attachment":[{"href":"https:\/\/www.europesays.com\/fr\/wp-json\/wp\/v2\/media?parent=596419"}],"wp:term":[{"taxonomy":"category","embeddable":true,"href":"https:\/\/www.europesays.com\/fr\/wp-json\/wp\/v2\/categories?post=596419"},{"taxonomy":"post_tag","embeddable":true,"href":"https:\/\/www.europesays.com\/fr\/wp-json\/wp\/v2\/tags?post=596419"}],"curies":[{"name":"wp","href":"https:\/\/api.w.org\/{rel}","templated":true}]}}