{"id":596425,"date":"2025-12-13T07:30:15","date_gmt":"2025-12-13T07:30:15","guid":{"rendered":"https:\/\/www.europesays.com\/fr\/596425\/"},"modified":"2025-12-13T07:30:15","modified_gmt":"2025-12-13T07:30:15","slug":"violente-altercation-entre-gens-du-voyage-a-castres-un-coup-de-feu-tire-un-blesse-et-deux-interpellations","status":"publish","type":"post","link":"https:\/\/www.europesays.com\/fr\/596425\/","title":{"rendered":"Violente altercation entre gens du voyage \u00e0 Castres\u00a0: un coup de feu tir\u00e9, un bless\u00e9 et deux interpellations"},"content":{"rendered":"<p>\n                                                                    l&rsquo;essentiel<br \/>\n                                                                Une altercation a \u00e9clat\u00e9 pr\u00e8s de la gare SNCF de Castres, impliquant des gens du voyage. Un coup de feu a bless\u00e9 une personne. Deux interpellations ont eu lieu. L\u2019enqu\u00eate cherche \u00e0 \u00e9claircir les circonstances exactes.\n                            <\/p>\n<p>Branle-bas de combat \u00e0 Castres ce vendredi en fin de journ\u00e9e, vers 18\u00a0h. Les forces de police sont intervenues en nombre pr\u00e8s de la gare SNCF, sur un campement o\u00f9 des membres de la communaut\u00e9 des gens du voyage sont install\u00e9s ill\u00e9galement. Pour une raison encore ind\u00e9termin\u00e9e, une altercation a \u00e9clat\u00e9 sur place, et au moins un coup de feu a \u00e9t\u00e9 tir\u00e9. Une personne a \u00e9t\u00e9 bless\u00e9e d\u2019un coup de chevrotine. D\u2019apr\u00e8s nos informations, deux personnes auraient \u00e9t\u00e9 interpell\u00e9es. L\u2019enqu\u00eate est en cours pour tenter de d\u00e9terminer les circonstances pr\u00e9cises de l\u2019incident.<\/p>\n<p>Plus d\u2019informations \u00e0 venir<\/p>\n","protected":false},"excerpt":{"rendered":"l&rsquo;essentiel Une altercation a \u00e9clat\u00e9 pr\u00e8s de la gare SNCF de Castres, impliquant des gens du voyage. Un&hellip;\n","protected":false},"author":2,"featured_media":596426,"comment_status":"","ping_status":"","sticky":false,"template":"","format":"standard","meta":{"footnotes":""},"categories":[7],"tags":[8173,118,1011,27,43,40,41,39,8412,42,44],"class_list":{"0":"post-596425","1":"post","2":"type-post","3":"status-publish","4":"format-standard","5":"has-post-thumbnail","7":"category-sciences-et-technologies","8":"tag-castres","9":"tag-faits-divers","10":"tag-fr","11":"tag-france","12":"tag-science","13":"tag-science-and-technology","14":"tag-sciences","15":"tag-sciences-et-technologies","16":"tag-tarn","17":"tag-technologies","18":"tag-technology"},"share_on_mastodon":{"url":"https:\/\/pubeurope.com\/@fr\/115711090775723430","error":""},"_links":{"self":[{"href":"https:\/\/www.europesays.com\/fr\/wp-json\/wp\/v2\/posts\/596425","targetHints":{"allow":["GET"]}}],"collection":[{"href":"https:\/\/www.europesays.com\/fr\/wp-json\/wp\/v2\/posts"}],"about":[{"href":"https:\/\/www.europesays.com\/fr\/wp-json\/wp\/v2\/types\/post"}],"author":[{"embeddable":true,"href":"https:\/\/www.europesays.com\/fr\/wp-json\/wp\/v2\/users\/2"}],"replies":[{"embeddable":true,"href":"https:\/\/www.europesays.com\/fr\/wp-json\/wp\/v2\/comments?post=596425"}],"version-history":[{"count":0,"href":"https:\/\/www.europesays.com\/fr\/wp-json\/wp\/v2\/posts\/596425\/revisions"}],"wp:featuredmedia":[{"embeddable":true,"href":"https:\/\/www.europesays.com\/fr\/wp-json\/wp\/v2\/media\/596426"}],"wp:attachment":[{"href":"https:\/\/www.europesays.com\/fr\/wp-json\/wp\/v2\/media?parent=596425"}],"wp:term":[{"taxonomy":"category","embeddable":true,"href":"https:\/\/www.europesays.com\/fr\/wp-json\/wp\/v2\/categories?post=596425"},{"taxonomy":"post_tag","embeddable":true,"href":"https:\/\/www.europesays.com\/fr\/wp-json\/wp\/v2\/tags?post=596425"}],"curies":[{"name":"wp","href":"https:\/\/api.w.org\/{rel}","templated":true}]}}