{"id":596429,"date":"2025-12-13T07:32:14","date_gmt":"2025-12-13T07:32:14","guid":{"rendered":"https:\/\/www.europesays.com\/fr\/596429\/"},"modified":"2025-12-13T07:32:14","modified_gmt":"2025-12-13T07:32:14","slug":"au-bresil-le-juge-moraes-charge-du-proces-de-jair-bolsonaro-se-felicite-de-la-levee-des-sanctions-americaines-le-visant","status":"publish","type":"post","link":"https:\/\/www.europesays.com\/fr\/596429\/","title":{"rendered":"Au Br\u00e9sil, le juge Moraes, charg\u00e9 du proc\u00e8s de Jair Bolsonaro, se f\u00e9licite de la lev\u00e9e des sanctions am\u00e9ricaines le visant"},"content":{"rendered":"<p>                      <img loading=\"lazy\" decoding=\"async\" src=\"https:\/\/www.europesays.com\/fr\/wp-content\/uploads\/2025\/12\/90c260d_ftp-1-xsye2mud1ydv-5666057-01-06.jpg\" alt=\"Alexandre de Moraes, \u00e0 Brasilia, le 29\u00a0septembre\u00a02025. \"   width=\"664\" height=\"443\"\/>    Alexandre de Moraes, \u00e0 Brasilia, le 29\u00a0septembre\u00a02025.  EVARISTO SA\/AFP                          <\/p>\n<p class=\"article__paragraph  \">Les Etats-Unis ont lev\u00e9, vendredi 12\u00a0d\u00e9cembre, des sanctions contre Alexandre de\u00a0Moraes, le juge br\u00e9silien charg\u00e9 du proc\u00e8s qui avait condamn\u00e9 l\u2019ancien pr\u00e9sident Jair Bolsonaro, alli\u00e9 de Donald Trump. Le magistrat de la Cour supr\u00eame a imm\u00e9diatement salu\u00e9 cette d\u00e9cision du Tr\u00e9sor am\u00e9ricain alors que le proc\u00e8s contre l\u2019ancien pr\u00e9sident d\u2019extr\u00eame droite a \u00e9t\u00e9 au c\u0153ur d\u2019une crise entre Washington et Brasilia.<\/p>\n<p class=\"article__paragraph  \">Vendredi soir, l\u2019Office of Foreign Assets Control (\u00ab\u00a0Bureau du contr\u00f4le des avoirs \u00e9trangers\u00a0\u00bb, OFAC) du minist\u00e8re de l\u2019\u00e9conomie et des finances am\u00e9ricain a annonc\u00e9 qu\u2019il retirait M. Moraes et son \u00e9pouse, Viviane Barci de\u00a0Moraes, de la liste de personnes sous sanctions. Car conserver de telles mesures contre le couple \u00ab\u00a0ne correspond plus aux int\u00e9r\u00eats am\u00e9ricains en mati\u00e8re de politique \u00e9trang\u00e8re\u00a0\u00bb, a soulign\u00e9 aupr\u00e8s de l\u2019Agence France-Presse (AFP) une source proche du dossier.<\/p>\n<p class=\"article__paragraph  \">En fait, c\u2019est l\u2019adoption d\u2019une proposition de loi tr\u00e8s favorable \u00e0 l\u2019ancien pr\u00e9sident br\u00e9silien qui a permis une lev\u00e9e des sanctions am\u00e9ricaines. La Chambre des d\u00e9put\u00e9s, majoritairement pro-Bolsonaro, a en effet adopt\u00e9, mercredi, un texte qui plaide pour \u00ab\u00a0la pacification\u00a0\u00bb du Br\u00e9sil et qui pourrait r\u00e9duire la peine de prison contre l\u2019ex-chef d\u2019Etat de vingt-sept ans de prison \u00e0 un peu plus de deux ann\u00e9es d\u2019incarc\u00e9ration. Il avait \u00e9t\u00e9 condamn\u00e9 par la Cour supr\u00eame pour conspiration en vue de se maintenir au pouvoir \u00ab\u00a0de fa\u00e7on autoritaire\u00a0\u00bb apr\u00e8s l\u2019\u00e9lection perdue de 2022.<\/p>\n<p class=\"article__paragraph  \">Le S\u00e9nat, plus \u00e9quilibr\u00e9, doit encore se prononcer. Eh bien que le pr\u00e9sident br\u00e9silien, Luiz Inacio Lula da Silva, puisse mettre son veto, la Chambre des d\u00e9put\u00e9s aura le dernier mot.<\/p>\n<p>                                       Lire aussi |  Article r\u00e9serv\u00e9 \u00e0 nos abonn\u00e9s  <a href=\"https:\/\/www.lemonde.fr\/international\/article\/2025\/11\/26\/bresil-incarcere-jair-bolsonaro-entame-sa-peine-de-vingt-sept-ans-de-prison-pour-coup-d-etat_6654876_3210.html\" class=\"js-article-read-also catcher--favoris__link\" data-premium=\"1\" id=\"article-title-3448268\" target=\"_blank\" rel=\"noopener\">Br\u00e9sil\u00a0: incarc\u00e9r\u00e9, Jair Bolsonaro entame sa peine de vingt-sept\u00a0ans de prison pour coup d\u2019Etat<\/a>    <\/p>\n<p>   Lire plus tard  <\/p>\n<p>                          Appel \u00e0 manifester                    <\/p>\n<p class=\"article__paragraph  \">La proposition de loi pr\u00e9voit aussi la libert\u00e9 conditionnelle \u00e0 plus d\u2019une centaine de partisans de l\u2019ex-pr\u00e9sident d\u2019extr\u00eame droite (2019-2022) condamn\u00e9s pour l\u2019assaut contre des si\u00e8ges d\u2019institutions \u00e0 Brasilia, le 8\u00a0janvier\u00a02023, quelques jours apr\u00e8s l\u2019investiture de l\u2019actuel pr\u00e9sident de gauche, Lula. Selon le parquet br\u00e9silien, le projet de coup d\u2019Etat ourdi par le camp Bolsonaro avait \u00e9chou\u00e9 faute de soutien de la hi\u00e9rarchie militaire. Il pr\u00e9voyait l\u2019assassinat de Lula, de son vice-pr\u00e9sident, Geraldo Alckmin, et du juge Moraes.<\/p>\n<p class=\"article__paragraph  \">Apr\u00e8s l\u2019adoption de la loi de r\u00e9duction de peine pour M.\u00a0Bolsonaro, la gauche br\u00e9silienne a lanc\u00e9 un appel \u00e0 manifester, dimanche, dans les principales villes du pays, sous les slogans \u00ab\u00a0Pas d\u2019amnistie\u00a0\u00bb et \u00ab\u00a0Parlement, ennemi du peuple\u00a0\u00bb.<\/p>\n<p>                                       Lire aussi l\u2019analyse\u00a0|  Article r\u00e9serv\u00e9 \u00e0 nos abonn\u00e9s  <a href=\"https:\/\/www.lemonde.fr\/idees\/article\/2025\/09\/22\/apres-la-condamnation-de-bolsonaro-le-sort-de-la-democratie-bresilienne-reste-incertain_6642377_3232.html\" class=\"js-article-read-also catcher--favoris__link\" data-premium=\"1\" id=\"article-title-3438728\" target=\"_blank\" rel=\"noopener\">Apr\u00e8s la condamnation de Bolsonaro, le sort de la d\u00e9mocratie br\u00e9silienne reste incertain<\/a>    <\/p>\n<p>   Lire plus tard  <\/p>\n<p class=\"article__paragraph  \">A l\u2019extr\u00eame droite, la d\u00e9cision du Tr\u00e9sor am\u00e9ricain a \u00e9t\u00e9 \u00ab\u00a0re\u00e7ue avec regret\u00a0\u00bb par le d\u00e9put\u00e9 Eduardo Bolsonaro, fils de l\u2019ancien pr\u00e9sident, qui s\u2019est dit toutefois \u00ab\u00a0reconnaissant du soutien du pr\u00e9sident Trump\u00a0\u00bb. Eduardo Bolsonaro fait lui-m\u00eame l\u2019objet de poursuites pour entrave au proc\u00e8s de son p\u00e8re, notamment par le biais de son lobbying aupr\u00e8s du pr\u00e9sident am\u00e9ricain pour qu\u2019il prenne des sanctions contre Brasilia.<\/p>\n<p class=\"article__paragraph  \">De son c\u00f4t\u00e9, la diplomatie am\u00e9ricaine \u00ab\u00a0a fait part de mani\u00e8re constante de sa pr\u00e9occupation de voir les clivages politiques \u00eatre instrumentalis\u00e9s \u00e0 travers le processus judiciaire\u00a0\u00bb. Si bien que les Etats-Unis \u00ab\u00a0saluent la loi vot\u00e9e par la chambre basse du Congr\u00e8s br\u00e9silien, un premier pas pour limiter ces exc\u00e8s\u00a0\u00bb, s\u2019est f\u00e9licit\u00e9, sur X, le secr\u00e9taire d\u2019Etat adjoint, Christopher Landau.<\/p>\n<p>                    D\u00e9tente dans les relations Brasilia-Washington                    <\/p>\n<p class=\"article__paragraph  \">En sanctionnant en juillet le juge Moraes, le Tr\u00e9sor am\u00e9ricain l\u2019avait accus\u00e9 d\u2019avoir profit\u00e9 de son poste pour \u00ab\u00a0cibler des opposants politiques, notamment l\u2019ex-pr\u00e9sident Jair Bolsonaro, des journalistes, des r\u00e9seaux sociaux am\u00e9ricains et d\u2019autres entreprises am\u00e9ricaines et internationales\u00a0\u00bb. Le magistrat avait de fait bloqu\u00e9 quarante jours le r\u00e9seau X, sommant son propri\u00e9taire Elon Musk, multimilliardaire proche de Donald Trump, de supprimer des comptes soup\u00e7onn\u00e9s de propager de la d\u00e9sinformation.<\/p>\n<p> Le Monde M\u00e9morable  <\/p>\n<p> <a href=\"https:\/\/www.lemonde.fr\/memorable\/?rfextension=inread\" class=\"inread__link js-services-inread-link\" target=\"_blank\" rel=\"noopener\">  <\/p>\n<p>Testez votre culture g\u00e9n\u00e9rale avec la r\u00e9daction du \u00ab Monde \u00bb<\/p>\n<p>Testez votre culture g\u00e9n\u00e9rale avec la r\u00e9daction du \u00ab Monde \u00bb<\/p>\n<p>D\u00e9couvrir<\/p>\n<p> <\/a>      <\/p>\n<p> Newsletter  <\/p>\n<p> <a href=\"https:\/\/www.lemonde.fr\/newsletters\/a-la-une\/\" class=\"inread__link js-services-inread-link\" target=\"_blank\" rel=\"noopener\">  <\/p>\n<p>\u00ab A la une \u00bb<\/p>\n<p>Chaque matin, parcourez l&rsquo;essentiel de l&rsquo;actualit\u00e9 du jour avec les derniers titres du \u00ab Monde \u00bb<\/p>\n<p>S&rsquo;inscrire<\/p>\n<p> <\/a>          <\/p>\n<p> Le Monde Application  <\/p>\n<p> <a href=\"https:\/\/lamatinale.onelink.me\/gKMy\/ahw2ubr3\" class=\"inread__link js-services-inread-link\" target=\"_blank\" rel=\"noopener\">  <\/p>\n<p>La Matinale du Monde<\/p>\n<p>Chaque matin, retrouvez notre s\u00e9lection de 20 articles \u00e0 ne pas manquer <\/p>\n<p>T\u00e9l\u00e9charger l&rsquo;application<\/p>\n<p> <\/a>      <\/p>\n<p> Newsletter abonn\u00e9s  <\/p>\n<p> <a href=\"https:\/\/www.lemonde.fr\/newsletters\/international\/\" class=\"inread__link js-services-inread-link\" target=\"_blank\" rel=\"noopener\">  <\/p>\n<p>\u00ab International \u00bb<\/p>\n<p>L\u2019essentiel de l\u2019actualit\u00e9 internationale de la semaine<\/p>\n<p>S&rsquo;inscrire<\/p>\n<p> <\/a>             <\/p>\n<p class=\"article__paragraph  \">Le proc\u00e8s de Jair Bolsonaro, au centre de la crise entre les Etats-Unis de Donald Trump et le Br\u00e9sil de Lula, avait entra\u00een\u00e9 des droits de douane am\u00e9ricains de 40\u00a0% sur certains produits br\u00e9siliens.<\/p>\n<p class=\"article__paragraph  \">Mais les relations ont sembl\u00e9 se d\u00e9tendre r\u00e9cemment, gr\u00e2ce \u00e0 une rencontre fin octobre en Malaisie entre Lula et Donald Trump. Et Washington a annonc\u00e9, jeudi, une lev\u00e9e de droits de douane \u00e9lev\u00e9s sur des produits agricoles br\u00e9siliens.<\/p>\n<p>                                       Lire aussi |  Article r\u00e9serv\u00e9 \u00e0 nos abonn\u00e9s  <a href=\"https:\/\/www.lemonde.fr\/international\/article\/2025\/11\/23\/au-bresil-jair-bolsonaro-place-en-detention-provisoire-apres-une-invraisemblable-tentative-de-fuite_6654490_3210.html\" class=\"js-article-read-also catcher--favoris__link\" data-premium=\"1\" id=\"article-title-3447816\" target=\"_blank\" rel=\"noopener\">Au Br\u00e9sil, Jair Bolsonaro plac\u00e9 en d\u00e9tention provisoire apr\u00e8s une invraisemblable tentative de fuite<\/a>    <\/p>\n<p>   Lire plus tard  <\/p>\n<p class=\"author__detail\">  Le Monde avec AFP  <\/p>\n<p>                <a href=\"https:\/\/www.lemonde.fr\/syndication\/\" class=\"reuse__content\" title=\"R\u00e9utiliser ce contenu\" target=\"_blank\" rel=\"noopener\">R\u00e9utiliser ce contenu<\/a>      <\/p>\n","protected":false},"excerpt":{"rendered":"Alexandre de Moraes, \u00e0 Brasilia, le 29\u00a0septembre\u00a02025. EVARISTO SA\/AFP Les Etats-Unis ont lev\u00e9, vendredi 12\u00a0d\u00e9cembre, des sanctions contre&hellip;\n","protected":false},"author":2,"featured_media":596430,"comment_status":"","ping_status":"","sticky":false,"template":"","format":"standard","meta":{"footnotes":""},"categories":[5],"tags":[11,1011,27,14,12,28],"class_list":{"0":"post-596429","1":"post","2":"type-post","3":"status-publish","4":"format-standard","5":"has-post-thumbnail","7":"category-international","8":"tag-actualites","9":"tag-fr","10":"tag-france","11":"tag-international","12":"tag-news","13":"tag-world"},"share_on_mastodon":{"url":"https:\/\/pubeurope.com\/@fr\/115711099194040957","error":""},"_links":{"self":[{"href":"https:\/\/www.europesays.com\/fr\/wp-json\/wp\/v2\/posts\/596429","targetHints":{"allow":["GET"]}}],"collection":[{"href":"https:\/\/www.europesays.com\/fr\/wp-json\/wp\/v2\/posts"}],"about":[{"href":"https:\/\/www.europesays.com\/fr\/wp-json\/wp\/v2\/types\/post"}],"author":[{"embeddable":true,"href":"https:\/\/www.europesays.com\/fr\/wp-json\/wp\/v2\/users\/2"}],"replies":[{"embeddable":true,"href":"https:\/\/www.europesays.com\/fr\/wp-json\/wp\/v2\/comments?post=596429"}],"version-history":[{"count":0,"href":"https:\/\/www.europesays.com\/fr\/wp-json\/wp\/v2\/posts\/596429\/revisions"}],"wp:featuredmedia":[{"embeddable":true,"href":"https:\/\/www.europesays.com\/fr\/wp-json\/wp\/v2\/media\/596430"}],"wp:attachment":[{"href":"https:\/\/www.europesays.com\/fr\/wp-json\/wp\/v2\/media?parent=596429"}],"wp:term":[{"taxonomy":"category","embeddable":true,"href":"https:\/\/www.europesays.com\/fr\/wp-json\/wp\/v2\/categories?post=596429"},{"taxonomy":"post_tag","embeddable":true,"href":"https:\/\/www.europesays.com\/fr\/wp-json\/wp\/v2\/tags?post=596429"}],"curies":[{"name":"wp","href":"https:\/\/api.w.org\/{rel}","templated":true}]}}