{"id":596435,"date":"2025-12-13T07:35:12","date_gmt":"2025-12-13T07:35:12","guid":{"rendered":"https:\/\/www.europesays.com\/fr\/596435\/"},"modified":"2025-12-13T07:35:12","modified_gmt":"2025-12-13T07:35:12","slug":"saint-etienne-anne-roumanoff-nawell-madani-nico-en-vrai-le-festival-arcomik-devoile-ses-tetes-daffiche","status":"publish","type":"post","link":"https:\/\/www.europesays.com\/fr\/596435\/","title":{"rendered":"Saint-\u00c9tienne. Anne Roumanoff, Nawell Madani, Nico en vrai&#8230; Le\u00a0festival Arcomik d\u00e9voile ses t\u00eates d&rsquo;affiche"},"content":{"rendered":"<p class=\"insetTitle\">La programmation<\/p>\n<p>Marine L\u00e9onardi, 11\u00a0f\u00e9vrier, au Firmament de Firminy<\/p>\n<p>Merwane Benlazar, 11\u00a0f\u00e9vrier, Com\u00e9die de Saint-\u00c9tienne<\/p>\n<p>Tom Baldetti, 12\u00a0f\u00e9vrier, au Firmament de Firminy<\/p>\n<p>Sandrine Sarroche, 12\u00a0f\u00e9vrier, Centre de Congr\u00e8s de Saint-\u00c9tienne<\/p>\n<p>Nico en vrai, 12\u00a0f\u00e9vrier, salle Muriel-Robin de Saint-Paul-en-Jarez<\/p>\n<p>Blandine Lehout, 13\u00a0f\u00e9vrier, La Forge Le Chambon-Feugerolles<\/p>\n<p>La troupe du Jamel comedy club, 13\u00a0f\u00e9vrier, Le Firmament Firminy<\/p>\n<p>Nawell Madani, 14\u00a0f\u00e9vrier, \u00e0 l\u2019Op\u00e9ra de Saint-\u00c9tienne<\/p>\n<p>Caroline Estremo, 14\u00a0f\u00e9vrier, au Centre de Congr\u00e8s de Saint-\u00c9tienne<\/p>\n<p>L\u00e9opold Lemarchand, 14\u00a0f\u00e9vrier, maison de l\u2019Universit\u00e9, Saint-\u00c9tienne<\/p>\n<p>Viktor Vincent, 15 f\u00e9vrier, La Forge au Chambon-Feugerolles<\/p>\n<p>Adel Fugazi, 17\u00a0f\u00e9vrier, espace Albert-Camus, Le Chambon-Feugerolles<\/p>\n<p>Kosh, 17\u00a0f\u00e9vrier, L\u2019Imprimerie, Rive-de-Gier<\/p>\n<p>Julien Santini, 17\u00a0f\u00e9vrier, Centre des congr\u00e8s Saint-\u00c9tienne<\/p>\n<p>Urbain, 18\u00a0f\u00e9vrier, Maison de l\u2019Universit\u00e9, Saint-\u00c9tienne<\/p>\n<p>Mathieu Nina, 18\u00a0f\u00e9vrier, espace Albert-Camus, Le Chambon-Feugerolles<\/p>\n<p>Manon Bril, 18\u00a0f\u00e9vrier, L\u2019Imprimerie, Rive-de-Gier<\/p>\n<p>Anne Roumanoff, 19\u00a0f\u00e9vrier, Centre de Congr\u00e8s de Saint-\u00c9tienne<\/p>\n<p>Alexis Tramoni, 19\u00a0f\u00e9vrier, Maison de l\u2019Universit\u00e9, Saint-\u00c9tienne<\/p>\n<p>Emy, 19\u00a0f\u00e9vrier, espace Albert-Camus, Le Chambon-Feugerolles<\/p>\n<p>Thomas Croisi\u00e8re, 19\u00a0f\u00e9vrier, L\u2019Opsis, Roche-la-Moli\u00e8re<\/p>\n<p>Melissa et Fred, 20\u00a0f\u00e9vrier, Le Sou, La Talaudi\u00e8re<\/p>\n<p>Pierre Thevenoux, 20\u00a0f\u00e9vrier, salle Aristide-Briand, Saint-Chamond<\/p>\n<p>Antoine Donneaux, 21\u00a0f\u00e9vrier, Centre de Congr\u00e8s de Saint-\u00c9tienne<\/p>\n<p>Antek, samedi 21\u00a0f\u00e9vrier, au Th\u00e9\u00e2tre de l\u2019Universit\u00e9<\/p>\n<p>Mickael Quiroga, 21\u00a0f\u00e9vrier, L\u2019Imprimerie, Rive-de-Gier.<\/p>\n","protected":false},"excerpt":{"rendered":"La programmation Marine L\u00e9onardi, 11\u00a0f\u00e9vrier, au Firmament de Firminy Merwane Benlazar, 11\u00a0f\u00e9vrier, Com\u00e9die de Saint-\u00c9tienne Tom Baldetti, 12\u00a0f\u00e9vrier,&hellip;\n","protected":false},"author":2,"featured_media":596436,"comment_status":"","ping_status":"","sticky":false,"template":"","format":"standard","meta":{"footnotes":""},"categories":[9653],"tags":[1111,11,2430,1687,7539,1777,674,1011,27,3367,12,25,4001,7538,3140],"class_list":{"0":"post-596435","1":"post","2":"type-post","3":"status-publish","4":"format-standard","5":"has-post-thumbnail","7":"category-saint-etienne","8":"tag-actu","9":"tag-actualites","10":"tag-auvergne-rhone-alpes","11":"tag-culture-loisirs","12":"tag-edition-loire-sud","13":"tag-eu","14":"tag-europe","15":"tag-fr","16":"tag-france","17":"tag-loire","18":"tag-news","19":"tag-republique-francaise","20":"tag-saint-etienne","21":"tag-saint-etienne-ville","22":"tag-spectacle"},"share_on_mastodon":{"url":"https:\/\/pubeurope.com\/@fr\/115711110371074176","error":""},"_links":{"self":[{"href":"https:\/\/www.europesays.com\/fr\/wp-json\/wp\/v2\/posts\/596435","targetHints":{"allow":["GET"]}}],"collection":[{"href":"https:\/\/www.europesays.com\/fr\/wp-json\/wp\/v2\/posts"}],"about":[{"href":"https:\/\/www.europesays.com\/fr\/wp-json\/wp\/v2\/types\/post"}],"author":[{"embeddable":true,"href":"https:\/\/www.europesays.com\/fr\/wp-json\/wp\/v2\/users\/2"}],"replies":[{"embeddable":true,"href":"https:\/\/www.europesays.com\/fr\/wp-json\/wp\/v2\/comments?post=596435"}],"version-history":[{"count":0,"href":"https:\/\/www.europesays.com\/fr\/wp-json\/wp\/v2\/posts\/596435\/revisions"}],"wp:featuredmedia":[{"embeddable":true,"href":"https:\/\/www.europesays.com\/fr\/wp-json\/wp\/v2\/media\/596436"}],"wp:attachment":[{"href":"https:\/\/www.europesays.com\/fr\/wp-json\/wp\/v2\/media?parent=596435"}],"wp:term":[{"taxonomy":"category","embeddable":true,"href":"https:\/\/www.europesays.com\/fr\/wp-json\/wp\/v2\/categories?post=596435"},{"taxonomy":"post_tag","embeddable":true,"href":"https:\/\/www.europesays.com\/fr\/wp-json\/wp\/v2\/tags?post=596435"}],"curies":[{"name":"wp","href":"https:\/\/api.w.org\/{rel}","templated":true}]}}