{"id":596437,"date":"2025-12-13T07:36:27","date_gmt":"2025-12-13T07:36:27","guid":{"rendered":"https:\/\/www.europesays.com\/fr\/596437\/"},"modified":"2025-12-13T07:36:27","modified_gmt":"2025-12-13T07:36:27","slug":"une-offre-se-prepare-jackpot-en-vue-pour-saint-etienne","status":"publish","type":"post","link":"https:\/\/www.europesays.com\/fr\/596437\/","title":{"rendered":"Une offre se pr\u00e9pare, jackpot en vue pour Saint-\u00c9tienne"},"content":{"rendered":"<p>Afficher l\u2019index Masquer l\u2019index <\/p>\n<p>Auteur d\u2019une premi\u00e8re moiti\u00e9 de saison remarquable avec l\u2019<strong>ASSE<\/strong>, <strong>Zuriko Davitashvili<\/strong> attire de nouveau les convoitises \u00e0 l\u2019approche du mercato hivernal. L\u2019ailier g\u00e9orgien pourrait bient\u00f4t quitter l\u2019<strong>AS Saint-\u00c9tienne<\/strong>, ce qui promet un joli coup financier pour le club.<\/p>\n<p>Mercato ASSE : Davitashvili, le joyau st\u00e9phanois sous les projecteurs\t<\/p>\n<p>Auteur de six buts et sept contributions d\u00e9cisives en 14 rencontres, Zuriko Davitashvili s\u2019affirme comme l\u2019un des piliers offensifs de Saint-\u00c9tienne cette saison. Son aisance technique et sa vision du jeu ont permis aux Verts de rester dans la course pour la mont\u00e9e en Ligue 1, avec une 2e place consolid\u00e9e derri\u00e8re Troyes avant la 17e journ\u00e9e.<\/p>\n<p><strong>Lire aussi : <a href=\"https:\/\/www.foot-sur7.fr\/711301-asse-la-nouvelle-qui-ne-va-pas-du-tout-plaire-a-saint-etienne\" target=\"_blank\" rel=\"noopener\">ASSE : La nouvelle qui ne va pas du tout plaire \u00e0 Saint-\u00c9tienne<\/a><\/strong><\/p>\n<p><a class=\"related-article simple\" href=\"https:\/\/www.foot-sur7.fr\/711305-mercato-psg-mohamed-salah-au-paris-sg-une-decision-tombe\" target=\"_blank\" rel=\"noopener\">\u00c0 voirMercato PSG : Mohamed Salah au Paris SG ? Une d\u00e9cision tombe<\/a><\/p>\n<p>Malgr\u00e9 quelques passages \u00e0 vide, l\u2019ancien Bordelais s\u2019est montr\u00e9 d\u00e9terminant dans les victoires cl\u00e9s contre Boulogne-sur-Mer, Montpellier et Nancy. Ce r\u00f4le central dans l\u2019attaque st\u00e9phanoise ne laisse pas indiff\u00e9rent sur le march\u00e9 des transferts, o\u00f9 les clubs \u00e9trangers suivent chacun de ses pas.<\/p>\n<p>Besiktas revient \u00e0 la charge<\/p>\n<p>D\u00e9j\u00e0 courtis\u00e9 l\u2019\u00e9t\u00e9 dernier, le joueur de 24 ans est \u00e0 nouveau dans le viseur du Besiktas. Selon Foot Mercato, le club turc souhaite cette fois concr\u00e9tiser son int\u00e9r\u00eat et devancer d\u2019\u00e9ventuels concurrents, comme West Ham United qui s\u2019\u00e9tait \u00e9galement positionn\u00e9 l\u2019an pass\u00e9. La formation stambouliote mise sur la r\u00e9gularit\u00e9 de Davitashvili et sa capacit\u00e9 \u00e0 faire la diff\u00e9rence dans les matches d\u00e9cisifs.\u00a0<\/p>\n<p>Lire aussi sur l\u2019ASSE :<\/p>\n<p>Pour Saint-Etienne, un transfert r\u00e9ussi repr\u00e9senterait un vrai jackpot financier et une validation du travail effectu\u00e9 sur le d\u00e9veloppement de ses talents offensifs. Avec l\u2019ouverture du mercato le 1er janvier, l\u2019avenir de Zuriko Davitashvili reste incertain. Son d\u00e9part pourrait cr\u00e9er un vide dans l\u2019effectif, mais offrir \u00e0 Saint-\u00c9tienne les moyens de renforcer l\u2019\u00e9quipe pour viser la mont\u00e9e imm\u00e9diate en Ligue 1.<\/p>\n<p><a href=\"https:\/\/www.foot-sur7.fr\/711290-mercato-asse-laurent-batlles-valide-un-choix-fort-de-ksv\" target=\"_blank\" rel=\"noopener\"><strong>Mercato ASSE : Laurent Batlles\u00a0valide un choix fort de KSV<\/strong><\/a><\/p>\n<p><a href=\"https:\/\/www.foot-sur7.fr\/711242-asse-bastia-stassin-enfin-apte-une-surprise-dans-la-compo\" target=\"_blank\" rel=\"noopener\"><strong>ASSE-Bastia : Stassin enfin apte, une surprise dans la compo<\/strong><\/a><\/p>\n<p><a class=\"related-article simple\" href=\"https:\/\/www.foot-sur7.fr\/711310-mercato-om-proche-de-rejoindre-marseille-tout-sest-ecroule\" target=\"_blank\" rel=\"noopener\">\u00c0 voirMercato OM : Proche de rejoindre Marseille, tout s\u2019est \u00e9croul\u00e9<\/a><\/p>\n<p><a href=\"https:\/\/www.foot-sur7.fr\/711197-mercato-asse-decision-validee-pour-lucas-stassin\" target=\"_blank\" rel=\"noopener\"><strong>Mercato ASSE : D\u00e9cision valid\u00e9e pour Lucas Stassin<\/strong><\/a><\/p>\n","protected":false},"excerpt":{"rendered":"Afficher l\u2019index Masquer l\u2019index Auteur d\u2019une premi\u00e8re moiti\u00e9 de saison remarquable avec l\u2019ASSE, Zuriko Davitashvili attire de nouveau&hellip;\n","protected":false},"author":2,"featured_media":513217,"comment_status":"","ping_status":"","sticky":false,"template":"","format":"standard","meta":{"footnotes":""},"categories":[9653],"tags":[1111,11,2430,1777,674,1011,27,12,25,4001],"class_list":{"0":"post-596437","1":"post","2":"type-post","3":"status-publish","4":"format-standard","5":"has-post-thumbnail","7":"category-saint-etienne","8":"tag-actu","9":"tag-actualites","10":"tag-auvergne-rhone-alpes","11":"tag-eu","12":"tag-europe","13":"tag-fr","14":"tag-france","15":"tag-news","16":"tag-republique-francaise","17":"tag-saint-etienne"},"share_on_mastodon":{"url":"https:\/\/pubeurope.com\/@fr\/115711114158467101","error":""},"_links":{"self":[{"href":"https:\/\/www.europesays.com\/fr\/wp-json\/wp\/v2\/posts\/596437","targetHints":{"allow":["GET"]}}],"collection":[{"href":"https:\/\/www.europesays.com\/fr\/wp-json\/wp\/v2\/posts"}],"about":[{"href":"https:\/\/www.europesays.com\/fr\/wp-json\/wp\/v2\/types\/post"}],"author":[{"embeddable":true,"href":"https:\/\/www.europesays.com\/fr\/wp-json\/wp\/v2\/users\/2"}],"replies":[{"embeddable":true,"href":"https:\/\/www.europesays.com\/fr\/wp-json\/wp\/v2\/comments?post=596437"}],"version-history":[{"count":0,"href":"https:\/\/www.europesays.com\/fr\/wp-json\/wp\/v2\/posts\/596437\/revisions"}],"wp:featuredmedia":[{"embeddable":true,"href":"https:\/\/www.europesays.com\/fr\/wp-json\/wp\/v2\/media\/513217"}],"wp:attachment":[{"href":"https:\/\/www.europesays.com\/fr\/wp-json\/wp\/v2\/media?parent=596437"}],"wp:term":[{"taxonomy":"category","embeddable":true,"href":"https:\/\/www.europesays.com\/fr\/wp-json\/wp\/v2\/categories?post=596437"},{"taxonomy":"post_tag","embeddable":true,"href":"https:\/\/www.europesays.com\/fr\/wp-json\/wp\/v2\/tags?post=596437"}],"curies":[{"name":"wp","href":"https:\/\/api.w.org\/{rel}","templated":true}]}}