{"id":596440,"date":"2025-12-13T07:39:15","date_gmt":"2025-12-13T07:39:15","guid":{"rendered":"https:\/\/www.europesays.com\/fr\/596440\/"},"modified":"2025-12-13T07:39:15","modified_gmt":"2025-12-13T07:39:15","slug":"nancy-clermont-foot-1-0-les-clermontois-sinclinent-pour-leur-dernier-match-de-lannee","status":"publish","type":"post","link":"https:\/\/www.europesays.com\/fr\/596440\/","title":{"rendered":"Nancy &#8211; Clermont Foot (1-0) : les Clermontois s&rsquo;inclinent pour leur dernier match de l&rsquo;ann\u00e9e\u00a0"},"content":{"rendered":"<p>Pour son dernier match de l&rsquo;ann\u00e9e \u00e0 l&rsquo;occasion de la 17e journ\u00e9e de Ligue 2, le Clermont Foot s&rsquo;incline sur la pelouse de Nancy (1-0) ce vendredi 12 d\u00e9cembre. Un but en premi\u00e8re p\u00e9riode suffit aux Lorrains pour cr\u00e9er la surprise avant la pause hivernale.<\/p>\n<p>Les <b>Clermontois<\/b>, mieux class\u00e9s \u00e0 l&rsquo;entr\u00e9e dans cette 17e journ\u00e9e de Ligue 2, avaient l&rsquo;occasion de s&rsquo;\u00e9loigner de la zone rouge\u2026 mais c&rsquo;est bien <b>Nancy<\/b> qui cr\u00e9e l&rsquo;exploit \u00e0 domicile ce <b>vendredi 12 d\u00e9cembre<\/b>.\u00a0<\/p>\n<p>D\u00e8s la 36e minute, <b>J\u00e9r\u00e9my G\u00e9lin<\/b> inscrit le seul but de la rencontre d&rsquo;une belle demi-vol\u00e9e.\u00a0<br \/>Clermont tente de r\u00e9agir mais peine \u00e0 se cr\u00e9er de v\u00e9ritables occasions.\u00a0<\/p>\n<p>D\u00e9marrer 2026 par une victoire\u00a0<\/p>\n<p>Malgr\u00e9 quelques tentatives, notamment en seconde p\u00e9riode, les Clermontois ne trouvent pas la faille.\u00a0<br \/>Le match, marqu\u00e9 par plusieurs avertissements (<b>M&rsquo;Bahia<\/b>, <b>Baallal<\/b> pour Clermont, <b>Evans<\/b> pour Nancy), se termine sur ce score de 1-0, synonyme de pr\u00e9cieuse victoire pour Nancy, qui sort temporairement de la zone de rel\u00e9gation.<\/p>\n<p>De quoi repartir bredouille pour Clermont, qui quitte l&rsquo;ann\u00e9e sur une d\u00e9faite frustrante alors que Nancy, lanterne rouge, termine l&rsquo;ann\u00e9e 2025 avec un regain d&rsquo;espoir avant la reprise du championnat.<\/p>\n<p>Les hommes de Gr\u00e9gory Proment devront r\u00e9agir d\u00e8s la reprise, avec la r\u00e9ception de <b>Laval<\/b> au stade Marcel-Michelin, le <b>samedi 3 janvier 2026<\/b>.<br \/>\u00a0<\/p>\n<p><img loading=\"lazy\" decoding=\"async\" src=\"https:\/\/www.europesays.com\/fr\/wp-content\/uploads\/2025\/12\/1765611555_578_img\" width=\"350\" height=\"200\" border=\"0\" title=\"Ludovic Assemoassa.\"\/><\/p>\n<p>\u25baFootball<\/p>\n<p style=\"font-size: 22px;\"><b>Carnet noir : Ludovic Assemoassa, pass\u00e9 par Lyon et Clermont, s&rsquo;est \u00e9teint<\/b><\/p>\n<p>Ludovic Assemoassa, ancien joueur de la r\u00e9serve&#8230;<\/p>\n<p><\/p>\n","protected":false},"excerpt":{"rendered":"Pour son dernier match de l&rsquo;ann\u00e9e \u00e0 l&rsquo;occasion de la 17e journ\u00e9e de Ligue 2, le Clermont Foot&hellip;\n","protected":false},"author":2,"featured_media":596441,"comment_status":"","ping_status":"","sticky":false,"template":"","format":"standard","meta":{"footnotes":""},"categories":[9635],"tags":[1111,11,3233,33977,62754,1777,674,1011,27,775,2693,446,1702,12,25],"class_list":{"0":"post-596440","1":"post","2":"type-post","3":"status-publish","4":"format-standard","5":"has-post-thumbnail","7":"category-nancy","8":"tag-actu","9":"tag-actualites","10":"tag-championnat","11":"tag-clermont-foot","12":"tag-dfaite","13":"tag-eu","14":"tag-europe","15":"tag-fr","16":"tag-france","17":"tag-grand-est","18":"tag-laval","19":"tag-ligue-2","20":"tag-nancy","21":"tag-news","22":"tag-republique-francaise"},"share_on_mastodon":{"url":"https:\/\/pubeurope.com\/@fr\/115711126907718251","error":""},"_links":{"self":[{"href":"https:\/\/www.europesays.com\/fr\/wp-json\/wp\/v2\/posts\/596440","targetHints":{"allow":["GET"]}}],"collection":[{"href":"https:\/\/www.europesays.com\/fr\/wp-json\/wp\/v2\/posts"}],"about":[{"href":"https:\/\/www.europesays.com\/fr\/wp-json\/wp\/v2\/types\/post"}],"author":[{"embeddable":true,"href":"https:\/\/www.europesays.com\/fr\/wp-json\/wp\/v2\/users\/2"}],"replies":[{"embeddable":true,"href":"https:\/\/www.europesays.com\/fr\/wp-json\/wp\/v2\/comments?post=596440"}],"version-history":[{"count":0,"href":"https:\/\/www.europesays.com\/fr\/wp-json\/wp\/v2\/posts\/596440\/revisions"}],"wp:featuredmedia":[{"embeddable":true,"href":"https:\/\/www.europesays.com\/fr\/wp-json\/wp\/v2\/media\/596441"}],"wp:attachment":[{"href":"https:\/\/www.europesays.com\/fr\/wp-json\/wp\/v2\/media?parent=596440"}],"wp:term":[{"taxonomy":"category","embeddable":true,"href":"https:\/\/www.europesays.com\/fr\/wp-json\/wp\/v2\/categories?post=596440"},{"taxonomy":"post_tag","embeddable":true,"href":"https:\/\/www.europesays.com\/fr\/wp-json\/wp\/v2\/tags?post=596440"}],"curies":[{"name":"wp","href":"https:\/\/api.w.org\/{rel}","templated":true}]}}