{"id":596442,"date":"2025-12-13T07:41:15","date_gmt":"2025-12-13T07:41:15","guid":{"rendered":"https:\/\/www.europesays.com\/fr\/596442\/"},"modified":"2025-12-13T07:41:15","modified_gmt":"2025-12-13T07:41:15","slug":"a-35-ans-jeremy-sinzelle-enchaine-avec-le-rct-parce-que-cest-le-meilleur-dixit-son-entraineur","status":"publish","type":"post","link":"https:\/\/www.europesays.com\/fr\/596442\/","title":{"rendered":"A 35 ans, J\u00e9r\u00e9my Sinzelle encha\u00eene avec le RCT \u00abparce que c\u2019est le meilleur\u00bb, dixit son entra\u00eeneur"},"content":{"rendered":"<p class=\"fs-5 \">C\u2019est l\u2019histoire d\u2019un mec de 35 ans, prolong\u00e9 d\u2019un an cet \u00e9t\u00e9 par son club avec un r\u00f4le pr\u00e9cis : transmettre. Ce mec s\u2019appelle J\u00e9r\u00e9my Sinzelle. Son entra\u00eeneur, Pierre Mignoni, racontait \u00e0 l\u2019\u00e9poque : \u00ab C\u2019est parce que je connais J\u00e9r\u00e9my que je n\u2019ai pas pris de gants pour lui dire qu\u2019il allait \u00eatre le dernier de la liste au poste de centre. Quand je dis \u00e7a, et comme c\u2019est un comp\u00e9titeur, il a le nez qui fume. Mais \u00e7a me donne encore plus de billes pour pousser les autres. \u00bb<\/p>\n<p class=\"fs-5 \">Sauf, que. L\u2019histoire, vous la connaissez. Apr\u00e8s douze matches disput\u00e9s par Toulon cette saison, \u00ab Dj\u00e9 \u00bb est le centre le plus utilis\u00e9 par Pierre Mignoni. Un sacr\u00e9 pied de nez. Pas encore pr\u00eat mentalement pour mettre un terme \u00e0 sa carri\u00e8re, encore en forme physiquement, le Ni\u00e7ois de naissance est en passe de relever son ultime d\u00e9fi. Et comme partout o\u00f9 il est pass\u00e9, J\u00e9r\u00e9my Sinzelle s\u2019impose, encore. Lui, pr\u00e9f\u00e8re rester humble lorsqu\u2019on lui demande comment il se sent. Derri\u00e8re le pupitre de la salle de conf\u00e9rence de presse, il hausse les \u00e9paules, avant de sourire : \u00ab C\u2019est toujours plaisant de jouer, m\u00eame \u00e0 mon \u00e2ge ! On a un bon groupe, avec des bons jeunes. Ils me poussent et me tirent vers le haut. Je suis tr\u00e8s reconnaissant. \u00bb<\/p>\n<p>                                                                                \u00ab Il encha\u00eene&#8230; parce que c\u2019est le meilleur \u00bb<\/p>\n<p class=\"fs-5 \">Ce dimanche apr\u00e8s-midi \u00e0 Mayol, en plus de disputer son neuvi\u00e8me match de la saison (le huiti\u00e8me comme titulaire), la \u00ab Sinze \u00bb deviendra officiellement centurion avec Toulon\u2026 apr\u00e8s l\u2019avoir \u00e9t\u00e9 avec le Stade fran\u00e7ais et La Rochelle. Une barre \u00ab symbolique \u00bb pour le principal int\u00e9ress\u00e9 qui, comme \u00e0 son habitude, pr\u00e9f\u00e8re l\u2019\u00e9quipe : \u00ab C\u2019est tr\u00e8s bien, mais il ne faut pas se laisser prendre par les \u00e9motions. Franchement, ma 100e, on s\u2019en fout. \u00e7 a reste un match de rugby. Ce qui est important, c\u2019est ce qu\u2019on va y mettre collectivement. On affronte une des plus belles \u00e9quipes d\u2019Angleterre, \u00e0 nous de montrer que l\u2019on est l\u2019une des meilleures de France. Sans \u00eatre pr\u00e9tentieux, mais en \u00e9tant s\u00e9rieux. \u00bb<\/p>\n<p class=\"fs-5 \">Questionn\u00e9 sur le temps de jeu de son joueur, Pierre Mignoni r\u00e9pond avec franchise : \u00ab J\u00e9r\u00e9my encha\u00eene parce que\u2026 c\u2019est le meilleur pour l\u2019instant. Il donne beaucoup de confiance autour de lui et est toujours pr\u00e9sent pour le groupe. Mais il ne fera pas \u00e7a toute la saison. C\u2019est une p\u00e9riode. \u00bb<\/p>\n<p>                                                                                \u00ab Je tire mes derni\u00e8res cartouches \u00bb<\/p>\n<p class=\"fs-5 \">\u00ab Fier \u00bb, mais aussi presque g\u00ean\u00e9 de jouer autant, \u00ab Dj\u00e9 \u00bb raconte : \u00ab Il y a un peu tout qui se m\u00e9lange. Je suis content, mais en m\u00eame temps \u00e7a m\u2019emb\u00eate un peu par rapport \u00e0 Oliver Cowie ou Mathieu Sma\u00efli, par exemple, qui sont plus jeunes que moi. J\u2019aimerais aussi qu\u2019ils prennent le relais. Et en m\u00eame temps, je me dis que je tire mes derni\u00e8res cartouches\u2026 c\u2019est particulier. Mais on aura de la rotation, j\u2019en suis s\u00fbr. \u00bb<\/p>\n<p class=\"fs-5 \">Reste d\u00e9sormais \u00e0 esp\u00e9rer que cette centi\u00e8me, face au champion d\u2019Angleterre qu\u2019est Bath, ne se termine pas en eau de boudin. Nul doute que ses co\u00e9quipiers feront tout leur possible pour lui offrir une belle victoire\u2026 loin d\u2019\u00eatre uniquement symbolique pour la suite de la campagne europ\u00e9enne.<\/p>\n<p>        <img src=\"https:\/\/www.europesays.com\/fr\/wp-content\/uploads\/2025\/12\/ab7b7c7_upload-1-iodkc6sxjtlh-image-svatouxxq100.jpg\"   loading=\"lazy\" decoding=\"async\" alt=\"Le talonneur Gianmarco Lucchesi va retrouver la comp\u00e9tition. \" class=\"img-fluid position-absolute w-100 object-fit-cover rounded-2\" width=\"600\" height=\"400\"\/><\/p>\n<p>                                                                                Les compositions<\/p>\n<p class=\"fs-5 \">Toulon : Fert\u00e9 ; Dr\u00e9an, Brex, Sinzelle, Tuicuvu ; (o) Garcia, (m) Serin ; Ollivon (cap.), Mercer, Ludlam ; Alainu\u2019uese, S. Rebbadj ; Sinckler, Lucchesi, Gros.<\/p>\n<p class=\"fs-5 \">Rempla\u00e7ants : Baubigny, Ametlla, Priso Mouangu\u00e9, M\u00e9zou, Abadie, White, Sma\u00efli, Quere-Karaba.<\/p>\n<p class=\"fs-5 \">Bath : Carreras ; Cokanasiga, Ojomoh, Redpath, Arundell ; (o) Russel (cap.), (m) Carr-Smith ; Underhill, Barbeary, Hill ; Molony, Roux ; Sela, Dunn, Obano.<\/p>\n<p class=\"fs-5 \">Rempla\u00e7ants : Tuipulotu, Van Wyk, Du Toit, Ewels, Reid, Le Roux, Hennessey, Green.<\/p>\n","protected":false},"excerpt":{"rendered":"C\u2019est l\u2019histoire d\u2019un mec de 35 ans, prolong\u00e9 d\u2019un an cet \u00e9t\u00e9 par son club avec un r\u00f4le&hellip;\n","protected":false},"author":2,"featured_media":587767,"comment_status":"","ping_status":"","sticky":false,"template":"","format":"standard","meta":{"footnotes":""},"categories":[9619],"tags":[1111,11,1777,674,1011,27,12,882,3461,25,2310],"class_list":{"0":"post-596442","1":"post","2":"type-post","3":"status-publish","4":"format-standard","5":"has-post-thumbnail","7":"category-toulon","8":"tag-actu","9":"tag-actualites","10":"tag-eu","11":"tag-europe","12":"tag-fr","13":"tag-france","14":"tag-news","15":"tag-provence-alpes-cote-dazur","16":"tag-rct","17":"tag-republique-francaise","18":"tag-toulon"},"share_on_mastodon":{"url":"","error":""},"_links":{"self":[{"href":"https:\/\/www.europesays.com\/fr\/wp-json\/wp\/v2\/posts\/596442","targetHints":{"allow":["GET"]}}],"collection":[{"href":"https:\/\/www.europesays.com\/fr\/wp-json\/wp\/v2\/posts"}],"about":[{"href":"https:\/\/www.europesays.com\/fr\/wp-json\/wp\/v2\/types\/post"}],"author":[{"embeddable":true,"href":"https:\/\/www.europesays.com\/fr\/wp-json\/wp\/v2\/users\/2"}],"replies":[{"embeddable":true,"href":"https:\/\/www.europesays.com\/fr\/wp-json\/wp\/v2\/comments?post=596442"}],"version-history":[{"count":0,"href":"https:\/\/www.europesays.com\/fr\/wp-json\/wp\/v2\/posts\/596442\/revisions"}],"wp:featuredmedia":[{"embeddable":true,"href":"https:\/\/www.europesays.com\/fr\/wp-json\/wp\/v2\/media\/587767"}],"wp:attachment":[{"href":"https:\/\/www.europesays.com\/fr\/wp-json\/wp\/v2\/media?parent=596442"}],"wp:term":[{"taxonomy":"category","embeddable":true,"href":"https:\/\/www.europesays.com\/fr\/wp-json\/wp\/v2\/categories?post=596442"},{"taxonomy":"post_tag","embeddable":true,"href":"https:\/\/www.europesays.com\/fr\/wp-json\/wp\/v2\/tags?post=596442"}],"curies":[{"name":"wp","href":"https:\/\/api.w.org\/{rel}","templated":true}]}}