{"id":596443,"date":"2025-12-13T07:42:15","date_gmt":"2025-12-13T07:42:15","guid":{"rendered":"https:\/\/www.europesays.com\/fr\/596443\/"},"modified":"2025-12-13T07:42:15","modified_gmt":"2025-12-13T07:42:15","slug":"asm-rugby-feminin-vs-rugby-club-toulon-mediterranee-finir-lannee-invaincue","status":"publish","type":"post","link":"https:\/\/www.europesays.com\/fr\/596443\/","title":{"rendered":"ASM Rugby F\u00e9minin vs Rugby Club Toulon M\u00e9diterran\u00e9e : finir l\u2019ann\u00e9e invaincue"},"content":{"rendered":"<p>\u00c0 l\u2019occasion de la 7e journ\u00e9e de championnat AXA \u00c9lite 1, samedi 13 d\u00e9cembre \u00e0 18H45, les prot\u00e9g\u00e9es de Vincent Fargeas, et de Fabrice Ribeyrolles, re\u00e7oivent une \u00e9quipe Varoise, men\u00e9e par la Bourbonnaise Cl\u00e9mence Rypen, qui esp\u00e8re bien ne pas rentrer bredouille de son d\u00e9placement au stade Marcel Michelin. Pour les auvergnates, il sera important de concr\u00e9tiser ce superbe d\u00e9but de saison par une nouvelle victoire.  <\/p>\n<p>\u00ab Il arrive que les gens nous reconnaissent dans la rue, et s\u2019adressent \u00e0 nous. Nous sentons que le rugby f\u00e9minin commence \u00e0 prendre de l\u2019ampleur, ici \u00e0 Clermont-Ferrand \u00bb, soulignent en ch\u0153ur, les internationales fran\u00e7aises et italiennes de l\u2019ASM Rugby F\u00e9minin, Yllana Brosseau, et Francesca Sgorbini.<\/p>\n<p>Une effervescence autour du club<\/p>\n<p>La s\u00e9rie de 6 victoires de suite, pour cette formation de l\u2019ASM Rugby F\u00e9minin, ne laisse forc\u00e9ment pas les supporters indiff\u00e9rents. Nous les esp\u00e9rons donc tr\u00e8s nombreux pour assister \u00e0 ce match de championnat, contre une <a href=\"https:\/\/monclubhouse.ffr.fr\/clubs\/rugby-club-toulon-provence-mediterranee\/competitions\/elite-1-feminine\/qualification-44304\" target=\"_blank\" rel=\"noopener\">\u00e9quipe de Toulon<\/a>, qui vendra ch\u00e8rement sa peau, demain dans l\u2019antre du Michelin. \u00ab Je suis arriv\u00e9e au club en 2020, ann\u00e9e de la Covid, ce qui n\u2019\u00e9tait pas simple, mais au fil des ans nous voyons que le club travaille bien, et se structure fortement \u00bb, ajoute Francesca Sgorbini. \u00ab Depuis 3 ans que je suis ici, en tant que pr\u00e9parateur physique, les filles travaillent dur, entre les matchs, les entra\u00eenements (pas loin de 10 par semaine), la gestion des matchs internationaux. Il y a aussi des \u00ab devoirs \u00bb \u00e0 faire \u00e0 la maison, nous travaillons donc en toute confiance, avec elles. Ce\u00a0 rapprochement proximal avec l\u2019ASM, me permet d\u2019\u00e9changer avec les responsables du staff pro dans la pr\u00e9paration physique, dans la r\u00e9g\u00e9n\u00e9ration. Tout cela est fructueux \u00bb, analyse Simon Thomas, le pr\u00e9parateur physique. Ce club, dans l\u2019attente de pouvoir performer encore plus avec l\u2019arriv\u00e9e en 2026 de la cit\u00e9 du rugby, a pris ce virage n\u00e9cessaire du rugby de haut-niveau avec application, et rigueur, pour le plus grand bonheur de ses fid\u00e8les supporters, qui ne cessent de cro\u00eetre sur l\u2019ensemble du territoire.<\/p>\n<p>Les filles de l\u2019ASM Rugby F\u00e9minin doivent se montrer efficaces<\/p>\n<p>La dynamique est donc bien enclench\u00e9e c\u00f4t\u00e9 des joueuses du Puy-de-D\u00f4me, avec un m\u00e9lange de joueuses internationales, et de jeunes joueuses \u00e0 tr\u00e8s fort potentiel qui frappent \u00e0 la port de l\u2019\u00e9quipe \u00c9lite. \u00ab Nous travaillons fort collectivement. Tout cela est renforc\u00e9 par le recrutement de joueuses internationales. Nous avons une profondeur de banc plus riche, \u00e0 laquelle il faut ajouter un \u00e9tat d\u2019esprit remarquable. Nous poss\u00e9dons la meilleure d\u00e9fense du championnat avec 58 points, car comme disait Vern Cotter : \u00ab La d\u00e9fense est l\u2019\u00e2me de ton \u00e9quipe \u00bb. Cela montre la qualit\u00e9 humaine, la force morale que nous poss\u00e9dons \u00bb, relate Fabrice Ribeyrolles, coentra\u00eeneur de cette \u00e9quipe de l\u2019ASM Rugby F\u00e9minin. \u00ab Nous devons nous am\u00e9liorer sur ce sujet, o\u00f9 nous avons des lacunes, comme nous avons pu l\u2019observer \u00e0 Grenoble. Aujourd\u2019hui nous insistons, l\u00e0-dessus, sur cette animation offensive. J\u2019esp\u00e8re que samedi, nous montrons le niveau dans ce domaine. \u00c0 nous de nous afficher cliniques, efficaces, sans oublier de prendre du plaisir \u00bb, conclut Fabrice Ribeyrolles.<\/p>\n<p>\t\t\t\t<a class=\"gofollow\" data-track=\"MjgzLDIsNjA=\" href=\"https:\/\/inspire-clermontmetropole.fr\/\" target=\"_blank\" rel=\"nofollow noopener\"><img decoding=\"async\" src=\"https:\/\/www.europesays.com\/fr\/wp-content\/uploads\/2025\/12\/29708_SMTC-7j-a-Clermont-Bandeau-home-728x90px-150dpi-v3.jpg\"\/><\/a><\/p>\n","protected":false},"excerpt":{"rendered":"\u00c0 l\u2019occasion de la 7e journ\u00e9e de championnat AXA \u00c9lite 1, samedi 13 d\u00e9cembre \u00e0 18H45, les prot\u00e9g\u00e9es&hellip;\n","protected":false},"author":2,"featured_media":596444,"comment_status":"","ping_status":"","sticky":false,"template":"","format":"standard","meta":{"footnotes":""},"categories":[9619],"tags":[1111,11,66633,1777,674,1011,27,12,882,8177,25,479,29249,2310],"class_list":{"0":"post-596443","1":"post","2":"type-post","3":"status-publish","4":"format-standard","5":"has-post-thumbnail","7":"category-toulon","8":"tag-actu","9":"tag-actualites","10":"tag-asm-rugby-feminin","11":"tag-eu","12":"tag-europe","13":"tag-fr","14":"tag-france","15":"tag-news","16":"tag-provence-alpes-cote-dazur","17":"tag-rc-toulon","18":"tag-republique-francaise","19":"tag-rugby","20":"tag-sport-feminin","21":"tag-toulon"},"share_on_mastodon":{"url":"https:\/\/pubeurope.com\/@fr\/115711138640875818","error":""},"_links":{"self":[{"href":"https:\/\/www.europesays.com\/fr\/wp-json\/wp\/v2\/posts\/596443","targetHints":{"allow":["GET"]}}],"collection":[{"href":"https:\/\/www.europesays.com\/fr\/wp-json\/wp\/v2\/posts"}],"about":[{"href":"https:\/\/www.europesays.com\/fr\/wp-json\/wp\/v2\/types\/post"}],"author":[{"embeddable":true,"href":"https:\/\/www.europesays.com\/fr\/wp-json\/wp\/v2\/users\/2"}],"replies":[{"embeddable":true,"href":"https:\/\/www.europesays.com\/fr\/wp-json\/wp\/v2\/comments?post=596443"}],"version-history":[{"count":0,"href":"https:\/\/www.europesays.com\/fr\/wp-json\/wp\/v2\/posts\/596443\/revisions"}],"wp:featuredmedia":[{"embeddable":true,"href":"https:\/\/www.europesays.com\/fr\/wp-json\/wp\/v2\/media\/596444"}],"wp:attachment":[{"href":"https:\/\/www.europesays.com\/fr\/wp-json\/wp\/v2\/media?parent=596443"}],"wp:term":[{"taxonomy":"category","embeddable":true,"href":"https:\/\/www.europesays.com\/fr\/wp-json\/wp\/v2\/categories?post=596443"},{"taxonomy":"post_tag","embeddable":true,"href":"https:\/\/www.europesays.com\/fr\/wp-json\/wp\/v2\/tags?post=596443"}],"curies":[{"name":"wp","href":"https:\/\/api.w.org\/{rel}","templated":true}]}}