{"id":596449,"date":"2025-12-13T07:47:15","date_gmt":"2025-12-13T07:47:15","guid":{"rendered":"https:\/\/www.europesays.com\/fr\/596449\/"},"modified":"2025-12-13T07:47:15","modified_gmt":"2025-12-13T07:47:15","slug":"un-acheteur-de-lagglo-de-rouen-cachait-des-videos-glacantes","status":"publish","type":"post","link":"https:\/\/www.europesays.com\/fr\/596449\/","title":{"rendered":"un acheteur de l&rsquo;agglo de Rouen cachait des vid\u00e9os gla\u00e7antes"},"content":{"rendered":"<p>                    Par<br \/>\n        <strong><br \/>\n            <a href=\"https:\/\/actu.fr\/auteur\/julien-bouteiller\" title=\"Consulter tous les articles de Julien Bouteiller\" target=\"_blank\" rel=\"noopener\">Julien Bouteiller<\/a><br \/>\n                    <\/strong><\/p>\n<p>        Publi\u00e9 le<\/p>\n<p>            13 d\u00e9c. 2025 \u00e0 8h31        <\/p>\n<p><strong>\u00ab\u00a0Il n\u2019\u00e9tait pas connu pour des faits de nature sexuelle\u00a0\u00bb<\/strong>, selon le parquet de Rouen. Mais l\u2019homme interpell\u00e9 \u00e0 <a href=\"https:\/\/actu.fr\/normandie\/saint-etienne-du-rouvray_76575\" target=\"_blank\" rel=\"noopener\">Saint-\u00c9tienne-du-Rouvray<\/a> pour d\u00e9tention d\u2019une <a href=\"https:\/\/actu.fr\/societe\/poupees-pedopornographiques-vendues-sur-shein-et-temu-une-vingtaine-de-personnes-interpellees-en-france_63560661.html\" target=\"_blank\" rel=\"noopener\">poup\u00e9e p\u00e9dopornographique achet\u00e9e sur Shein<\/a> a \u00e9t\u00e9 <strong>mis en examen pour viol<\/strong> ce vendredi 12 d\u00e9cembre 2025. Explications.<\/p>\n<p>Acheteur d\u2019une poup\u00e9e p\u00e9dopornographique sur Shein<\/p>\n<p class=\" wall-content\">La vente sur le site chinois de poup\u00e9es sexuelles \u00e0 l\u2019effigie de mineurs a d\u00e9fray\u00e9 la chronique ces derni\u00e8res semaines. Mais a aussi donn\u00e9 lieu \u00e0 l\u2019ouverture d\u2019une enqu\u00eate de l\u2019Ofmin, office centrale de la PJ en charge des violences contre les mineurs.<\/p>\n<p class=\" wall-content\">C\u2019est dans ce cadre que <a href=\"https:\/\/actu.fr\/grand-est\/mulhouse_68224\/haut-rhin-deux-hommes-interpelles-apres-avoir-achete-plusieurs-poupees-sexuelles-pedopornographiques_63564584.html\" target=\"_blank\" rel=\"noopener\">plusieurs acheteurs de ces poup\u00e9es ont \u00e9t\u00e9 interpell\u00e9s<\/a> dans la semaine, dont un homme de 44 ans, appr\u00e9hend\u00e9 \u00e0 Saint-\u00c9tienne-du-Rouvray.<\/p>\n<p class=\" wall-content\">\u00ab\u00a0Entendu, il d\u00e9clarait <strong>avoir achet\u00e9 la poup\u00e9e car il se sentait seul<\/strong>, l\u2019avait utilis\u00e9e puis jet\u00e9e\u00a0\u00bb, \u00e9crit le procureur S\u00e9bastien Gallois, confirmant que l\u2019objet n\u2019a pas \u00e9t\u00e9 retrouv\u00e9.<\/p>\n<p>Des vid\u00e9os de viol sur son ordinateur<\/p>\n<p class=\" wall-content\">Toutefois, l\u2019affaire ne s\u2019arr\u00eate pas l\u00e0 car les enqu\u00eateurs ont fait <strong>une gla\u00e7ante d\u00e9couverte<\/strong> dans le mat\u00e9riel informatique du suspect : des vid\u00e9os \u00ab\u00a0dat\u00e9es visiblement de 2024 sur lesquelles le mis en cause, visible, [commet] des agressions sexuelles\u00a0\u00bb <strong>sur des enfants et sur une femme adulte.<\/strong><\/p>\n<p>Vid\u00e9os : en ce moment sur Actu<\/p>\n<p class=\" wall-content\">Ainsi, outre l\u2019acquisition et d\u00e9tention de l\u2019image ou de la repr\u00e9sentation d\u2019un mineur \u00e0 caract\u00e8re pornographique, il est aussi poursuivi pour enregistrement ou fixation d\u2019image \u00e0 caract\u00e8re pornographique d\u2019un mineur ainsi que viol et agression sexuelle. L\u2019enqu\u00eate se poursuit sous l\u2019\u00e9gide du parquet de Rouen.\u00a0<\/p>\n<p>Suivez l\u2019actualit\u00e9 de Rouen <a href=\"https:\/\/www.whatsapp.com\/channel\/0029VaKfnf99hXF2ddApFB1D\" target=\"_blank\" rel=\"noopener\">sur notre cha\u00eene WhatsApp<\/a> et <a href=\"https:\/\/www.tiktok.com\/@76actu.fr?lang=fr\" target=\"_blank\" rel=\"noopener\">sur notre compte TikTok<\/a><\/p>\n<p class=\" wall-content\">Personnalisez votre actualit\u00e9 en ajoutant vos villes et m\u00e9dias en favori avec <a href=\"https:\/\/moncompte.actu.fr\" title=\"D\u00e9couvez Mon Actu\" rel=\"nofollow noopener\" data-trk=\"{&quot;cta&quot;:{&quot;action&quot;:&quot;https:\\\/\\\/moncompte.actu.fr&quot;,&quot;category&quot;:&quot;mon compte&quot;,&quot;from&quot;:&quot;article footer&quot;,&quot;name&quot;:&quot;Mon actu&quot;,&quot;type&quot;:&quot;cta&quot;}}\" target=\"_blank\">Mon Actu<\/a>.<\/p>\n<p>                    <script async src=\"\/\/www.tiktok.com\/embed.js\"><\/script><\/p>\n","protected":false},"excerpt":{"rendered":"Par Julien Bouteiller Publi\u00e9 le 13 d\u00e9c. 2025 \u00e0 8h31 \u00ab\u00a0Il n\u2019\u00e9tait pas connu pour des faits de&hellip;\n","protected":false},"author":2,"featured_media":596450,"comment_status":"","ping_status":"","sticky":false,"template":"","format":"standard","meta":{"footnotes":""},"categories":[9587],"tags":[1111,11,1777,674,118,1011,27,12,5161,1072,25,9590,799],"class_list":{"0":"post-596449","1":"post","2":"type-post","3":"status-publish","4":"format-standard","5":"has-post-thumbnail","7":"category-rouen","8":"tag-actu","9":"tag-actualites","10":"tag-eu","11":"tag-europe","12":"tag-faits-divers","13":"tag-fr","14":"tag-france","15":"tag-news","16":"tag-normandie","17":"tag-police","18":"tag-republique-francaise","19":"tag-rouen","20":"tag-violences-sexuelles"},"share_on_mastodon":{"url":"https:\/\/pubeurope.com\/@fr\/115711157718165113","error":""},"_links":{"self":[{"href":"https:\/\/www.europesays.com\/fr\/wp-json\/wp\/v2\/posts\/596449","targetHints":{"allow":["GET"]}}],"collection":[{"href":"https:\/\/www.europesays.com\/fr\/wp-json\/wp\/v2\/posts"}],"about":[{"href":"https:\/\/www.europesays.com\/fr\/wp-json\/wp\/v2\/types\/post"}],"author":[{"embeddable":true,"href":"https:\/\/www.europesays.com\/fr\/wp-json\/wp\/v2\/users\/2"}],"replies":[{"embeddable":true,"href":"https:\/\/www.europesays.com\/fr\/wp-json\/wp\/v2\/comments?post=596449"}],"version-history":[{"count":0,"href":"https:\/\/www.europesays.com\/fr\/wp-json\/wp\/v2\/posts\/596449\/revisions"}],"wp:featuredmedia":[{"embeddable":true,"href":"https:\/\/www.europesays.com\/fr\/wp-json\/wp\/v2\/media\/596450"}],"wp:attachment":[{"href":"https:\/\/www.europesays.com\/fr\/wp-json\/wp\/v2\/media?parent=596449"}],"wp:term":[{"taxonomy":"category","embeddable":true,"href":"https:\/\/www.europesays.com\/fr\/wp-json\/wp\/v2\/categories?post=596449"},{"taxonomy":"post_tag","embeddable":true,"href":"https:\/\/www.europesays.com\/fr\/wp-json\/wp\/v2\/tags?post=596449"}],"curies":[{"name":"wp","href":"https:\/\/api.w.org\/{rel}","templated":true}]}}