{"id":596463,"date":"2025-12-13T07:54:12","date_gmt":"2025-12-13T07:54:12","guid":{"rendered":"https:\/\/www.europesays.com\/fr\/596463\/"},"modified":"2025-12-13T07:54:12","modified_gmt":"2025-12-13T07:54:12","slug":"voici-quand-le-public-pourra-jouer-comme-a-la-tele","status":"publish","type":"post","link":"https:\/\/www.europesays.com\/fr\/596463\/","title":{"rendered":"voici quand le public pourra jouer comme \u00e0 la t\u00e9l\u00e9"},"content":{"rendered":"<p>                    Par<br \/>\n        <strong><br \/>\n            <a href=\"https:\/\/actu.fr\/auteur\/arthur-frand\" title=\"Consulter tous les articles de Arthur Frand\" target=\"_blank\" rel=\"noopener\">Arthur Frand<\/a><br \/>\n                    <\/strong><\/p>\n<p>        Publi\u00e9 le<\/p>\n<p>            13 d\u00e9c. 2025 \u00e0 8h48        <\/p>\n<p>Amateurs du Fort et de ses secrets, ce nouveau jeu est pour vous. L\u2019action game officiel du c\u00e9l\u00e8bre jeu t\u00e9l\u00e9vis\u00e9 de France 2 va voir le jour pr\u00e8s de Nice. Il prendra place, en 2026, au sein du <strong>centre commercial Shopping Promenade Riviera, <\/strong>\u00e0 Cagnes-sur-Mer, \u00e0 quelques minutes de <a href=\"https:\/\/actu.fr\/nice\/\" target=\"_blank\" rel=\"noopener\">Nice,<\/a> dans les <a href=\"https:\/\/actu.fr\/provence-alpes-cote-d-azur\/alpes-maritimes_06\" target=\"_blank\" rel=\"noopener\">Alpes-Maritimes<\/a>. Ce concept, qui a vu le jour il y a trois ans \u00e0 Br\u00e9tigny-sur-Orge (Essonne), a depuis \u00e9t\u00e9 import\u00e9 dans plusieurs villes de France, comme Marseille, dans les Bouches-du-Rh\u00f4ne.<\/p>\n<p class=\" wall-content\">Chaque centre accueille en moyenne <strong>80\u2009000\u00a0personnes par an<\/strong>. D\u00e9tails, ouverture, particularit\u00e9s\u2026 Voici tout ce qu\u2019il faut savoir sur ce concept qui d\u00e9barquera \u00e0 Cagnes-sur-Mer en 2026. La toute prochaine ouverture de Fort Boyard Aventures en France.<\/p>\n<p>\u00ab\u2009Nous sommes \u00e9norm\u00e9ment demand\u00e9s\u2009\u00bb<\/p>\n<p class=\" wall-content\">Fort Boyard Aventures est un vrai succ\u00e8s. Dans l\u2019Hexagone, bon nombre de centres commerciaux tentent <strong>d\u2019y faire venir le concept<\/strong>. \u00ab\u2009Nous sommes \u00e9norm\u00e9ment demand\u00e9s. On s\u2019implante souvent dans des centres commerciaux car ils ont la volont\u00e9 de se diversifier, de faire venir et faire rester un public nouveau ou des Urban Centre, espace de jeux divers avec Urban Soccer. Ils drainent beaucoup de personnes\u2009\u00bb, plante Alexis Carra, directeur des op\u00e9rations de Fort Boyard Aventures \u00e0 actu Nice.<\/p>\n<p class=\" wall-content\">Cette arriv\u00e9e \u00e0 Cagnes-sur-Mer s\u2019inscrit dans un grand plan de transformation de Shopping Promenade Riviera. Le centre commercial va\u00a0investir 28\u00a0millions d\u2019euros pour <strong>renouveler et d\u00e9velopper son offre<\/strong>. \u00ab\u2009Nous avons la volont\u00e9 d\u2019attirer un public tr\u00e8s large, sur r\u00e9servation \u00e0 80% et sur impulsion \u00e0 20\u2009%. Cet action game r\u00e9unit aussi bien des familles que des amis. On peut acheter ou manger un truc et s\u2019essayer \u00e0 l\u2019action game Fort Boyard au m\u00eame endroit\u2009\u00bb, d\u00e9veloppe Alexis Carra.<\/p>\n<p>    <img   decoding=\"async\" loading=\"lazy\" src=\"https:\/\/www.europesays.com\/fr\/wp-content\/uploads\/2025\/12\/09-fort-boyard-aventures-c-2023-adventure-line-productions-960x640.jpg\" alt=\"La salle du tr\u00e9sor... comme dans l'\u00e9misison !\" width=\"960\" height=\"640\"\/><br \/>\n    La salle du tr\u00e9sor (presque) comme dans l\u2019\u00e9mission\u2009! (\u00a9Fort Boyard Aventures)Un jeu tr\u00e8s immersif<\/p>\n<p class=\" wall-content\">\u00c0 Cagnes-sur-Mer, les visiteurs pourront visiter un jeu tr\u00e8s immersif. Comme \u00e0 la t\u00e9l\u00e9 ou presque.<\/p>\n<blockquote class=\"ac-article-quote wall-content\">\n<p>C\u2019\u00e9tait une vraie demande des fans de l\u2019\u00e9mission qui ne peuvent pas acc\u00e9der au vrai Fort (en Charente) en mer. Celui-ci est ferm\u00e9 et n\u2019est accessible qu\u2019aux personnalit\u00e9s. C\u2019est donc un bon moyen de vivre l\u2019exp\u00e9rience Fort Boyard. Cet action game r\u00e9unit aussi bien des familles que des amis.<\/p>\n<p>    <strong>Alexis Carra<\/strong><br \/>\n        Directeur des op\u00e9rations de Fort Boyard Adventures    <\/p><\/blockquote>\n<p>Votre r\u00e9gion, votre actu !<\/p>\n<p>Recevez chaque jour les infos qui comptent pour vous.<\/p>\n<p>\t<a href=\"https:\/\/actu.fr\/newsletter\" class=\"ac-btn ac-btn--corner ac-btn--medium ac-btn--blue800\" target=\"_blank\" rel=\"noopener\">S&rsquo;incrire<\/a><br \/>\nTous les codes de Fort Boyard<\/p>\n<p class=\" wall-content\">Au centre commercial Shopping Promenade Riviera, <strong>30 cellules de jeux mettront \u00e0 l\u2019\u00e9preuve les joueurs<\/strong> sur 900m\u00b2. Cet action game reprend tous les codes de Fort Boyard\u2009: la qu\u00eate des cl\u00e9s, la salle du jugement si vous n\u2019avez pas obtenu de cl\u00e9s mais aussi la salle aux tr\u00e9sors, \u00e9tape finale du jeu. \u00ab\u2009On peut jouer en \u00e9quipe de 2 \u00e0 5 joueurs \u00e0 partir de 7 ans, il faut remporter les cl\u00e9s virtuelles et les indices pour acc\u00e9der \u00e0 la Salle du Tr\u00e9sor, d\u00e9couvrir le mot code et collecter un maximum de boyards\u2009\u00bb, expose Alexis Carra.<\/p>\n<p>Ouverture pr\u00e9vue le 1er\u00a0avril 2026<\/p>\n<p class=\" wall-content\">Deux formules seront disponibles\u2009: le mode d\u00e9couverte \u00e0 23 euros (ou 18 euros pour les moins de 15 ans) pour une exp\u00e9rience de 50 minutes et le mode exploration \u00e0 29 euros (ou 24 euros) pour 1h20 de jeu. Le complexe sera ouvert de 16\u2009h \u00e0 20\u2009h en semaine et de 10\u2009h \u00e0 20\u2009h le week-end.<\/p>\n<p class=\" wall-content\">Mais il faudra <strong>encore patienter<\/strong> avant de pouvoir le tester. Les cellules accueilleront leurs premiers aventuriers au d\u00e9but du printemps \u00e0 Cagnes-sur-Mer. \u00ab\u2009La date cibl\u00e9e pour l\u2019ouverture est fix\u00e9e au avril 2026 et ce n\u2019est pas une blague, sauf retard impr\u00e9vu dans les travaux\u2009\u00bb, confie Alexis Carra \u00e0 actu Nice.<\/p>\n<p class=\" wall-content\">Personnalisez votre actualit\u00e9 en ajoutant vos villes et m\u00e9dias en favori avec <a href=\"https:\/\/moncompte.actu.fr\" title=\"D\u00e9couvez Mon Actu\" rel=\"nofollow noopener\" data-trk=\"{&quot;cta&quot;:{&quot;action&quot;:&quot;https:\\\/\\\/moncompte.actu.fr&quot;,&quot;category&quot;:&quot;mon compte&quot;,&quot;from&quot;:&quot;article footer&quot;,&quot;name&quot;:&quot;Mon actu&quot;,&quot;type&quot;:&quot;cta&quot;}}\" target=\"_blank\">Mon Actu<\/a>.<\/p>\n","protected":false},"excerpt":{"rendered":"Par Arthur Frand Publi\u00e9 le 13 d\u00e9c. 2025 \u00e0 8h48 Amateurs du Fort et de ses secrets, ce&hellip;\n","protected":false},"author":2,"featured_media":596464,"comment_status":"","ping_status":"","sticky":false,"template":"","format":"standard","meta":{"footnotes":""},"categories":[2819],"tags":[1111,11,1777,674,15745,1011,27,12,2401,3147,882,25,104],"class_list":{"0":"post-596463","1":"post","2":"type-post","3":"status-publish","4":"format-standard","5":"has-post-thumbnail","7":"category-nice","8":"tag-actu","9":"tag-actualites","10":"tag-eu","11":"tag-europe","12":"tag-fort-boyard","13":"tag-fr","14":"tag-france","15":"tag-news","16":"tag-nice","17":"tag-nouveaux-commerces","18":"tag-provence-alpes-cote-dazur","19":"tag-republique-francaise","20":"tag-societe"},"share_on_mastodon":{"url":"https:\/\/pubeurope.com\/@fr\/115711185747125339","error":""},"_links":{"self":[{"href":"https:\/\/www.europesays.com\/fr\/wp-json\/wp\/v2\/posts\/596463","targetHints":{"allow":["GET"]}}],"collection":[{"href":"https:\/\/www.europesays.com\/fr\/wp-json\/wp\/v2\/posts"}],"about":[{"href":"https:\/\/www.europesays.com\/fr\/wp-json\/wp\/v2\/types\/post"}],"author":[{"embeddable":true,"href":"https:\/\/www.europesays.com\/fr\/wp-json\/wp\/v2\/users\/2"}],"replies":[{"embeddable":true,"href":"https:\/\/www.europesays.com\/fr\/wp-json\/wp\/v2\/comments?post=596463"}],"version-history":[{"count":0,"href":"https:\/\/www.europesays.com\/fr\/wp-json\/wp\/v2\/posts\/596463\/revisions"}],"wp:featuredmedia":[{"embeddable":true,"href":"https:\/\/www.europesays.com\/fr\/wp-json\/wp\/v2\/media\/596464"}],"wp:attachment":[{"href":"https:\/\/www.europesays.com\/fr\/wp-json\/wp\/v2\/media?parent=596463"}],"wp:term":[{"taxonomy":"category","embeddable":true,"href":"https:\/\/www.europesays.com\/fr\/wp-json\/wp\/v2\/categories?post=596463"},{"taxonomy":"post_tag","embeddable":true,"href":"https:\/\/www.europesays.com\/fr\/wp-json\/wp\/v2\/tags?post=596463"}],"curies":[{"name":"wp","href":"https:\/\/api.w.org\/{rel}","templated":true}]}}