{"id":596465,"date":"2025-12-13T07:55:11","date_gmt":"2025-12-13T07:55:11","guid":{"rendered":"https:\/\/www.europesays.com\/fr\/596465\/"},"modified":"2025-12-13T07:55:11","modified_gmt":"2025-12-13T07:55:11","slug":"classement-des-hopitaux-2025-voici-ou-figurent-les-centres-hospitaliers-de-nice","status":"publish","type":"post","link":"https:\/\/www.europesays.com\/fr\/596465\/","title":{"rendered":"Classement des h\u00f4pitaux 2025. Voici o\u00f9 figurent les centres hospitaliers de Nice"},"content":{"rendered":"<p>                    Par<br \/>\n        <strong><br \/>\n            <a href=\"https:\/\/actu.fr\/auteur\/ugo-maillard\" title=\"Consulter tous les articles de Ugo Maillard\" target=\"_blank\" rel=\"noopener\">Ugo Maillard<\/a><br \/>\n                    <\/strong><\/p>\n<p>        Publi\u00e9 le<\/p>\n<p>            13 d\u00e9c. 2025 \u00e0 7h56        <\/p>\n<p>Un classement toujours tr\u00e8s attendu par les patients et les professionnels de sant\u00e9. En ce mois de d\u00e9cembre\u00a02025, le magazine Le Point a publi\u00e9 le<strong> classement des meilleurs h\u00f4pitaux et cliniques en France<\/strong>.<\/p>\n<p class=\" wall-content\">Classement des h\u00f4pitaux 2025 \u00e0 Nice. Le CHU stable, cette c\u00e9l\u00e8bre clinique sur performe<\/p>\n<p class=\" wall-content\">\u00c0 Nice et dans les <a href=\"https:\/\/actu.fr\/provence-alpes-cote-d-azur\/alpes-maritimes_06\" target=\"_blank\" rel=\"noopener\">Alpes-Maritimes<\/a>, les centres hospitaliers se distinguent dans de nombreux domaines. La r\u00e9daction d\u2019<a href=\"https:\/\/actu.fr\/nice\/\" target=\"_blank\" rel=\"noopener\">actu Nice<\/a> a list\u00e9 toutes les apparitions des <strong>h\u00f4pitaux<\/strong> dans les classements.<\/p>\n<p>Nice int\u00e8gre le top\u00a020<\/p>\n<p class=\" wall-content\">Dans le classement des CHU, <strong>Nice figure \u00e0 la 20\u1d49 place<\/strong> et gagne un rang par rapport \u00e0 l\u2019\u00e9dition 2024. Le classement est toujours domin\u00e9 par celui de Toulouse.<\/p>\n<p class=\" wall-content\">Le centre hospitalier universitaire de Nice d\u00e9croche par la m\u00eame occasion la premi\u00e8re place des \u00e9tablissements de <a href=\"https:\/\/actu.fr\/provence-alpes-cote-d-azur\/\" target=\"_blank\" rel=\"noopener\">Provence-Alpes-C\u00f4te d\u2019Azur<\/a> devant l\u2019h\u00f4pital Saint-Joseph de Marseille (24\u1d49).<\/p>\n<p class=\" wall-content\">\u00c0 noter que la clinique Saint-Georges de Nice fait un bond spectaculaire de 19 rangs dans le classement des meilleures cliniques en France et d\u00e9croche la 18\u1d49 place.<\/p>\n<p>Les sp\u00e9cialit\u00e9s de Pasteur<\/p>\n<p class=\" wall-content\">L\u2019<strong>h\u00f4pital Pasteur<\/strong>, le plus grand \u00e9tablissement du d\u00e9partement, est cit\u00e9 \u00e0 de tr\u00e8s nombreuses reprises. Des notations qui font du centre hospitalier, l\u2019un des plus complets de France.<\/p>\n<p>Votre r\u00e9gion, votre actu !<\/p>\n<p>Recevez chaque jour les infos qui comptent pour vous.<\/p>\n<p>\t<a href=\"https:\/\/actu.fr\/newsletter\" class=\"ac-btn ac-btn--corner ac-btn--medium ac-btn--blue800\" target=\"_blank\" rel=\"noopener\">S&rsquo;incrire<\/a><\/p>\n<ul class=\" wall-content\">\n<li>16\u1d49 place sur ses chirurgies de la corn\u00e9e<\/li>\n<li>13\u1d49 place pour la pneumologie de l\u2019adulte<\/li>\n<li>38\u1d49 place pour les insuffisances cardiaques<\/li>\n<li>46\u1d49 place pour les infarctus du myocarde<\/li>\n<li>16\u1d49 place pour la chirurgie des carotides<\/li>\n<li>14\u1d49 place pour la chirurgie des art\u00e8res<\/li>\n<li>4\u1d49 place pour la m\u00e9decine vasculaire<\/li>\n<li>13\u1d49 place pour la gestion des accidents vasculaires c\u00e9r\u00e9braux<\/li>\n<li>8\u1d49 place pour la maladie de Parkinson<\/li>\n<li>11\u1d49 place pour la scl\u00e9rose en plaques<\/li>\n<li>21\u1d49 place pour l\u2019\u00e9pilepsie<\/li>\n<li>15\u1d49 place pour l\u2019ad\u00e9nome de la prostate<\/li>\n<li>10\u1d49 place pour le cancer du rein<\/li>\n<li>27\u1d49 place pour les proth\u00e8ses du genou<\/li>\n<li>18\u1d49 place pour les proth\u00e8ses de la hanche<\/li>\n<li>9\u1d49 place pour les urgences de la main<\/li>\n<li>13\u1d49 place pour l\u2019arthrose de la main<\/li>\n<li>8\u1d49 place pour la chirurgie de l\u2019\u00e9paule<\/li>\n<li>7\u1d49 place pour la chirurgie du dos<\/li>\n<li>24\u1d49 place pour la tumeur du cerveau<\/li>\n<\/ul>\n<p>Les sp\u00e9cialit\u00e9s des autres \u00e9tablissements ni\u00e7ois<\/p>\n<p class=\" wall-content\">L\u2019<strong>institut universitaire de la Face et du Cou<\/strong> pointe au 4\u1d49 rang au sujet des cancers ORL avec une note de 18,85\/20 sur 119 \u00e9tablissements hospitaliers scrut\u00e9s au peigne fin. Ce m\u00eame \u00e9tablissement d\u00e9croche la 15\u1d49 place pour les chirurgies du nez et des sinus, la 9\u1d49 place pour les chirurgies maxillo-faciales, la 13\u1d49 place pour les interventions sur les glandes salivaires et la 8\u1d49 place pour les cancers de la thyro\u00efde.<\/p>\n<p class=\" wall-content\">Le <strong>centre hospitalier Sainte-Marie<\/strong> est \u00e0 la 45\u1d49 place pour la d\u00e9pression et \u00e0 la 15\u1d49 pour la schizophr\u00e9nie.<\/p>\n<p class=\" wall-content\">De son c\u00f4t\u00e9, le <strong>centre Antoine-Lacassagne<\/strong> de Nice est \u00e0 la 9\u1d49 place pour les cancers du poumon, \u00e0 la 20\u1d49 pour le cancer du sein, \u00e0 la 30\u1d49 pour le cancer de l\u2019ovaire, \u00e0 la 5\u1d49 pour le cancer de la prostate et \u00e0 la 5\u1d49 pour le cancer de la peau.<\/p>\n<p class=\" wall-content\">Vient l\u2019<strong>h\u00f4pital l\u2019Archet<\/strong> qui obtient une 35\u1d49 place pour le fibrome ut\u00e9rin, une 24\u1d49 pour le diab\u00e8te, une 7\u1d49 pour la chirurgie de l\u2019ob\u00e9sit\u00e9, une 28\u1d49 pour les maladies inflammatoires chroniques de l\u2019intestin, une 39\u1d49 pour le cancer du c\u00f4lon, une 19\u1d49 pour le cancer du foie, une 43\u1d49 pour la hernie abdominale, une 47\u1d49 pour la v\u00e9sicule biliaire, une 24\u1d49 pour la leuc\u00e9mie de l\u2019enfant, et une 36\u1d49 pour le lymphome.<\/p>\n<p class=\" wall-content\">\u00c0 noter que le <strong>CHU des h\u00f4pitaux p\u00e9diatriques<\/strong> se distingue avec une 8\u1d49 place pour les op\u00e9rations sur les amygdales, une 12\u1d49 place pour la pneumologie, une 12\u1d49 place pour le stress post-traumatique, une 8\u1d49 place pour la chirurgie des testicules, une 14\u1d49 place pour la chirurgie du dos, une 18\u1d49 place pour le diab\u00e8te et une 33\u1d49 place pour l\u2019appendicite.<\/p>\n<p>Et dans le d\u00e9partement\u2009?<\/p>\n<p class=\" wall-content\">Le classement \u00e9tabli par nos confr\u00e8res salue le <strong>centre hospitalier de Cannes<\/strong> pour sa chirurgie des glaucomes avec une 14\u1d49 place.<\/p>\n<p class=\" wall-content\">L\u2019<strong>institut Arnaud Tzanck<\/strong> \u00e0 Saint-Laurent-du-Var pointe, lui, \u00e0 la 30\u1d49 place pour la cardiologie interventionnelle et \u00e0 la 38\u1d49 place pour la chirurgie cardiaque.<\/p>\n<p class=\" wall-content\">Enfin, le<strong> centre hospitalier de Grasse<\/strong> est 13\u1d49 pour les calculs urinaires.<\/p>\n<p class=\" wall-content\">Personnalisez votre actualit\u00e9 en ajoutant vos villes et m\u00e9dias en favori avec <a href=\"https:\/\/moncompte.actu.fr\" title=\"D\u00e9couvez Mon Actu\" rel=\"nofollow noopener\" data-trk=\"{&quot;cta&quot;:{&quot;action&quot;:&quot;https:\\\/\\\/moncompte.actu.fr&quot;,&quot;category&quot;:&quot;mon compte&quot;,&quot;from&quot;:&quot;article footer&quot;,&quot;name&quot;:&quot;Mon actu&quot;,&quot;type&quot;:&quot;cta&quot;}}\" target=\"_blank\">Mon Actu<\/a>.<\/p>\n","protected":false},"excerpt":{"rendered":"Par Ugo Maillard Publi\u00e9 le 13 d\u00e9c. 2025 \u00e0 7h56 Un classement toujours tr\u00e8s attendu par les patients&hellip;\n","protected":false},"author":2,"featured_media":596466,"comment_status":"","ping_status":"","sticky":false,"template":"","format":"standard","meta":{"footnotes":""},"categories":[2819],"tags":[1111,11,1777,674,1011,27,100,12,2401,882,25,71,104],"class_list":{"0":"post-596465","1":"post","2":"type-post","3":"status-publish","4":"format-standard","5":"has-post-thumbnail","7":"category-nice","8":"tag-actu","9":"tag-actualites","10":"tag-eu","11":"tag-europe","12":"tag-fr","13":"tag-france","14":"tag-hopital","15":"tag-news","16":"tag-nice","17":"tag-provence-alpes-cote-dazur","18":"tag-republique-francaise","19":"tag-sante","20":"tag-societe"},"share_on_mastodon":{"url":"https:\/\/pubeurope.com\/@fr\/115711188853921778","error":""},"_links":{"self":[{"href":"https:\/\/www.europesays.com\/fr\/wp-json\/wp\/v2\/posts\/596465","targetHints":{"allow":["GET"]}}],"collection":[{"href":"https:\/\/www.europesays.com\/fr\/wp-json\/wp\/v2\/posts"}],"about":[{"href":"https:\/\/www.europesays.com\/fr\/wp-json\/wp\/v2\/types\/post"}],"author":[{"embeddable":true,"href":"https:\/\/www.europesays.com\/fr\/wp-json\/wp\/v2\/users\/2"}],"replies":[{"embeddable":true,"href":"https:\/\/www.europesays.com\/fr\/wp-json\/wp\/v2\/comments?post=596465"}],"version-history":[{"count":0,"href":"https:\/\/www.europesays.com\/fr\/wp-json\/wp\/v2\/posts\/596465\/revisions"}],"wp:featuredmedia":[{"embeddable":true,"href":"https:\/\/www.europesays.com\/fr\/wp-json\/wp\/v2\/media\/596466"}],"wp:attachment":[{"href":"https:\/\/www.europesays.com\/fr\/wp-json\/wp\/v2\/media?parent=596465"}],"wp:term":[{"taxonomy":"category","embeddable":true,"href":"https:\/\/www.europesays.com\/fr\/wp-json\/wp\/v2\/categories?post=596465"},{"taxonomy":"post_tag","embeddable":true,"href":"https:\/\/www.europesays.com\/fr\/wp-json\/wp\/v2\/tags?post=596465"}],"curies":[{"name":"wp","href":"https:\/\/api.w.org\/{rel}","templated":true}]}}