{"id":596469,"date":"2025-12-13T07:57:30","date_gmt":"2025-12-13T07:57:30","guid":{"rendered":"https:\/\/www.europesays.com\/fr\/596469\/"},"modified":"2025-12-13T07:57:30","modified_gmt":"2025-12-13T07:57:30","slug":"a-nantes-mixt-souvre-ca-son-public-et-ca-claque-2","status":"publish","type":"post","link":"https:\/\/www.europesays.com\/fr\/596469\/","title":{"rendered":"\u00c0 Nantes, Mixt s\u2019ouvre \u00e7a son public et \u00e7a claque\u00a0!"},"content":{"rendered":"<p>Trois ans de travaux, un budget de pr\u00e8s de 35\u00a0millions d\u2019euros \u2013 financ\u00e9 par le D\u00e9partement avec le soutien de l\u2019\u00c9tat \u2013, de nouvelles salles de spectacle, des espaces de r\u00e9p\u00e9tition, un bar restaurant ouvert six jours sur sept, un vaste jardin paysager tourn\u00e9 vers le quartier Saint-Donatien, \u00e0 l\u2019est de Nantes\u2026 Mixt ouvre, ce samedi 13\u00a0d\u00e9cembre, \u00e0 Nantes. Nouveau lieu d\u00e9di\u00e9 au spectacle vivant, qui prend la suite du Grand T. \u00a0\u00c0 l\u2019heure o\u00f9 notre fili\u00e8re professionnelle traverse une crise sans pr\u00e9c\u00e9dent, nous devrons \u00eatre \u00e0 la hauteur des attentes et des espoirs de la communaut\u00e9 artistique en souffrance\u00a0, a soulign\u00e9 la directrice du lieu, Catherine Blondeau, ce vendredi matin, lors de l\u2019inauguration officielle.<\/p>\n<p>\u00ab\u00a0Le droit \u00e0 la beaut\u00e9 est un droit fondamental\u00a0\u00bb<\/p>\n<p>De son c\u00f4t\u00e9, Michel M\u00e9nard, pr\u00e9sident du D\u00e9partement de Loire-Atlantique, a rappel\u00e9\u00a0: \u00a0Dans le contexte d\u2019asphyxie budg\u00e9taire que vivent les d\u00e9partements du fait de la chute brutale de leurs recettes, certains m\u2019ont conseill\u00e9 d\u2019abandonner la culture. Mais elle n\u2019est pas un privil\u00e8ge et le droit \u00e0 la beaut\u00e9 est un droit fondamental. Et les artistes, des vecteurs de sens et d\u2019\u00e9motion.\u00a0<\/p>\n<p>Ce vendredi matin, les premi\u00e8res artistes, des \u00e9l\u00e8ves du Studio de la danse \u00e0 Nantes, ont pu investir l\u2019espace sur une chor\u00e9graphie d\u2019\u00c9lise Lerat, artiste associ\u00e9e \u00e0 Mixt. Pour f\u00eater son ouverture, <a href=\"https:\/\/nantes.maville.com\/actu\/actudet_-noel-va-etre-fete-joyeusement-a-mixt-le-nouvel-equipement-culturel-qui-rouvre-samedi-a-nantes-_52716-7106393_actu.Htm\" target=\"_self\" rel=\"noopener\">Mixt organise trois week-ends de f\u00eate, ouverts \u00e0 tous, en d\u00e9cembre.<\/a> D\u00e8s ce samedi\u00a013 et dimanche\u00a014, on pourra suivre des visites guid\u00e9es, danser, participer \u00e0 un ch\u0153ur de No\u00ebl, des ateliers, un \u00e9chauffement collectif, une partie g\u00e9ante du jeu Just Dance\u2026 Et c\u2019est gratuit\u00a0!<\/p>\n<p><strong>Samedi\u00a013 et dimanche 14\u00a0d\u00e9cembre,<\/strong> \u00e0 partir de 13\u00a0h \u00e0 Mixt, 49,\u00a0rue du Coudray ou 76,\u00a0rue du G\u00e9n\u00e9ral-Buat, \u00e0 Nantes (bus C1\u00a0arr\u00eat Ch\u00e2latres). Gratuit (seuls les spectacles en salle sont payants). Programme complet sur <a href=\"https:\/\/mixt.fr\/\" target=\"_blank\" rel=\"noopener\">mixt.fr<\/a><\/p>\n<p>\u00a0<\/p>\n","protected":false},"excerpt":{"rendered":"Trois ans de travaux, un budget de pr\u00e8s de 35\u00a0millions d\u2019euros \u2013 financ\u00e9 par le D\u00e9partement avec le&hellip;\n","protected":false},"author":2,"featured_media":596468,"comment_status":"","ping_status":"","sticky":false,"template":"","format":"standard","meta":{"footnotes":""},"categories":[2818],"tags":[1111,11,1438,26071,1777,674,1011,27,28203,766,12,10102,2636,3532,25],"class_list":{"0":"post-596469","1":"post","2":"type-post","3":"status-publish","4":"format-standard","5":"has-post-thumbnail","7":"category-nantes","8":"tag-actu","9":"tag-actualites","10":"tag-angers","11":"tag-claque","12":"tag-eu","13":"tag-europe","14":"tag-fr","15":"tag-france","16":"tag-mixt","17":"tag-nantes","18":"tag-news","19":"tag-ouvre","20":"tag-pays-de-la-loire","21":"tag-public","22":"tag-republique-francaise"},"share_on_mastodon":{"url":"https:\/\/pubeurope.com\/@fr\/115711196755407108","error":""},"_links":{"self":[{"href":"https:\/\/www.europesays.com\/fr\/wp-json\/wp\/v2\/posts\/596469","targetHints":{"allow":["GET"]}}],"collection":[{"href":"https:\/\/www.europesays.com\/fr\/wp-json\/wp\/v2\/posts"}],"about":[{"href":"https:\/\/www.europesays.com\/fr\/wp-json\/wp\/v2\/types\/post"}],"author":[{"embeddable":true,"href":"https:\/\/www.europesays.com\/fr\/wp-json\/wp\/v2\/users\/2"}],"replies":[{"embeddable":true,"href":"https:\/\/www.europesays.com\/fr\/wp-json\/wp\/v2\/comments?post=596469"}],"version-history":[{"count":0,"href":"https:\/\/www.europesays.com\/fr\/wp-json\/wp\/v2\/posts\/596469\/revisions"}],"wp:featuredmedia":[{"embeddable":true,"href":"https:\/\/www.europesays.com\/fr\/wp-json\/wp\/v2\/media\/596468"}],"wp:attachment":[{"href":"https:\/\/www.europesays.com\/fr\/wp-json\/wp\/v2\/media?parent=596469"}],"wp:term":[{"taxonomy":"category","embeddable":true,"href":"https:\/\/www.europesays.com\/fr\/wp-json\/wp\/v2\/categories?post=596469"},{"taxonomy":"post_tag","embeddable":true,"href":"https:\/\/www.europesays.com\/fr\/wp-json\/wp\/v2\/tags?post=596469"}],"curies":[{"name":"wp","href":"https:\/\/api.w.org\/{rel}","templated":true}]}}