{"id":596474,"date":"2025-12-13T08:00:22","date_gmt":"2025-12-13T08:00:22","guid":{"rendered":"https:\/\/www.europesays.com\/fr\/596474\/"},"modified":"2025-12-13T08:00:22","modified_gmt":"2025-12-13T08:00:22","slug":"elections-municipales-ps-ecologistes-archipel-combien-de-places-pour-chaque-parti-dans-la-liste-de-francois-briancon-a-toulouse","status":"publish","type":"post","link":"https:\/\/www.europesays.com\/fr\/596474\/","title":{"rendered":"\u00c9lections municipales\u00a0: PS, \u00c9cologistes, Archipel, combien de places pour chaque parti dans la liste de Fran\u00e7ois Brian\u00e7on \u00e0 Toulouse"},"content":{"rendered":"<p>\n                                                                    l&rsquo;essentiel<br \/>\n                                                                \u00c0 trois mois du premier tour, le 15\u00a0mars 2026, la coalition \u00ab\u00a0la Gauche Unie pour Toulouse\u00a0\u00bb pr\u00e9cise l\u2019architecture politique de sa future liste. Sur les 69 candidats annonc\u00e9s, 52 sont d\u2019ores et d\u00e9j\u00e0 r\u00e9partis entre les huit partis de l\u2019alliance.\n                            <\/p>\n<p>\u00c0 trois mois du premier tour des \u00e9lections municipales de mars\u00a02026, la future liste \u00ab\u00a0la Gauche Unie pour Toulouse\u00a0\u00bb\u00a0avance ses pions.<\/p>\n<p>Face \u00e0 la majorit\u00e9 sortante de Jean-Luc Moudenc, l\u2019alliance de gauche entend conjuguer clart\u00e9 politique et ouverture.<\/p>\n<p>Parmi les 69 noms qui seront d\u00e9voil\u00e9s au compte-goutte, puis dans leur totalit\u00e9 courant janvier, 52 candidats ont d\u00e9j\u00e0 \u00e9t\u00e9 r\u00e9partis entre les huit formations composant le rassemblement.<\/p>\n<p>Chaque formation politique poss\u00e8de un quota de candidats<\/p>\n<p>Ces huit formations de gauche, hors France Insoumise qui pr\u00e9sentera \u00e9galement une liste men\u00e9e par Fran\u00e7ois Piquemal, constituent le socle politique de l\u2019alliance.<\/p>\n<p>Le Parti socialiste y disposera de 15 candidats, les \u00e9cologistes de 12, tandis qu\u2019Archipel comptera 8 militants. Le Parti communiste fran\u00e7ais d\u00e9signera 7 candidats, G\u00e9n\u00e9ration\u00b7s 5, Place publique et le PRG 2 chacun, et le MRC 1 candidat.<\/p>\n<p>Un partage assum\u00e9, qui ne se limite pas aux seuls appareils partisans.<\/p>\n<p>        <img decoding=\"async\" class=\"std-img__img responsive-img\" src=\"https:\/\/www.europesays.com\/fr\/wp-content\/uploads\/2025\/12\/1765612822_189_image.png\" alt=\"Les repr\u00e9sentants des huit partis pr\u00e9sents sur la liste &quot;la Gauche unie pour Toulouse&quot;, le 3\u00a0d\u00e9cembre 2025.\"\/><\/p>\n<p>                Les repr\u00e9sentants des huit partis pr\u00e9sents sur la liste \u00ab\u00a0la Gauche unie pour Toulouse\u00a0\u00bb, le 3\u00a0d\u00e9cembre 2025.<br \/>\n                                    DDM &#8211; FREDERIC CHARMEUX<\/p>\n<p>\u00ab\u00a0Quand je dis candidats d\u00e9sign\u00e9s, cela signifie que chaque formation fera \u00e9galement place \u00e0 des personnes issues de la soci\u00e9t\u00e9 civile \u2014 et nous en avons d\u00e9j\u00e0 plusieurs\u00a0\u00bb, pr\u00e9cise Vincent Gibert, conseiller municipal et d\u00e9partemental \u00e0 Toulouse, et directeur de campagne.<\/p>\n<p class=\"std-elt__inline\">\n        <strong>\u00c0 lire aussi :<\/strong><br \/>\n        <a href=\"https:\/\/www.ladepeche.fr\/2025\/12\/12\/municipales-2026-a-toulouse-la-liste-briancon-se-devoile-avec-deux-premieres-colistieres-de-la-gauche-unie-13106769.php\" target=\"_blank\" rel=\"noopener\">Municipales 2026 \u00e0 Toulouse\u00a0: la liste Brian\u00e7on se d\u00e9voile, avec deux premi\u00e8res colisti\u00e8res de la Gauche Unie<\/a>\n    <\/p>\n<p>L\u2019objectif affich\u00e9 est de construire une liste repr\u00e9sentative des sensibilit\u00e9s politiques, mais aussi des r\u00e9alit\u00e9s sociales et citoyennes toulousaines.<\/p>\n<p>Les 17 places restantes\u00a0restent volontairement ouvertes. Elles permettront d\u2019ajuster les \u00e9quilibres et d\u2019int\u00e9grer de nouveaux profils.<\/p>\n<p>La liste d\u00e9finitive de la Gauche Unie pour Toulouse sera rendue publique courant janvier\u00a02026.<\/p>\n","protected":false},"excerpt":{"rendered":"l&rsquo;essentiel \u00c0 trois mois du premier tour, le 15\u00a0mars 2026, la coalition \u00ab\u00a0la Gauche Unie pour Toulouse\u00a0\u00bb pr\u00e9cise&hellip;\n","protected":false},"author":2,"featured_media":596475,"comment_status":"","ping_status":"","sticky":false,"template":"","format":"standard","meta":{"footnotes":""},"categories":[2816],"tags":[1111,11,1777,674,1011,27,329,2722,3434,12,2680,316,25,2312,37919],"class_list":{"0":"post-596474","1":"post","2":"type-post","3":"status-publish","4":"format-standard","5":"has-post-thumbnail","7":"category-toulouse","8":"tag-actu","9":"tag-actualites","10":"tag-eu","11":"tag-europe","12":"tag-fr","13":"tag-france","14":"tag-france-monde","15":"tag-haute-garonne","16":"tag-municipales-2026","17":"tag-news","18":"tag-occitanie","19":"tag-politique","20":"tag-republique-francaise","21":"tag-toulouse","22":"tag-u00c9lections"},"share_on_mastodon":{"url":"https:\/\/pubeurope.com\/@fr\/115711210240190934","error":""},"_links":{"self":[{"href":"https:\/\/www.europesays.com\/fr\/wp-json\/wp\/v2\/posts\/596474","targetHints":{"allow":["GET"]}}],"collection":[{"href":"https:\/\/www.europesays.com\/fr\/wp-json\/wp\/v2\/posts"}],"about":[{"href":"https:\/\/www.europesays.com\/fr\/wp-json\/wp\/v2\/types\/post"}],"author":[{"embeddable":true,"href":"https:\/\/www.europesays.com\/fr\/wp-json\/wp\/v2\/users\/2"}],"replies":[{"embeddable":true,"href":"https:\/\/www.europesays.com\/fr\/wp-json\/wp\/v2\/comments?post=596474"}],"version-history":[{"count":0,"href":"https:\/\/www.europesays.com\/fr\/wp-json\/wp\/v2\/posts\/596474\/revisions"}],"wp:featuredmedia":[{"embeddable":true,"href":"https:\/\/www.europesays.com\/fr\/wp-json\/wp\/v2\/media\/596475"}],"wp:attachment":[{"href":"https:\/\/www.europesays.com\/fr\/wp-json\/wp\/v2\/media?parent=596474"}],"wp:term":[{"taxonomy":"category","embeddable":true,"href":"https:\/\/www.europesays.com\/fr\/wp-json\/wp\/v2\/categories?post=596474"},{"taxonomy":"post_tag","embeddable":true,"href":"https:\/\/www.europesays.com\/fr\/wp-json\/wp\/v2\/tags?post=596474"}],"curies":[{"name":"wp","href":"https:\/\/api.w.org\/{rel}","templated":true}]}}