{"id":596483,"date":"2025-12-13T08:08:13","date_gmt":"2025-12-13T08:08:13","guid":{"rendered":"https:\/\/www.europesays.com\/fr\/596483\/"},"modified":"2025-12-13T08:08:13","modified_gmt":"2025-12-13T08:08:13","slug":"des-chefs-etoiles-aux-fourneaux-ce-samedi-pour-offrir-un-festin-de-noel-aux-etudiants","status":"publish","type":"post","link":"https:\/\/www.europesays.com\/fr\/596483\/","title":{"rendered":"des chefs \u00e9toil\u00e9s aux fourneaux ce samedi pour offrir un festin de No\u00ebl aux \u00e9tudiants"},"content":{"rendered":"<p>C&rsquo;est une parenth\u00e8se enchant\u00e9e dans un quotidien souvent marqu\u00e9 par la pr\u00e9carit\u00e9 et l&rsquo;isolement. Ce samedi 13 d\u00e9cembre, le Secours Populaire des Bouches-du-Rh\u00f4ne met les petits plats dans les grands pour la jeunesse marseillaise. 250 \u00e9tudiants sont attendus dans le 13e arrondissement pour un d\u00e9jeuner gastronomique sign\u00e9 par des grands chefs.<\/p>\n<p class=\"ng-star-inserted\">\u00ab\u00a0Pour que No\u00ebl n&rsquo;oublie personne\u00a0\u00bb. C&rsquo;est le mot d&rsquo;ordre de la <a href=\"https:\/\/maritima.fr\/actualites\/societe\/marseille\/4678\/a-marseille-les-peres-noel-verts-du-secours-populaire-distribuent-des-cadeaux-a-lecole-korsec\" target=\"_blank\" rel=\"noopener\">campagne des P\u00e8res No\u00ebl Verts<\/a> qui bat son plein en ce mois de d\u00e9cembre. Alors que les f\u00eates de fin d&rsquo;ann\u00e9e sont une p\u00e9riode souvent difficile psychologiquement et financi\u00e8rement <a href=\"https:\/\/maritima.fr\/actualites\/social\/bouches-du-rhone\/8878\/le-secours-populaire-des-bouches-du-rhone-alerte-sur-la-precarite-grandissante-des-etudiants\" target=\"_blank\" rel=\"noopener\">pour les jeunes isol\u00e9s<\/a>, le Secours Populaire a d\u00e9cid\u00e9 de leur offrir un moment d&rsquo;exception.<\/p>\n<p class=\"ng-star-inserted\">Pour cette 5e \u00e9dition du\u00a0<strong class=\"ng-star-inserted\">\u00ab\u00a0Repas \u00c9toil\u00e9 Sp\u00e9cial \u00c9tudiants\u00a0\u00bb<\/strong>, rendez-vous est donn\u00e9 de 12h \u00e0 18h au Centre Social du 7 avenue Saint-Paul (13013 Marseille).<\/p>\n<p class=\"ng-star-inserted\">\u00a0<\/p>\n<p>Menu gastronomique et chefs engag\u00e9s<\/p>\n<p class=\"ng-star-inserted\">L&rsquo;association ne fait pas les choses \u00e0 moiti\u00e9. Les \u00e9tudiants pourront d\u00e9guster un menu complet (entr\u00e9e, plat, dessert) digne des plus grandes tables. Et pour cause : ce sont les\u00a0<strong class=\"ng-star-inserted\">chefs \u00e9toil\u00e9s Aurore Danthez et Ilan Tinchant<\/strong>\u00a0qui renouvellent leur engagement b\u00e9n\u00e9vole.<\/p>\n<p class=\"ng-star-inserted\">Les plats, enti\u00e8rement halal pour convenir \u00e0 tous, ont \u00e9t\u00e9 pr\u00e9par\u00e9s dans les cuisines des\u00a0Grandes Tables\u00a0(13015), mises \u00e0 disposition gracieusement pour l&rsquo;occasion.<\/p>\n<p class=\"ng-star-inserted\">\u00a0<\/p>\n<p>Cadeaux, karaok\u00e9 et chaleur humaine<\/p>\n<p class=\"ng-star-inserted\">Au-del\u00e0 de l&rsquo;assiette, c&rsquo;est tout un apr\u00e8s-midi de f\u00eate qui est programm\u00e9 pour ces 250 jeunes. L&rsquo;objectif est d&rsquo;offrir un vrai moment de r\u00e9pit et de partage.<br class=\"ng-star-inserted\"\/>Les participants ne repartiront pas les mains vides : le Secours Populaire a pr\u00e9vu pour chacun une\u00a0<strong class=\"ng-star-inserted\">carte cadeau Cultura de 20 euros<\/strong>\u00a0ainsi qu&rsquo;un\u00a0<strong class=\"ng-star-inserted\">panier gourmand surprise<\/strong>\u00a0sp\u00e9cial No\u00ebl.<\/p>\n<p class=\"ng-star-inserted\">Pour l&rsquo;ambiance, un karaok\u00e9 et diverses animations rythmeront cet apr\u00e8s-midi solidaire jusqu&rsquo;\u00e0 18h. Une belle mani\u00e8re de rappeler que la gastronomie et la f\u00eate doivent rester accessibles \u00e0 tous.<\/p>\n<p class=\"ng-star-inserted\">\u00ab\u00a0L\u2019\u00e9v\u00e9nement est gratuit et accessible \u00e0 tous les \u00e9tudiants, dans la limite des places disponibles\u00a0\u00bb, rappelle le Secours Populaire.<\/p>\n","protected":false},"excerpt":{"rendered":"C&rsquo;est une parenth\u00e8se enchant\u00e9e dans un quotidien souvent marqu\u00e9 par la pr\u00e9carit\u00e9 et l&rsquo;isolement. Ce samedi 13 d\u00e9cembre,&hellip;\n","protected":false},"author":2,"featured_media":596484,"comment_status":"","ping_status":"","sticky":false,"template":"","format":"standard","meta":{"footnotes":""},"categories":[2814],"tags":[1111,11,6379,1777,674,1011,27,884,12,15830,882,70909,25,801],"class_list":{"0":"post-596483","1":"post","2":"type-post","3":"status-publish","4":"format-standard","5":"has-post-thumbnail","7":"category-marseille","8":"tag-actu","9":"tag-actualites","10":"tag-etudiants","11":"tag-eu","12":"tag-europe","13":"tag-fr","14":"tag-france","15":"tag-marseille","16":"tag-news","17":"tag-noel","18":"tag-provence-alpes-cote-dazur","19":"tag-repas-gratuits","20":"tag-republique-francaise","21":"tag-social"},"share_on_mastodon":{"url":"","error":""},"_links":{"self":[{"href":"https:\/\/www.europesays.com\/fr\/wp-json\/wp\/v2\/posts\/596483","targetHints":{"allow":["GET"]}}],"collection":[{"href":"https:\/\/www.europesays.com\/fr\/wp-json\/wp\/v2\/posts"}],"about":[{"href":"https:\/\/www.europesays.com\/fr\/wp-json\/wp\/v2\/types\/post"}],"author":[{"embeddable":true,"href":"https:\/\/www.europesays.com\/fr\/wp-json\/wp\/v2\/users\/2"}],"replies":[{"embeddable":true,"href":"https:\/\/www.europesays.com\/fr\/wp-json\/wp\/v2\/comments?post=596483"}],"version-history":[{"count":0,"href":"https:\/\/www.europesays.com\/fr\/wp-json\/wp\/v2\/posts\/596483\/revisions"}],"wp:featuredmedia":[{"embeddable":true,"href":"https:\/\/www.europesays.com\/fr\/wp-json\/wp\/v2\/media\/596484"}],"wp:attachment":[{"href":"https:\/\/www.europesays.com\/fr\/wp-json\/wp\/v2\/media?parent=596483"}],"wp:term":[{"taxonomy":"category","embeddable":true,"href":"https:\/\/www.europesays.com\/fr\/wp-json\/wp\/v2\/categories?post=596483"},{"taxonomy":"post_tag","embeddable":true,"href":"https:\/\/www.europesays.com\/fr\/wp-json\/wp\/v2\/tags?post=596483"}],"curies":[{"name":"wp","href":"https:\/\/api.w.org\/{rel}","templated":true}]}}