{"id":596485,"date":"2025-12-13T08:09:10","date_gmt":"2025-12-13T08:09:10","guid":{"rendered":"https:\/\/www.europesays.com\/fr\/596485\/"},"modified":"2025-12-13T08:09:10","modified_gmt":"2025-12-13T08:09:10","slug":"il-tirait-au-fusil-en-face-de-la-confluence-un-suspect-interpelle","status":"publish","type":"post","link":"https:\/\/www.europesays.com\/fr\/596485\/","title":{"rendered":"il tirait au fusil en face de la Confluence, un suspect interpell\u00e9"},"content":{"rendered":"<p itemprop=\"description\"><strong>Dans la nuit de jeudi \u00e0 vendredi, la police a \u00e9t\u00e9 appel\u00e9e pour mener une intervention \u00e0 La Mulati\u00e8re.<\/strong><\/p>\n<p>Chemin de Fontani\u00e8res, sur la colline en face de la Confluence, des habitants avaient \u00e9t\u00e9 tir\u00e9s de leur sommeil par des tirs d&rsquo;arme \u00e0 feu. Vers 3h30, l&rsquo;\u00e9quipage de la BAC d\u00e9p\u00each\u00e9 sur place est tomb\u00e9 sur un v\u00e9hicule suspect, dont deux de ses occupants ont r\u00e9ussi \u00e0 prendre la fuite. Le troisi\u00e8me a \u00e9t\u00e9 interpell\u00e9.<\/p>\n<p>A l&rsquo;int\u00e9rieur de la voiture, les fonctionnaires ont d\u00e9couvert un fusil de chasse et plusieurs cartouches, dont certaines \u00e9taient percut\u00e9es.<\/p>\n<p>Le suspect a \u00e9t\u00e9 plac\u00e9 en garde \u00e0 vue, l&rsquo;enqu\u00eate se poursuit.<\/p>\n","protected":false},"excerpt":{"rendered":"Dans la nuit de jeudi \u00e0 vendredi, la police a \u00e9t\u00e9 appel\u00e9e pour mener une intervention \u00e0 La&hellip;\n","protected":false},"author":2,"featured_media":596486,"comment_status":"","ping_status":"","sticky":false,"template":"","format":"standard","meta":{"footnotes":""},"categories":[1889],"tags":[1111,11,2813,2190,2430,1109,251,1112,2811,1777,674,118,1011,27,1922,1110,1114,2428,2810,12,241,316,25,2812,517,800],"class_list":{"0":"post-596485","1":"post","2":"type-post","3":"status-publish","4":"format-standard","5":"has-post-thumbnail","7":"category-lyon","8":"tag-actu","9":"tag-actualites","10":"tag-article","11":"tag-asvel","12":"tag-auvergne-rhone-alpes","13":"tag-breves","14":"tag-culture","15":"tag-depeches","16":"tag-economique","17":"tag-eu","18":"tag-europe","19":"tag-faits-divers","20":"tag-fr","21":"tag-france","22":"tag-info","23":"tag-informations","24":"tag-infos","25":"tag-lyon","26":"tag-lyonmag","27":"tag-news","28":"tag-ol","29":"tag-politique","30":"tag-republique-francaise","31":"tag-sociale","32":"tag-sport","33":"tag-transports"},"share_on_mastodon":{"url":"https:\/\/pubeurope.com\/@fr\/115711244075072884","error":""},"_links":{"self":[{"href":"https:\/\/www.europesays.com\/fr\/wp-json\/wp\/v2\/posts\/596485","targetHints":{"allow":["GET"]}}],"collection":[{"href":"https:\/\/www.europesays.com\/fr\/wp-json\/wp\/v2\/posts"}],"about":[{"href":"https:\/\/www.europesays.com\/fr\/wp-json\/wp\/v2\/types\/post"}],"author":[{"embeddable":true,"href":"https:\/\/www.europesays.com\/fr\/wp-json\/wp\/v2\/users\/2"}],"replies":[{"embeddable":true,"href":"https:\/\/www.europesays.com\/fr\/wp-json\/wp\/v2\/comments?post=596485"}],"version-history":[{"count":0,"href":"https:\/\/www.europesays.com\/fr\/wp-json\/wp\/v2\/posts\/596485\/revisions"}],"wp:featuredmedia":[{"embeddable":true,"href":"https:\/\/www.europesays.com\/fr\/wp-json\/wp\/v2\/media\/596486"}],"wp:attachment":[{"href":"https:\/\/www.europesays.com\/fr\/wp-json\/wp\/v2\/media?parent=596485"}],"wp:term":[{"taxonomy":"category","embeddable":true,"href":"https:\/\/www.europesays.com\/fr\/wp-json\/wp\/v2\/categories?post=596485"},{"taxonomy":"post_tag","embeddable":true,"href":"https:\/\/www.europesays.com\/fr\/wp-json\/wp\/v2\/tags?post=596485"}],"curies":[{"name":"wp","href":"https:\/\/api.w.org\/{rel}","templated":true}]}}