{"id":596487,"date":"2025-12-13T08:10:20","date_gmt":"2025-12-13T08:10:20","guid":{"rendered":"https:\/\/www.europesays.com\/fr\/596487\/"},"modified":"2025-12-13T08:10:20","modified_gmt":"2025-12-13T08:10:20","slug":"deux-cambriolages-interrompus-dans-des-restaurants","status":"publish","type":"post","link":"https:\/\/www.europesays.com\/fr\/596487\/","title":{"rendered":"deux cambriolages interrompus dans des restaurants"},"content":{"rendered":"<p>                            <img loading=\"lazy\" width=\"1015\" height=\"675\" class=\"attachment-article size-article wp-post-image lazyload\" alt=\"\" decoding=\"async\" src=\"https:\/\/www.europesays.com\/fr\/wp-content\/uploads\/2025\/04\/CouvreFeurueMerciereLyon.jpg\" data-eio-rwidth=\"1015\" data-eio-rheight=\"675\"\/><\/p>\n<p>La rue Merci\u00e8re \u00e0 Lyon \/ (Photo by JEFF PACHOUD \/ AFP)<\/p>\n<p class=\"content\" style=\"font-size:1.2em;font-weight:700\">Deux cambriolages ont \u00e9t\u00e9 d\u00e9jou\u00e9s dans la nuit du 10 au 11 d\u00e9cembre \u00e0 Lyon. Un premier suspect a \u00e9t\u00e9 arr\u00eat\u00e9 rue Merci\u00e8re, puis un second rue de Belfort gr\u00e2ce \u00e0 l\u2019intervention d\u2019un policier hors-service. <\/p>\n<p>Deux restaurants lyonnais auraient bien pu \u00eatre les victimes de cambriolages dans la nuit du 10 au 11 d\u00e9cembre. Tout a d&rsquo;abord commenc\u00e9 dans un \u00e9tablissement situ\u00e9 rue Merci\u00e8re (2\u00e8me arrondissement). Selon <a href=\"https:\/\/www.leprogres.fr\/faits-divers-justice\/2025\/12\/12\/deux-cambriolages-de-restaurants-interrompus-un-policier-hors-service-a-donne-l-alerte\" target=\"_blank\" rel=\"noreferrer noopener\">les informations du Progr\u00e8s<\/a>, la porte aurait \u00e9t\u00e9 forc\u00e9e vers 1 h 15. Un Alg\u00e9rien en situation irr\u00e9guli\u00e8re \u00e2g\u00e9 de 33 ans et connu des services de police, a \u00e9t\u00e9 pris en flagrant d\u00e9lit. Il \u00e9tait en possession d&rsquo;outils, et semblait alcoolis\u00e9.<\/p>\n<p>Plus tard dans la matin\u00e9e, vers 6 h 20 un Fran\u00e7ais a lui aussi \u00e9t\u00e9 interpell\u00e9 par un \u00e9quipage de la brigade anticriminalit\u00e9. Il \u00e9tait en train de cambrioler un restaurant situ\u00e9 rue de Belfort (4\u00e8me arrondissement). A noter, que c&rsquo;est un policier hors-service, t\u00e9moin du cambriolage, qui a donn\u00e9 l&rsquo;alerte. Le suspect \u00e9tait lui aussi bien connu des services de polices, avec un casier regroupant pas moins de 25 ant\u00e9c\u00e9dents judiciaires. Plac\u00e9 en garde \u00e0 vue, celui-ci a reconnu le vol, mais pas l&rsquo;effraction. Les deux hommes devaient \u00eatre pr\u00e9sent\u00e9s au parquet de Lyon en vue de jugements en comparution imm\u00e9diate.<\/p>\n","protected":false},"excerpt":{"rendered":"La rue Merci\u00e8re \u00e0 Lyon \/ (Photo by JEFF PACHOUD \/ AFP) Deux cambriolages ont \u00e9t\u00e9 d\u00e9jou\u00e9s dans&hellip;\n","protected":false},"author":2,"featured_media":35979,"comment_status":"","ping_status":"","sticky":false,"template":"","format":"standard","meta":{"footnotes":""},"categories":[1889],"tags":[1111,11,2430,1777,674,1011,27,2428,12,25],"class_list":{"0":"post-596487","1":"post","2":"type-post","3":"status-publish","4":"format-standard","5":"has-post-thumbnail","7":"category-lyon","8":"tag-actu","9":"tag-actualites","10":"tag-auvergne-rhone-alpes","11":"tag-eu","12":"tag-europe","13":"tag-fr","14":"tag-france","15":"tag-lyon","16":"tag-news","17":"tag-republique-francaise"},"share_on_mastodon":{"url":"https:\/\/pubeurope.com\/@fr\/115711247934107992","error":""},"_links":{"self":[{"href":"https:\/\/www.europesays.com\/fr\/wp-json\/wp\/v2\/posts\/596487","targetHints":{"allow":["GET"]}}],"collection":[{"href":"https:\/\/www.europesays.com\/fr\/wp-json\/wp\/v2\/posts"}],"about":[{"href":"https:\/\/www.europesays.com\/fr\/wp-json\/wp\/v2\/types\/post"}],"author":[{"embeddable":true,"href":"https:\/\/www.europesays.com\/fr\/wp-json\/wp\/v2\/users\/2"}],"replies":[{"embeddable":true,"href":"https:\/\/www.europesays.com\/fr\/wp-json\/wp\/v2\/comments?post=596487"}],"version-history":[{"count":0,"href":"https:\/\/www.europesays.com\/fr\/wp-json\/wp\/v2\/posts\/596487\/revisions"}],"wp:featuredmedia":[{"embeddable":true,"href":"https:\/\/www.europesays.com\/fr\/wp-json\/wp\/v2\/media\/35979"}],"wp:attachment":[{"href":"https:\/\/www.europesays.com\/fr\/wp-json\/wp\/v2\/media?parent=596487"}],"wp:term":[{"taxonomy":"category","embeddable":true,"href":"https:\/\/www.europesays.com\/fr\/wp-json\/wp\/v2\/categories?post=596487"},{"taxonomy":"post_tag","embeddable":true,"href":"https:\/\/www.europesays.com\/fr\/wp-json\/wp\/v2\/tags?post=596487"}],"curies":[{"name":"wp","href":"https:\/\/api.w.org\/{rel}","templated":true}]}}