{"id":596492,"date":"2025-12-13T08:15:45","date_gmt":"2025-12-13T08:15:45","guid":{"rendered":"https:\/\/www.europesays.com\/fr\/596492\/"},"modified":"2025-12-13T08:15:45","modified_gmt":"2025-12-13T08:15:45","slug":"laquarium-de-paris-somme-par-la-justice-de-mettre-fin-a-ses-soirees-dansantes","status":"publish","type":"post","link":"https:\/\/www.europesays.com\/fr\/596492\/","title":{"rendered":"L\u2019Aquarium de Paris somm\u00e9 par la justice de mettre fin \u00e0 ses soir\u00e9es dansantes"},"content":{"rendered":"<p class=\"paragraph text_align_left lp-f-body-02\">Le tribunal administratif de Paris a tranch\u00e9 jeudi\u00a0: <a href=\"https:\/\/www.leparisien.fr\/paris-75\/protection-animale-la-discotheque-de-laquarium-de-paris-au-milieu-des-poissons-pointee-du-doigt-28-12-2023-SWBSTRDWINGVVIDOQFCI3EI6KA.php\" target=\"_blank\" rel=\"noreferrer noopener\">les soir\u00e9es dansantes organis\u00e9es \u00e0 l\u2019Aquarium de Paris<\/a>, dans le XVIe\u00a0arrondissement, doivent cesser. Une d\u00e9cision qui met fin \u00e0 une bataille juridique men\u00e9e depuis plusieurs ann\u00e9es par les associations de d\u00e9fense des animaux, qui d\u00e9noncent une pratique ill\u00e9gale.<\/p>\n<p class=\"\">Saisi par l\u2019association <a href=\"https:\/\/www.leparisien.fr\/environnement\/paul-watson-pourrait-avoir-un-titre-de-sejour-en-france-20-11-2025-OL4BCRVR2VFGTPRRPB73PVXBQI.php\" target=\"_blank\" rel=\"noreferrer noopener\">Sea Shepherd France<\/a>, le tribunal a consid\u00e9r\u00e9 que le pr\u00e9fet de police devait, au titre de sa police des \u00e9tablissements pr\u00e9sentant des animaux en captivit\u00e9, \u00ab\u00a0mettre fin \u00e0 l\u2019organisation d\u2019\u00e9v\u00e9nements musicaux et dansants au sein de l\u2019Aquarium de Paris\u00a0\u00bb et lui enjoint \u00ab\u00a0d\u2019y proc\u00e9der sans d\u00e9lai\u00a0\u00bb. \u00c0 d\u00e9faut, il devra ordonner la fermeture de l\u2019\u00e9tablissement.<\/p>\n<p>Une interdiction stricte depuis 2021<\/p>\n<p class=\"\">L\u2019affaire remonte \u00e0 2023, lorsque Sea Shepherd France avait demand\u00e9 au pr\u00e9fet de police de mettre un terme \u00e0 ces soir\u00e9es. En cause\u00a0: la loi du 30\u00a0novembre 2021 visant \u00e0 lutter contre la maltraitance animale, qui interdit explicitement \u00ab\u00a0de pr\u00e9senter des animaux domestiques ou non domestiques en discoth\u00e8que\u00a0\u00bb.<\/p>\n<p class=\"\">Dans sa d\u00e9cision, le tribunal a estim\u00e9 que \u00ab\u00a0lorsque des \u00e9v\u00e9nements destin\u00e9s principalement \u00e0 la diffusion de musique et \u00e0 la danse y sont organis\u00e9s, l\u2019Aquarium de Paris doit \u00eatre qualifi\u00e9 de discoth\u00e8que au sens du code de l\u2019environnement\u00a0\u00bb. En se r\u00e9f\u00e9rant aux travaux pr\u00e9paratoires de la loi de 2021, les juges ont consid\u00e9r\u00e9 que toute pr\u00e9sentation d\u2019animaux dans les discoth\u00e8ques \u00e9tait interdite, \u00ab\u00a0sans qu\u2019aucun am\u00e9nagement ou exception ne puisse \u00eatre autoris\u00e9\u00a0\u00bb.<\/p>\n<p class=\"\">Face au refus du pr\u00e9fet de police de donner \u00e0 la suite de la demande de l\u2019association, le tribunal a jug\u00e9 cette inaction ill\u00e9gale.<\/p>\n<p>Mobilisation des associations depuis 2023<\/p>\n<p class=\"\">Cette d\u00e9cision constitue une victoire pour les d\u00e9fenseurs de la cause animale. \u00ab\u00a0L\u2019industrie de la captivit\u00e9 est d\u00e9cid\u00e9ment pr\u00eate \u00e0 tout pour faire du profit, c\u2019est scandaleux\u00a0!\u00a0\u00bb, a r\u00e9agi Amandine Sanvisens, cofondatrice de <a href=\"https:\/\/www.leparisien.fr\/paris-75\/paris-ils-veulent-faire-liberer-nenette-orang-outan-captive-depuis-53-ans-au-jardin-des-plantes-19-08-2025-Y4KJLT6UXRE4NEDLGF5YQTTM4A.php\" target=\"_blank\" rel=\"noreferrer noopener\">l\u2019association PAZ (Projet Animaux Zoopolis)<\/a>, qui s\u2019est \u00e9galement mobilis\u00e9e sur ce dossier. Selon PAZ, qui avait organis\u00e9 plusieurs manifestations en\u00a02023 et\u00a02024, \u00ab\u00a0l\u2019inaction de la pr\u00e9fecture est r\u00e9voltante\u00a0\u00bb.<\/p>\n<p class=\"\">L\u2019association avait notamment saisi le <a href=\"https:\/\/www.leparisien.fr\/paris-75\/bien-etre-animal-paris-renforce-sa-charte-sur-la-vente-danimaux-dans-les-salons-dexposition-11-02-2025-BG34HRM54ZEYRJEZKZ4MBM7LYI.php\" target=\"_blank\" rel=\"noreferrer noopener\">Conseil de Paris<\/a>, qui avait adopt\u00e9 un v\u0153u en f\u00e9vrier\u00a02024 demandant \u00e0 l\u2019Aquarium de r\u00e9duire le nombre de soir\u00e9es et s\u2019engageant \u00e0 interdire explicitement ces \u00e9v\u00e9nements lors du renouvellement du bail en 2035.<\/p>\n<p class=\"\">L\u2019Aquarium &#8211; Le Club, situ\u00e9 dans les sous-sols des jardins du Trocad\u00e9ro, peut accueillir jusqu\u2019\u00e0 2084 personnes, entour\u00e9es de plus de 500 esp\u00e8ces de poissons. Le local appartient \u00e0 la Ville de Paris. \u00ab\u00a0PAZ va veiller de pr\u00e8s au respect de cette d\u00e9cision de justice et ira v\u00e9rifier\u00a0\u00bb, a pr\u00e9venu Amandine Sanvisens.<\/p>\n","protected":false},"excerpt":{"rendered":"Le tribunal administratif de Paris a tranch\u00e9 jeudi\u00a0: les soir\u00e9es dansantes organis\u00e9es \u00e0 l\u2019Aquarium de Paris, dans le&hellip;\n","protected":false},"author":2,"featured_media":596493,"comment_status":"","ping_status":"","sticky":false,"template":"","format":"standard","meta":{"footnotes":""},"categories":[1888],"tags":[1111,1928,11,1927,1777,674,1011,27,1944,12,1926,626,1925,25],"class_list":{"0":"post-596492","1":"post","2":"type-post","3":"status-publish","4":"format-standard","5":"has-post-thumbnail","7":"category-paris","8":"tag-actu","9":"tag-actu-paris","10":"tag-actualites","11":"tag-actualites-paris","12":"tag-eu","13":"tag-europe","14":"tag-fr","15":"tag-france","16":"tag-ma-ville","17":"tag-news","18":"tag-news-paris","19":"tag-paris","20":"tag-paris-news","21":"tag-republique-francaise"},"share_on_mastodon":{"url":"https:\/\/pubeurope.com\/@fr\/115711268021143674","error":""},"_links":{"self":[{"href":"https:\/\/www.europesays.com\/fr\/wp-json\/wp\/v2\/posts\/596492","targetHints":{"allow":["GET"]}}],"collection":[{"href":"https:\/\/www.europesays.com\/fr\/wp-json\/wp\/v2\/posts"}],"about":[{"href":"https:\/\/www.europesays.com\/fr\/wp-json\/wp\/v2\/types\/post"}],"author":[{"embeddable":true,"href":"https:\/\/www.europesays.com\/fr\/wp-json\/wp\/v2\/users\/2"}],"replies":[{"embeddable":true,"href":"https:\/\/www.europesays.com\/fr\/wp-json\/wp\/v2\/comments?post=596492"}],"version-history":[{"count":0,"href":"https:\/\/www.europesays.com\/fr\/wp-json\/wp\/v2\/posts\/596492\/revisions"}],"wp:featuredmedia":[{"embeddable":true,"href":"https:\/\/www.europesays.com\/fr\/wp-json\/wp\/v2\/media\/596493"}],"wp:attachment":[{"href":"https:\/\/www.europesays.com\/fr\/wp-json\/wp\/v2\/media?parent=596492"}],"wp:term":[{"taxonomy":"category","embeddable":true,"href":"https:\/\/www.europesays.com\/fr\/wp-json\/wp\/v2\/categories?post=596492"},{"taxonomy":"post_tag","embeddable":true,"href":"https:\/\/www.europesays.com\/fr\/wp-json\/wp\/v2\/tags?post=596492"}],"curies":[{"name":"wp","href":"https:\/\/api.w.org\/{rel}","templated":true}]}}