{"id":596496,"date":"2025-12-13T08:20:32","date_gmt":"2025-12-13T08:20:32","guid":{"rendered":"https:\/\/www.europesays.com\/fr\/596496\/"},"modified":"2025-12-13T08:20:32","modified_gmt":"2025-12-13T08:20:32","slug":"en-pleine-controverse-claire-tabouret-presente-son-projet-de-vitraux-pour-notre-dame-de-paris","status":"publish","type":"post","link":"https:\/\/www.europesays.com\/fr\/596496\/","title":{"rendered":"en pleine controverse, Claire Tabouret pr\u00e9sente son projet de vitraux pour Notre-Dame de Paris"},"content":{"rendered":"<p class=\"article-p mdl\">\u00ab\u00a0Ce projet appartient \u00e0 tous, il est pour tous\u00a0\u00bb. Un an apr\u00e8s avoir \u00e9t\u00e9 choisie pour cr\u00e9er les vitraux contemporains destin\u00e9s \u00e0 \u00eatre install\u00e9s \u00e0 Notre-Dame de Paris, l&rsquo;artiste <strong>Claire Tabouret<\/strong> pr\u00e9sente jusqu&rsquo;au 15 mars 2026 au Grand Palais un premier regard, le plus fid\u00e8le possible, sur son travail \u00e0 travers six maquettes \u00ab\u00a0grandeur nature\u00a0\u00bb et de nombreux travaux pr\u00e9paratoires.\u00a0\u00a0<\/p>\n<p class=\"article-p mdl\">L&rsquo;initiative voulue conjointement par<strong> l&rsquo;archev\u00eaque de Paris et le pr\u00e9sident de la R\u00e9publique<\/strong>,\u00a0<a class=\"link\" href=\"https:\/\/www.rtl.fr\/culture\/arts-spectacles\/notre-dame-de-paris-pourquoi-l-installation-de-vitraux-contemporains-fait-polemique-7900415771\" title=\"Notre-Dame de Paris : pourquoi l&#039;installation de vitraux contemporains fait pol\u00e9mique\" target=\"_blank\" rel=\"noopener\">suscite depuis deux ans une virulente d\u00e9sapprobation<\/a>\u00a0de la part d&rsquo;experts et de d\u00e9fenseurs du patrimoine qui d\u00e9noncent le retrait de vitraux d&rsquo;une importance majeure.<\/p>\n<p class=\"article-p mdl\">Consciente de la port\u00e9e historique et du d\u00e9bat l\u00e9gitime que soul\u00e8ve cette d\u00e9cision, Claire Tabouret r\u00e9pond \u00e0 la controverse par la transparence et la p\u00e9dagogie, invitant le public \u00e0 \u00ab\u00a0l&rsquo;accompagner dans cette aventure\u00a0\u00bb pendant que dans le m\u00eame temps, les artisans de l&rsquo;Atelier Simon-Marq, \u00e0 Reims, s&rsquo;att\u00e8lent \u00e0 la fabrication des vitraux attendus \u00e0\u00a0<a class=\"link\" href=\"https:\/\/www.rtl.fr\/actu\/debats-societe\/notre-dame-de-paris-un-an-apres-la-reouverture-que-reste-t-il-a-faire-sur-le-grand-chantier-de-la-cathedrale-7900574266\" title=\"Notre-Dame de Paris : un an apr\u00e8s la r\u00e9ouverture, que reste-t-il \u00e0 faire sur le grand chantier de la cath\u00e9drale ?\" target=\"_blank\" rel=\"noopener\">Notre-Dame<\/a>\u00a0en 2026.<\/p>\n<p>            \u00ab\u00a0La marque du si\u00e8cle\u00a0\u00bb sur Notre-Dame de Paris<\/p>\n<p class=\"article-p mdl\">L&rsquo;aventure en question a commenc\u00e9 le 8 d\u00e9cembre 2023. Ce jour-l\u00e0, en plein c\u0153ur du chantier de Notre-Dame de Paris, Emmanuel Macron d\u00e9voilait l&rsquo;installation prochaine de vitraux contemporains dans la cath\u00e9drale en marge des travaux de restauration.<\/p>\n<p class=\"article-p mdl\">\u00ab\u00a0La marque du si\u00e8cle\u00a0\u00bb, affirmait-il, sur une cath\u00e9drale d\u00e9j\u00e0 consid\u00e9rablement marqu\u00e9e par sa destruction partielle dans\u00a0<a class=\"link\" href=\"https:\/\/www.rtl.fr\/actu\/justice-faits-divers\/notre-dame-de-paris-cinq-ans-apres-l-incendie-l-enquete-pietine-7900374295\" title=\"Notre-Dame de Paris : cinq ans apr\u00e8s l&#039;incendie, l&#039;enqu\u00eate pi\u00e9tine\" target=\"_blank\" rel=\"noopener\">l&rsquo;incendie du 15 avril 2019<\/a>.<strong>\u00a0<\/strong>Selon le chef de l&rsquo;\u00c9tat, cette demande, \u00e0 laquelle il \u00ab\u00a0souscrit pleinement\u00a0\u00bb, a \u00e9t\u00e9 formul\u00e9e par Mgr\u00a0Ulrich, archev\u00eaque de Paris,\u00a0<a class=\"link\" href=\"https:\/\/www.rtl.fr\/actu\/debats-societe\/document-rtl-notre-dame-la-demande-de-mgr-laurent-ulrich-sur-les-vitraux-etudiee-par-emmanuel-macron-7900328674\" title=\"INFO RTL - Notre-Dame : la demande de Mgr Laurent Ulrich sur les vitraux \u00e9tudi\u00e9e par Emmanuel Macron\" target=\"_blank\" rel=\"noopener\">dans une lettre dont RTL r\u00e9v\u00e9lait le contenu<\/a>\u00a0le 6 d\u00e9cembre 2023.\u00a0<\/p>\n<p>            La col\u00e8re des d\u00e9fenseurs du patrimoine<\/p>\n<p class=\"article-p mdl\">Les contours de cette initiative \u00e0 4 millions d&rsquo;euros ont rapidement suscit\u00e9 la col\u00e8re des amoureux de la cath\u00e9drale et du patrimoine, furieux, non pas de l&rsquo;arriv\u00e9e de vitraux contemporains, mais du remplacement d&rsquo;une partie d&rsquo;un ensemble de vitraux pens\u00e9 par Eug\u00e8ne Viollet-le-Duc, architecte de la grande restauration de Notre-Dame de Paris\u00a0au XIXe si\u00e8cle.<\/p>\n<p class=\"article-p mdl\">Mentionn\u00e9s dans la lettre de l&rsquo;archev\u00eaque, ces vitraux \u00e0 motifs g\u00e9om\u00e9triques appel\u00e9s \u00ab\u00a0grisailles\u00a0\u00bb sont ceux de\u00a06 des 7 chapelles du bas-c\u00f4t\u00e9 sud et sont\u00a0class\u00e9s au titre des\u00a0<a class=\"link\" href=\"https:\/\/www.rtl.fr\/actu\/debats-societe\/la-tour-eiffel-est-elle-un-monument-historique-classe-7900356326\" title=\"La tour Eiffel est-elle un monument historique class\u00e9 ?\" target=\"_blank\" rel=\"noopener\">monuments historiques.<\/a>\u00a0Ils n&rsquo;ont pas \u00e9t\u00e9 d\u00e9truits, ni m\u00eame endommag\u00e9s par les flammes et ont m\u00eame fait l&rsquo;objet de travaux d&rsquo;entretien apr\u00e8s l&rsquo;incendie.<\/p>\n<p class=\"article-p mdl\">Les grisailles imagin\u00e9es par\u00a0<a class=\"link\" href=\"https:\/\/www.rtl.fr\/actu\/eugene-viollet-le-duc-celebre-architecte-est-ne-il-y-a-200-ans-7769182952\" title=\"Eug\u00e8ne Viollet-le-Duc, c\u00e9l\u00e8bre architecte, est n\u00e9 il y a 200 ans\" target=\"_blank\" rel=\"noopener\">Viollet-le-Duc<\/a>\u00a0font partie d&rsquo;un ensemble plus vaste, issu du travail historique des plus grands sp\u00e9cialistes fran\u00e7ais de la restauration d&rsquo;\u00e9difices m\u00e9di\u00e9vaux. Remplacer une partie des vitraux de cet ensemble revient ainsi, selon les d\u00e9tracteurs du projet, \u00e0 d\u00e9figurer une pi\u00e8ce majeure du patrimoine fran\u00e7ais.\u00a0<\/p>\n<p>    Un avis d\u00e9favorable d&rsquo;une commission d&rsquo;experts<\/p>\n<p class=\"article-p mdl\">Mi-2024, face \u00e0 l&rsquo;ampleur de la mobilisation, la\u00a0Commission nationale du patrimoine et de l\u2019architecture (CNPA), qui devait initialement rendre un avis en novembre 2024 apr\u00e8s le choix de l&rsquo;artiste laur\u00e9at, s&rsquo;est saisie de la question avec plusieurs mois d&rsquo;avance, votant\u00a0\u00ab\u00a0\u00e0 l&rsquo;unanimit\u00e9\u00a0\u00bb contre. Un avis d&rsquo;experts purement consultatif \u00e0 destination de la ministre de la Culture.\u00a0<\/p>\n<p>Une p\u00e9tition lanc\u00e9e par\u00a0<a class=\"link\" href=\"https:\/\/www.latribunedelart.com\/\" target=\"_blank\" rel=\"noopener\">La Tribune de l&rsquo;Art<\/a>\u00a0contre le projet a d\u00e9sormais atteint les 300.000 signatures tandis qu&rsquo;un recours\u00a0a \u00e9t\u00e9 d\u00e9pos\u00e9 devant la justice administrative par l&rsquo;association Sites et Monuments et rejet\u00e9 fin novembre. L&rsquo;association a annonc\u00e9 faire appel de cette d\u00e9cision.<\/p>\n<p>    Des maquettes au Grand Palais avant les vitraux \u00e0 Notre-Dame<\/p>\n<p class=\"article-p mdl\">C&rsquo;est dans ce contexte \u00e9lectrique que Claire Tabouret offre un premier regard sur ce travail attendu \u00e0 Notre-Dame d&rsquo;ici la fin d&rsquo;ann\u00e9e 2026,\u00a0<a class=\"link\" href=\"https:\/\/www.rtl.fr\/culture\/culture-generale\/la-plus-grande-oeuvre-immersive-au-monde-jr-va-transformer-le-pont-neuf-en-gigantesque-caverne-40-ans-apres-christo-et-jeanne-claude-7900572784\" title=\"&quot;La plus grande \u0153uvre immersive au monde&quot; :  JR va transformer le Pont-Neuf en gigantesque &quot;caverne&quot;, 40 ans apr\u00e8s Christo et Jeanne-Claude\" target=\"_blank\" rel=\"noopener\">comme le faisait Christo avant, par exemple, d&#8217;emballer un monument<\/a>. Dans une vaste galerie du Grand Palais, elle pr\u00e9sente D&rsquo;un seul souffle, l&rsquo;exposition d&rsquo;un ensemble d&rsquo;esquisses qui lui ont notamment permis d&rsquo;\u00eatre s\u00e9lectionn\u00e9e par le jury et de travaux pr\u00e9paratoires, mais surtout, les maquettes grandeur nature des futurs vitraux de la cath\u00e9drale.\u00a0<\/p>\n<p>\u00ab\u00a0Ces derniers mois, j&rsquo;ai cr\u00e9\u00e9 des maquettes \u00e0 taille r\u00e9elle pour chacune des six baies concern\u00e9es dans le bas-c\u00f4t\u00e9 sud de la cath\u00e9drale, explique l&rsquo;artiste. Chacune fait environ 7 m\u00e8tres de haut. J&rsquo;ai voulu ainsi \u00eatre tr\u00e8s proche des cartons que r\u00e9alisent les ma\u00eetres-verriers de <strong>l&rsquo;Atelier Simon-Marq\u00a0\u00bb.\u00a0<\/strong><\/p>\n<ul class=\"glide__slides\">\n<li class=\"glide__slide\">\n<p>                                    <img decoding=\"async\" alt=\"\" class=\"lazy\" src=\"data:image\/png;base64,iVBORw0KGgoAAAANSUhEUgAAAAEAAAABCAQAAAC1HAwCAAAAC0lEQVR42mM8IQkAAa8A48opxD0AAAAASUVORK5CYII=\"\/><\/p>\n<p class=\"article-media-figcaption-title\">Un vitrail de Claire Tabouret au Grand Palais<\/p>\n<p class=\"article-media-figcaption-credits\">\n                                                Cr\u00e9dits : Claire Tabouret vue de salle \u00a9 Simon Lerat pour le GrandPalaisRmn, Paris, 2025\n                                            <\/p>\n<\/li>\n<li class=\"glide__slide\">\n<p>                                    <img decoding=\"async\" alt=\"\" class=\"lazy\" src=\"data:image\/png;base64,iVBORw0KGgoAAAANSUhEUgAAAAEAAAABCAQAAAC1HAwCAAAAC0lEQVR42mM8IQkAAa8A48opxD0AAAAASUVORK5CYII=\"\/><\/p>\n<p class=\"article-media-figcaption-title\">080_HL_RMILANI_2984053<\/p>\n<p class=\"article-media-figcaption-credits\">\n                                                Cr\u00e9dits : Riccardo Milani \/ Hans Lucas \/ Hans Lucas via AFP\n                                            <\/p>\n<\/li>\n<\/ul>\n<p>                Pr\u00e9c\u00e9dent<\/p>\n<p>                Suivant<\/p>\n<p class=\"article-p mdl\">La technique du monotype (la peinture est appliqu\u00e9e sur une plaque de plexiglas avant d&rsquo;\u00eatre imprim\u00e9e sur papier), famili\u00e8re \u00e0 l&rsquo;artiste et similaire \u00e0 celle du vitrail, permet au public d&rsquo;observer un r\u00e9sultat fid\u00e8le \u00e0 la version finale qui sortira des ateliers r\u00e9mois. \u00ab\u00a0Pour chacune des six baies, poursuit l&rsquo;artiste, j&rsquo;ai peint ainsi une cinquantaine de morceaux correspondant aux diff\u00e9rentes pi\u00e8ces des vitraux et leurs rosaces, assembl\u00e9s ensuite dans ces tr\u00e8s grandes maquettes.\u00a0\u00bb<\/p>\n<blockquote class=\"article-quote\">\n<p class=\"article-quote-text icon icon-quote-v2\">J&rsquo;aimerais permettre au public d\u2019en d\u00e9battre, de s\u2019approprier cette cr\u00e9ation et lui donner envie de la d\u00e9couvrir en vitrail<\/p>\n<p>Claire Tabouret dans \u00ab\u00a0La Croix\u00a0\u00bb<\/p>\n<\/blockquote>\n<p class=\"article-p mdl\"><a class=\"link\" href=\"https:\/\/www.rtl.fr\/culture\/arts-spectacles\/dolce-gabbana-les-creations-du-duo-legendaire-s-invitent-au-grand-palais-pour-une-exposition-inedite-7900459722\" title=\"Dolce &amp; Gabbana : les cr\u00e9ations du duo l\u00e9gendaire s&#039;invitent au Grand Palais pour une exposition in\u00e9dite\" target=\"_blank\" rel=\"noopener\">Le Grand Palais<\/a>\u00a0avait pr\u00e9vu depuis plusieurs ann\u00e9es d&rsquo;organiser une exposition consacr\u00e9e au travail de Claire Tabouret, bien avant l&rsquo;aventure des vitraux de Notre-Dame. L&rsquo;artiste, qui se trouve bien malgr\u00e9 elle au c\u0153ur d&rsquo;une querelle patrimoniale, a saisi cette opportunit\u00e9 pour inviter le grand public dans les coulisses de ce projet qui, dans quelques mois, fera vraisemblablement partie du patrimoine fran\u00e7ais.\u00a0<\/p>\n<p>\u00ab\u00a0C\u2019est un moment de partage avec le public, insiste-t-elle. Ce projet<br \/>\nappartient \u00e0 tous, il est pour tous\u00a0\u00bb. Dans les colonnes de\u00a0<a class=\"link\" href=\"https:\/\/www.clairetabouret.com\/files\/media_file_937.pdf\" target=\"_blank\" rel=\"noopener\">La Croix,<\/a>\u00a0en juin dernier, Claire Tabouret confiait ainsi vouloir \u00ab\u00a0permettre au public d\u2019en d\u00e9battre, de s\u2019approprier cette cr\u00e9ation et lui donner envie de la d\u00e9couvrir en vitrail\u00a0\u00bb.\u00a0<\/p>\n<p>    Claire Tabouret esp\u00e8re une transition douce<\/p>\n<p class=\"article-p mdl\">Au public, donc, de se faire son avis sur ces vitraux \u00e0 l&rsquo;incarnation figurative puissante, aux antipodes des grisailles purement g\u00e9om\u00e9triques jusqu&rsquo;alors install\u00e9es \u00e0 Notre-Dame. Mais, l&rsquo;artiste insiste, la transition est douce : les couleurs sont vives mais \u00e9quilibr\u00e9es, les vitraux conserveront la lumi\u00e8re blanche de la cath\u00e9drale.<\/p>\n<p>Le rejet du premier recours de Sites et monuments, ajout\u00e9 \u00e0 la r\u00e9v\u00e9lation de ces maquettes, qui n&rsquo;ont parfois pas convaincu, a donn\u00e9 un nouveau souffle \u00e0 la p\u00e9tition lanc\u00e9e il y a deux ans, qui a enregistr\u00e9 plusieurs dizaines de nouveaux venus en quelques jours pour d\u00e9passer le stade des 300.000 signatures.\u00a0<\/p>\n<ul class=\"glide__slides\">\n<li class=\"glide__slide\">\n<p>                                    <img decoding=\"async\" alt=\"\" class=\"lazy\" src=\"data:image\/png;base64,iVBORw0KGgoAAAANSUhEUgAAAAEAAAABCAQAAAC1HAwCAAAAC0lEQVR42mM8IQkAAa8A48opxD0AAAAASUVORK5CYII=\"\/><\/p>\n<p class=\"article-media-figcaption-title\">L&rsquo;exposition \u00ab\u00a0D&rsquo;un seul souffle\u00a0\u00bb de Claire Tabouret au Grand Palais<\/p>\n<p class=\"article-media-figcaption-credits\">\n                                                Cr\u00e9dits : Riccardo Milani \/ Hans Lucas \/ Hans Lucas via AFP\n                                            <\/p>\n<\/li>\n<li class=\"glide__slide\">\n<p>                                    <img decoding=\"async\" alt=\"\" class=\"lazy\" src=\"data:image\/png;base64,iVBORw0KGgoAAAANSUhEUgAAAAEAAAABCAQAAAC1HAwCAAAAC0lEQVR42mM8IQkAAa8A48opxD0AAAAASUVORK5CYII=\"\/><\/p>\n<p class=\"article-media-figcaption-title\">L&rsquo;exposition des nouveaux vitraux de Notre-Dame de Paris, imagin\u00e9s par Claire Tabouret et expos\u00e9s au Grand Palais \u00e0 Paris.<\/p>\n<p class=\"article-media-figcaption-credits\">\n                                                Cr\u00e9dits : Riccardo Milani \/ Hans Lucas \/ Hans Lucas via AFP\n                                            <\/p>\n<\/li>\n<li class=\"glide__slide\">\n<p>                                    <img decoding=\"async\" alt=\"\" class=\"lazy\" src=\"data:image\/png;base64,iVBORw0KGgoAAAANSUhEUgAAAAEAAAABCAQAAAC1HAwCAAAAC0lEQVR42mM8IQkAAa8A48opxD0AAAAASUVORK5CYII=\"\/><\/p>\n<p class=\"article-media-figcaption-title\">L&rsquo;exposition \u00ab\u00a0D&rsquo;un seul souffle\u00a0\u00bb de Claire Tabouret au Grand Palais<\/p>\n<p class=\"article-media-figcaption-credits\">\n                                                Cr\u00e9dits : Claire Tabouret, vue de salle \u00a9 Simon Lerat pour le GrandPalaisRmn, Paris, 2025\n                                            <\/p>\n<\/li>\n<li class=\"glide__slide\">\n<p>                                    <img decoding=\"async\" alt=\"\" class=\"lazy\" src=\"data:image\/png;base64,iVBORw0KGgoAAAANSUhEUgAAAAEAAAABCAQAAAC1HAwCAAAAC0lEQVR42mM8IQkAAa8A48opxD0AAAAASUVORK5CYII=\"\/><\/p>\n<p class=\"article-media-figcaption-title\">L&rsquo;exposition \u00ab\u00a0D&rsquo;un seul souffle\u00a0\u00bb de Claire Tabouret au Grand Palais<\/p>\n<p class=\"article-media-figcaption-credits\">\n                                                Cr\u00e9dits : Claire Tabouret, vue de salle \u00a9 Simon Lerat pour le GrandPalaisRmn, Paris, 2025\n                                            <\/p>\n<\/li>\n<\/ul>\n<p>                Pr\u00e9c\u00e9dent<\/p>\n<p>                Suivant<\/p>\n<p class=\"article-p mdl\">D&rsquo;autres recours sont attendus d&rsquo;ici le mois de mars, date \u00e0 laquelle, selon\u00a0<a class=\"link\" href=\"https:\/\/www.latribunedelart.com\/vitraux-de-notre-dame-le-ta-rejette-en-premiere-instance-la-requete-de-sites-monuments\" target=\"_blank\" rel=\"noopener\">La Tribune de l&rsquo;Art<\/a>, les vitraux de Viollet-le-Duc pourraient \u00eatre retir\u00e9s. D&rsquo;ici l\u00e0, le public est invit\u00e9 \u00e0 prendre part au projet de Claire Tabouret jusqu&rsquo;en mars prochain avant que ne soient d\u00e9voil\u00e9s les vitraux d\u00e9finitifs r\u00e9alis\u00e9s par l&rsquo;Atelier Simon-Marq.\u00a0<\/p>\n<p><strong>Claire Tabouret, D&rsquo;un seul souffle, du 10 d\u00e9cembre 2025 au 15 mars 2026 au Grand Palais, 7, avenue Winston Churchill, 75008 Paris.\u00a0<\/strong><\/p>\n<p>    La r\u00e9daction vous recommande<\/p>\n<p class=\"s-newsletter__title\">\n                L\u2019actualit\u00e9 par la r\u00e9daction de RTL dans votre bo\u00eete mail.\n            <\/p>\n<p class=\"s-newsletter__subtitle\">\n                Gr\u00e2ce \u00e0 votre compte RTL abonnez-vous \u00e0 la newsletter RTL info pour suivre toute l&rsquo;actualit\u00e9 au quotidien\n            <\/p>\n<p>\n                                    Lire la suite\n                                <\/p>\n","protected":false},"excerpt":{"rendered":"\u00ab\u00a0Ce projet appartient \u00e0 tous, il est pour tous\u00a0\u00bb. Un an apr\u00e8s avoir \u00e9t\u00e9 choisie pour cr\u00e9er les&hellip;\n","protected":false},"author":2,"featured_media":596497,"comment_status":"","ping_status":"","sticky":false,"template":"","format":"standard","meta":{"footnotes":""},"categories":[1888],"tags":[11,1777,674,3293,2414,107,1011,27,1398,12,3341,626,1585,25],"class_list":{"0":"post-596496","1":"post","2":"type-post","3":"status-publish","4":"format-standard","5":"has-post-thumbnail","7":"category-paris","8":"tag-actualites","9":"tag-eu","10":"tag-europe","11":"tag-exposition","12":"tag-fil-culture","13":"tag-fil-info","14":"tag-fr","15":"tag-france","16":"tag-grand-palais","17":"tag-news","18":"tag-notre-dame-de-paris","19":"tag-paris","20":"tag-peinture","21":"tag-republique-francaise"},"share_on_mastodon":{"url":"https:\/\/pubeurope.com\/@fr\/115711287169311681","error":""},"_links":{"self":[{"href":"https:\/\/www.europesays.com\/fr\/wp-json\/wp\/v2\/posts\/596496","targetHints":{"allow":["GET"]}}],"collection":[{"href":"https:\/\/www.europesays.com\/fr\/wp-json\/wp\/v2\/posts"}],"about":[{"href":"https:\/\/www.europesays.com\/fr\/wp-json\/wp\/v2\/types\/post"}],"author":[{"embeddable":true,"href":"https:\/\/www.europesays.com\/fr\/wp-json\/wp\/v2\/users\/2"}],"replies":[{"embeddable":true,"href":"https:\/\/www.europesays.com\/fr\/wp-json\/wp\/v2\/comments?post=596496"}],"version-history":[{"count":0,"href":"https:\/\/www.europesays.com\/fr\/wp-json\/wp\/v2\/posts\/596496\/revisions"}],"wp:featuredmedia":[{"embeddable":true,"href":"https:\/\/www.europesays.com\/fr\/wp-json\/wp\/v2\/media\/596497"}],"wp:attachment":[{"href":"https:\/\/www.europesays.com\/fr\/wp-json\/wp\/v2\/media?parent=596496"}],"wp:term":[{"taxonomy":"category","embeddable":true,"href":"https:\/\/www.europesays.com\/fr\/wp-json\/wp\/v2\/categories?post=596496"},{"taxonomy":"post_tag","embeddable":true,"href":"https:\/\/www.europesays.com\/fr\/wp-json\/wp\/v2\/tags?post=596496"}],"curies":[{"name":"wp","href":"https:\/\/api.w.org\/{rel}","templated":true}]}}