{"id":596498,"date":"2025-12-13T08:22:25","date_gmt":"2025-12-13T08:22:25","guid":{"rendered":"https:\/\/www.europesays.com\/fr\/596498\/"},"modified":"2025-12-13T08:22:25","modified_gmt":"2025-12-13T08:22:25","slug":"elles-sont-desormais-plus-opaques-et-dangereuses","status":"publish","type":"post","link":"https:\/\/www.europesays.com\/fr\/596498\/","title":{"rendered":"elles sont d\u00e9sormais plus opaques et dangereuses"},"content":{"rendered":"<p>Il cite en exemple les signalements r\u00e9p\u00e9t\u00e9s de survols par des drones d\u2019infrastructures critiques europ\u00e9ennes, a\u00e9roports, sites militaires\u00a0: plusieurs av\u00e9r\u00e9s, d\u2019autres confirm\u00e9s mais impossibles \u00e0 attribuer, et certains jamais v\u00e9rifi\u00e9s. Par ailleurs, \u00ab\u00a0il y a tout un pan de ces actions qui ne sont pas r\u00e9v\u00e9l\u00e9es ou pas comprises comme telles, qu\u2019on ne peut pas attribuer \u00e0 la Russie\u00a0\u00bb, explique Lou Osborn, de l\u2019ONG de surveillance de la Russie INPACT. \u00ab\u00a0Les vols massifs de donn\u00e9es explosent en 2025. Impossible de prouver un lien avec Moscou, mais on ne peut pas l\u2019\u00e9carter. Tout ce flou entretient la confusion dans l\u2019opinion publique.\u00a0\u00bb<\/p>\n<p>\u00ab\u00a0Guerre hybride\u00a0\u00bb<\/p>\n<p>Derri\u00e8re ce brouillard, un cap est franchi, avec des actions potentiellement plus dangereuses. \u00ab\u00a0La Russie intensifie sa campagne clandestine contre nos soci\u00e9t\u00e9s. La liste des cibles de sabotage de la Russie ne se limite pas aux infrastructures critiques, \u00e0 l\u2019industrie de la d\u00e9fense et aux installations militaires\u00a0\u00bb, a d\u00e9clar\u00e9 Mark Rutte, le secr\u00e9taire g\u00e9n\u00e9ral de l\u2019Otan, jeudi \u00e0 Berlin. \u00ab\u00a0La guerre hybride men\u00e9e par la Russie a \u00e9volu\u00e9 vers des tactiques qui rappellent davantage celles des groupes terroristes\u00a0\u00bb, estime le centre de recherche am\u00e9ricain Soufan.<\/p>\n<p>\u00ab\u00a0Le Kremlin assume d\u00e9sormais le risque de graves dommages collat\u00e9raux &#8211; dont des victimes civiles &#8211; au travers de campagnes d\u2019actions violentes et de sabotages qui touchent l\u2019ensemble du territoire europ\u00e9en\u00a0\u00bb, estimaient les diff\u00e9rents services de renseignement fran\u00e7ais dans une note commune en mai. \u00ab\u00a0Il y a eu le sabotage de voie ferr\u00e9e en Pologne en novembre\u00a0\u00bb, rappelle Bart Schuurman, \u00ab\u00a0et nous avons eu des arrestations de gens soup\u00e7onn\u00e9s d\u2019avoir voulu retenter d\u2019envoyer des colis pi\u00e9g\u00e9s\u00a0\u00bb, en Allemagne au mois de mai.<\/p>\n<p>Recrutement sur les r\u00e9seaux sociaux<\/p>\n<p>Les modalit\u00e9s \u00e9voluent aussi\u00a0: \u00ab\u00a0On constate une tendance au recrutement ou \u00e0 l\u2019activation de personnes d\u00e9j\u00e0 install\u00e9es dans le pays cibl\u00e9\u00a0\u00bb, et non plus des agents venus d\u2019un autre pays, explique Lou Osborn. Ils peuvent aussi avoir \u00e9t\u00e9 embauch\u00e9s juste avant l\u2019op\u00e9ration, \u00ab\u00a0simplement recrut\u00e9s via les r\u00e9seaux sociaux pour un co\u00fbt tr\u00e8s faible, et cela est cl\u00e9\u00a0: on peut le faire tous les jours pour pratiquement rien, et sans grand risque\u00a0\u00bb, estime Irina Borogan, chercheuse russe du centre de recherche am\u00e9ricain CEPA qui vient de publier un rapport sur \u00ab\u00a0La guerre de l\u2019ombre de la Russie\u00a0\u00bb.<\/p>\n<p>Dans ce sch\u00e9ma, \u00ab\u00a0Telegram est devenu le principal canal de recrutement russe pour les activit\u00e9s terroristes en Europe. Dans les cas o\u00f9 des fili\u00e8res de recrutement ont pu \u00eatre \u00e9tablies, le recrutement s\u2019est fait en ligne dans 55\u00a0% des cas, Telegram \u00e9tant impliqu\u00e9 dans 88\u00a0% de ceux-ci\u00a0\u00bb, soulignent les centres de recherche Globsec et ICCT dans un r\u00e9cent rapport intitul\u00e9 \u00ab\u00a0Le lien crime-terrorisme de la Russie\u00a0\u00bb.<\/p>\n<p>Temps de r\u00e9action longs<\/p>\n<p>Parfois, \u00ab\u00a0les ex\u00e9cutants ne savent pas \u00e0 qui ils ont affaire\u00a0\u00bb, selon Lou Osborn. Face \u00e0 ces actions sous le seuil de la guerre ouverte, les responsables europ\u00e9ens s\u2019indignent, mais les temps de r\u00e9action sont lents. L\u2019Allemagne a par exemple attribu\u00e9 vendredi \u00e0 la Russie une cyberattaque conduite en ao\u00fbt 2024.<\/p>\n","protected":false},"excerpt":{"rendered":"Il cite en exemple les signalements r\u00e9p\u00e9t\u00e9s de survols par des drones d\u2019infrastructures critiques europ\u00e9ennes, a\u00e9roports, sites militaires\u00a0:&hellip;\n","protected":false},"author":2,"featured_media":596499,"comment_status":"","ping_status":"","sticky":false,"template":"","format":"standard","meta":{"footnotes":""},"categories":[1591],"tags":[11,1887,12,1885,1886,132],"class_list":{"0":"post-596498","1":"post","2":"type-post","3":"status-publish","4":"format-standard","5":"has-post-thumbnail","7":"category-russie","8":"tag-actualites","9":"tag-federation-de-russie","10":"tag-news","11":"tag-russia","12":"tag-russian-federation","13":"tag-russie"},"share_on_mastodon":{"url":"https:\/\/pubeurope.com\/@fr\/115711295432336600","error":""},"_links":{"self":[{"href":"https:\/\/www.europesays.com\/fr\/wp-json\/wp\/v2\/posts\/596498","targetHints":{"allow":["GET"]}}],"collection":[{"href":"https:\/\/www.europesays.com\/fr\/wp-json\/wp\/v2\/posts"}],"about":[{"href":"https:\/\/www.europesays.com\/fr\/wp-json\/wp\/v2\/types\/post"}],"author":[{"embeddable":true,"href":"https:\/\/www.europesays.com\/fr\/wp-json\/wp\/v2\/users\/2"}],"replies":[{"embeddable":true,"href":"https:\/\/www.europesays.com\/fr\/wp-json\/wp\/v2\/comments?post=596498"}],"version-history":[{"count":0,"href":"https:\/\/www.europesays.com\/fr\/wp-json\/wp\/v2\/posts\/596498\/revisions"}],"wp:featuredmedia":[{"embeddable":true,"href":"https:\/\/www.europesays.com\/fr\/wp-json\/wp\/v2\/media\/596499"}],"wp:attachment":[{"href":"https:\/\/www.europesays.com\/fr\/wp-json\/wp\/v2\/media?parent=596498"}],"wp:term":[{"taxonomy":"category","embeddable":true,"href":"https:\/\/www.europesays.com\/fr\/wp-json\/wp\/v2\/categories?post=596498"},{"taxonomy":"post_tag","embeddable":true,"href":"https:\/\/www.europesays.com\/fr\/wp-json\/wp\/v2\/tags?post=596498"}],"curies":[{"name":"wp","href":"https:\/\/api.w.org\/{rel}","templated":true}]}}