{"id":596500,"date":"2025-12-13T08:23:15","date_gmt":"2025-12-13T08:23:15","guid":{"rendered":"https:\/\/www.europesays.com\/fr\/596500\/"},"modified":"2025-12-13T08:23:15","modified_gmt":"2025-12-13T08:23:15","slug":"witkoff-envoye-a-berlin-a-la-rencontre-de-zelensky-et-de-dirigeants-europeens-liberation","status":"publish","type":"post","link":"https:\/\/www.europesays.com\/fr\/596500\/","title":{"rendered":"Witkoff envoy\u00e9 \u00e0 Berlin \u00e0 la rencontre de Zelensky et de dirigeants europ\u00e9ens \u2013 Lib\u00e9ration"},"content":{"rendered":"<p class=\"sc-cPiKLX AiZTS text-element\">Un nouvel \u00e9pisode dans l\u2019intense ballet diplomatique qui doit conduire \u00e0 la r\u00e9solution du conflit en Ukraine. L\u2019\u00e9missaire de Donald Trump Steve Witkoff doit se rendre \u00e0 Berlin ce week-end, \u00e0 la rencontre du pr\u00e9sident ukrainien Volodymyr Zelensky, alors que <a href=\"https:\/\/www.liberation.fr\/international\/europe\/plan-de-paix-americain-pour-lukraine-il-ny-a-jamais-eu-quelque-chose-dequivalent-dans-lhistoire-20251121_3QQA2FZXZRE57FAB4YCUO6Z5YY\/\" target=\"_blank\" rel=\"noreferrer noopener\" title=\"https:\/\/www.liberation.fr\/international\/europe\/plan-de-paix-americain-pour-lukraine-il-ny-a-jamais-eu-quelque-chose-dequivalent-dans-lhistoire-20251121_3QQA2FZXZRE57FAB4YCUO6Z5YY\/\">les Etats-Unis poussent Kyiv \u00e0 des concessions majeures<\/a> pour trouver une issue \u00e0 la guerre. Le magnat de l\u2019immobilier, promu envoy\u00e9 sp\u00e9cial d\u2019un <a href=\"https:\/\/www.liberation.fr\/international\/amerique\/pourparlers-sur-lukraine-trump-extremement-frustre-par-kyiv-et-moscou-20251212_XKZOW4EUQFCCRAFLBH3EHMSM3Q\/\" target=\"_blank\" rel=\"noreferrer noopener\" title=\"https:\/\/www.liberation.fr\/international\/amerique\/pourparlers-sur-lukraine-trump-extremement-frustre-par-kyiv-et-moscou-20251212_XKZOW4EUQFCCRAFLBH3EHMSM3Q\/\">Donald Trump toujours plus impatient<\/a> face aux h\u00e9sitations ukrainiennes, doit rencontrer des dirigeants europ\u00e9ens dont la liste n\u2019a pas \u00e9t\u00e9 pr\u00e9cis\u00e9e.<\/p>\n<p class=\"sc-cPiKLX AiZTS text-element\">Selon Volodymyr Zelensky, Washington veut que les forces ukrainiennes se retirent de la partie de la r\u00e9gion de Donetsk (est de l\u2019Ukraine) qu\u2019elles contr\u00f4lent encore et qui est cens\u00e9e devenir une \u00abzone \u00e9conomique libre\u00bb d\u00e9militaris\u00e9e, sans demander la m\u00eame chose aux troupes d\u2019occupation. En \u00e9change, l\u2019arm\u00e9e russe se retirerait de toutes petites zones conquises par elle dans les r\u00e9gions de <a href=\"https:\/\/www.liberation.fr\/international\/europe\/a-soumy-en-ukraine-langoisse-de-la-proximite-du-front-les-russes-veulent-detruire-la-ville-de-notre-enfance-la-ou-on-puise-notre-force-20250622_BHKT76AFZ5E4FJHFMXAKO7SHH4\/\" target=\"_blank\" rel=\"noreferrer noopener\" title=\"https:\/\/www.liberation.fr\/international\/europe\/a-soumy-en-ukraine-langoisse-de-la-proximite-du-front-les-russes-veulent-detruire-la-ville-de-notre-enfance-la-ou-on-puise-notre-force-20250622_BHKT76AFZ5E4FJHFMXAKO7SHH4\/\">Soumy<\/a>, <a href=\"https:\/\/www.liberation.fr\/international\/europe\/a-kharkiv-une-vie-sous-les-bombes-russes-cette-fois-on-ne-repartira-pas-nos-soldats-les-empecheront-de-revenir-20240605_DPSMC7OWQRHS3LS2IYWQ6MGLAE\/\" target=\"_blank\" rel=\"noreferrer noopener\" title=\"https:\/\/www.liberation.fr\/international\/europe\/a-kharkiv-une-vie-sous-les-bombes-russes-cette-fois-on-ne-repartira-pas-nos-soldats-les-empecheront-de-revenir-20240605_DPSMC7OWQRHS3LS2IYWQ6MGLAE\/\">Kharkiv <\/a>et <a href=\"https:\/\/www.liberation.fr\/international\/europe\/guerre-en-ukraine-larmee-russe-revendique-de-nouvelles-avancees-et-approche-desormais-de-la-region-de-dnipropetrovsk-20250330_X7RMXLSVFVBUNJB4JS635TORKM\/\" target=\"_blank\" rel=\"noreferrer noopener\" title=\"https:\/\/www.liberation.fr\/international\/europe\/guerre-en-ukraine-larmee-russe-revendique-de-nouvelles-avancees-et-approche-desormais-de-la-region-de-dnipropetrovsk-20250330_X7RMXLSVFVBUNJB4JS635TORKM\/\">Dnipropetrovsk<\/a> (nord, nord-est et centre-est) mais conserverait des territoires plus larges dans celles de Kherson et de Zaporijia (sud).<\/p>\n<p class=\"sc-cPiKLX AiZTS text-element\">Avant toute n\u00e9gociation territoriale, les Europ\u00e9ens et Ukrainiens ont demand\u00e9 aux Am\u00e9ricains des \u00abgaranties de s\u00e9curit\u00e9\u00bb qui seraient pr\u00e9vues en cas de nouvelle offensive russe, a d\u00e9clar\u00e9 la pr\u00e9sidence fran\u00e7aise vendredi. Un haut responsable a pour sa part dit \u00e0 l\u2019AFP qu\u2019<a href=\"https:\/\/www.liberation.fr\/international\/europe\/nous-devons-rester-unis-la-diplomatie-europeenne-choisit-la-desescalade-face-a-ladministration-trump-20251206_JBZCGCVY4NEXFMKWV4AT4KHI3E\/\" target=\"_blank\" rel=\"noreferrer noopener\" title=\"https:\/\/www.liberation.fr\/international\/europe\/nous-devons-rester-unis-la-diplomatie-europeenne-choisit-la-desescalade-face-a-ladministration-trump-20251206_JBZCGCVY4NEXFMKWV4AT4KHI3E\/\">une adh\u00e9sion de l\u2019Ukraine \u00e0 l\u2019Union europ\u00e9enne<\/a> d\u00e8s 2027 \u00e9tait envisag\u00e9e dans le plan am\u00e9ricain. \u00abC\u2019est stipul\u00e9 mais c\u2019est un sujet de n\u00e9gociation et les Am\u00e9ricains y sont favorables.\u00bb<\/p>\n<p class=\"sc-cPiKLX AiZTS text-element\">Une telle adh\u00e9sion, en \u00e0 peine plus d\u2019un an, semble cependant peu probable du fait de la possible opposition, entre autres, d\u2019Etats membres de l\u2019UE aux relations tendues avec l\u2019Ukraine, comme la Hongrie. Le temps presse pour Donald Trump, qui vise le prix Nobel de la paix et dont la porte-parole a fait savoir jeudi qu\u2019\u00abil en a assez des r\u00e9unions qui n\u2019ont d\u2019autre but que de se r\u00e9unir\u00bb.<\/p>\n<p class=\"sc-cPiKLX AiZTS text-element\">Les tentatives am\u00e9ricaines interviennent \u00e0 un moment difficile pour l\u2019Ukraine : la pr\u00e9sidence a \u00e9t\u00e9 d\u00e9stabilis\u00e9e par <a href=\"https:\/\/www.liberation.fr\/international\/europe\/corruption-en-ukraine-la-menace-dun-tsunami-politique-20251118_HMBASODNPJGTLC3Z4VB6TGCOVY\/\" target=\"_blank\" rel=\"noreferrer noopener\" title=\"https:\/\/www.liberation.fr\/international\/europe\/corruption-en-ukraine-la-menace-dun-tsunami-politique-20251118_HMBASODNPJGTLC3Z4VB6TGCOVY\/\">un vaste scandale de corruption impliquant des proches de Volodymyr Zelensky,<\/a> l\u2019arm\u00e9e est en recul sur le front et la population est soumise \u00e0 des coupures de courant \u00e0 cause des frappes russes. L\u2019arm\u00e9e ukrainienne a cependant affirm\u00e9 avoir repris aux Russes plusieurs quartiers de la ville cl\u00e9 de <a href=\"https:\/\/www.liberation.fr\/international\/europe\/en-direct-invasion-russe-les-americains-seraient-favorables-a-ladhesion-de-lukraine-a-lue-des-2027-20251212_GHB5N7JRSFB4XO76VSF63AE5IY\/\" target=\"_blank\" rel=\"noreferrer noopener\" title=\"https:\/\/www.liberation.fr\/international\/europe\/en-direct-invasion-russe-les-americains-seraient-favorables-a-ladhesion-de-lukraine-a-lue-des-2027-20251212_GHB5N7JRSFB4XO76VSF63AE5IY\/\">Koupiansk<\/a>, dans la r\u00e9gion de Kharkiv, ainsi que deux localit\u00e9s proches.<\/p>\n<p class=\"sc-cPiKLX AiZTS text-element\">Dans le Sud, un navire turc a \u00e9t\u00e9 endommag\u00e9 vendredi par une frappe a\u00e9rienne russe dans le port de Tchornomorsk, pr\u00e8s d\u2019Odessa. Des images diffus\u00e9es sur les r\u00e9seaux sociaux montrent ce b\u00e2timent bleu et blanc en feu. Le propri\u00e9taire de ce bateau, l\u2019armateur turc Cenk Shipping, a expliqu\u00e9 dans un communiqu\u00e9 que le M \/V CENK T, \u00abqui transporte des camions enti\u00e8rement charg\u00e9s de fruits frais, de l\u00e9gumes et de denr\u00e9es alimentaires sur la route Karasu \u2013 Odessa\u00bb, avait \u00e9t\u00e9 \u00abvictime d\u2019une attaque a\u00e9rienne\u00bb.<\/p>\n<p class=\"sc-cPiKLX AiZTS text-element\">La Turquie a r\u00e9agi en r\u00e9it\u00e9rant sa demande d\u2019une \u00absuspension\u00bb des frappes ciblant les infrastructures \u00e9nerg\u00e9tiques et portuaires. Ankara a mis en garde ces derni\u00e8res semaines contre une \u00abescalade inqui\u00e9tante\u00bb en mer Noire, apr\u00e8s que l\u2019Ukraine a revendiqu\u00e9 <a href=\"https:\/\/www.liberation.fr\/international\/europe\/russie-deux-navires-de-la-flotte-fantome-et-un-terminal-petrolier-attaques-par-des-drones-navals-20251129_6P5TUDYEKZB3NHXC7LVEJD64DM\/\" target=\"_blank\" rel=\"noreferrer noopener\" title=\"https:\/\/www.liberation.fr\/international\/europe\/russie-deux-navires-de-la-flotte-fantome-et-un-terminal-petrolier-attaques-par-des-drones-navals-20251129_6P5TUDYEKZB3NHXC7LVEJD64DM\/\">des attaques de drones navals<\/a> contre des p\u00e9troliers li\u00e9s selon elle \u00e0 la Russie dans la r\u00e9gion.<\/p>\n<p class=\"sc-cPiKLX AiZTS text-element\">L\u2019Ukraine r\u00e9plique aux bombardements russes en envoyant des dizaines de drones quotidiennement vers la Russie, visant en particulier l\u2019industrie p\u00e9troli\u00e8re qui permet \u00e0 Moscou de financer la guerre. Dans la r\u00e9gion russe de Saratov, sur la Volga, \u00e0 plusieurs centaines de kilom\u00e8tres de la fronti\u00e8re ukrainienne, une attaque de drone a fait un mort dans la nuit de vendredi \u00e0 samedi, a annonc\u00e9 le gouverneur r\u00e9gional Roman Boussarguine.<\/p>\n","protected":false},"excerpt":{"rendered":"Un nouvel \u00e9pisode dans l\u2019intense ballet diplomatique qui doit conduire \u00e0 la r\u00e9solution du conflit en Ukraine. L\u2019\u00e9missaire&hellip;\n","protected":false},"author":2,"featured_media":596501,"comment_status":"","ping_status":"","sticky":false,"template":"","format":"standard","meta":{"footnotes":""},"categories":[1590],"tags":[11,75,73,1777,674,12,132,220,297,134],"class_list":{"0":"post-596500","1":"post","2":"type-post","3":"status-publish","4":"format-standard","5":"has-post-thumbnail","7":"category-ukraine","8":"tag-actualites","9":"tag-donald-trump","10":"tag-etats-unis","11":"tag-eu","12":"tag-europe","13":"tag-news","14":"tag-russie","15":"tag-ukraine","16":"tag-ukraine-la-crise","17":"tag-volodymyr-zelensky"},"share_on_mastodon":{"url":"https:\/\/pubeurope.com\/@fr\/115711299111029887","error":""},"_links":{"self":[{"href":"https:\/\/www.europesays.com\/fr\/wp-json\/wp\/v2\/posts\/596500","targetHints":{"allow":["GET"]}}],"collection":[{"href":"https:\/\/www.europesays.com\/fr\/wp-json\/wp\/v2\/posts"}],"about":[{"href":"https:\/\/www.europesays.com\/fr\/wp-json\/wp\/v2\/types\/post"}],"author":[{"embeddable":true,"href":"https:\/\/www.europesays.com\/fr\/wp-json\/wp\/v2\/users\/2"}],"replies":[{"embeddable":true,"href":"https:\/\/www.europesays.com\/fr\/wp-json\/wp\/v2\/comments?post=596500"}],"version-history":[{"count":0,"href":"https:\/\/www.europesays.com\/fr\/wp-json\/wp\/v2\/posts\/596500\/revisions"}],"wp:featuredmedia":[{"embeddable":true,"href":"https:\/\/www.europesays.com\/fr\/wp-json\/wp\/v2\/media\/596501"}],"wp:attachment":[{"href":"https:\/\/www.europesays.com\/fr\/wp-json\/wp\/v2\/media?parent=596500"}],"wp:term":[{"taxonomy":"category","embeddable":true,"href":"https:\/\/www.europesays.com\/fr\/wp-json\/wp\/v2\/categories?post=596500"},{"taxonomy":"post_tag","embeddable":true,"href":"https:\/\/www.europesays.com\/fr\/wp-json\/wp\/v2\/tags?post=596500"}],"curies":[{"name":"wp","href":"https:\/\/api.w.org\/{rel}","templated":true}]}}