{"id":596504,"date":"2025-12-13T08:25:24","date_gmt":"2025-12-13T08:25:24","guid":{"rendered":"https:\/\/www.europesays.com\/fr\/596504\/"},"modified":"2025-12-13T08:25:24","modified_gmt":"2025-12-13T08:25:24","slug":"au-royaume-uni-lincroyable-retour-des-epiceries-du-coin","status":"publish","type":"post","link":"https:\/\/www.europesays.com\/fr\/596504\/","title":{"rendered":"Au Royaume-Uni, l\u2019incroyable retour des \u00e9piceries du coin"},"content":{"rendered":"\n<p>Certaines histoires ont la vie dure. Comme celle des \u00e9piceries du coin qui seraient en voie de disparition. C\u2019\u00e9tait effectivement le cas, autrefois. En 2010, Mary Portas [autrefois directrice de cr\u00e9ation chez Harvey Nichols, grand magasin de luxe] se d\u00e9solait de voir notre engouement pour le supermarch\u00e9 d\u00e9truire \u201cces pierres angulaires de la vie de famille\u201d.<\/p>\n<p>En 2018, le <a href=\"https:\/\/www.courrierinternational.com\/notule-source\/daily-mail\" rel=\"nofollow noopener\" target=\"_blank\">Daily\u00a0Mail <\/a>pr\u00e9disait que les mill\u00e9niaux, obs\u00e9d\u00e9s par les courses en ligne, allaient les achever. Pendant ce temps, <a href=\"https:\/\/www.courrierinternational.com\/notule-source\/london-evening-standard\" rel=\"nofollow noopener\" target=\"_blank\">The Evening\u00a0Standard<\/a> avait organis\u00e9 une campagne pour \u201csauver nos petits commerces\u201d. (\u201cPourquoi donc a-t-il fallu attendre si longtemps pour que soit lanc\u00e9e une telle campagne\u00a0?\u201d s\u2019\u00e9tait demand\u00e9 <a href=\"https:\/\/www.courrierinternational.com\/notule-source\/the-guardian\" rel=\"nofollow noopener\" target=\"_blank\">The Guardian<\/a>.) Or, contre toute attente, les \u00e9piceries du coin prosp\u00e8rent.<\/p>\n<p> Une r\u00e9sistance \u00e9tonnante <\/p>\n<p>Aujourd\u2019hui, on en recense 50\u00a0500 en Grande-Bretagne \u2013 contre 47\u00a0000 en 2020. Ces boutiques sont plus ou moins des sup\u00e9rettes\u00a0: ouvertes au-del\u00e0 des heures habituelles, d\u2019une surface inf\u00e9rieure \u00e0 300\u00a0m2, on y trouve de tout, de la teinture pour les cheveux \u00e0 l\u2019aspirine en passant par les haricots en bo\u00eete et la nourriture pour animaux. Certaines font partie de franchises, comme Nisa, d\u00e9tenue par la Co-op, ou Londis, de Tesco, mais 71\u00a0% restent farouchement ind\u00e9pendantes. Le march\u00e9 est \u00e9valu\u00e9 \u00e0 48,8\u00a0milliards de<\/p>\n<p>  Offres sp\u00e9ciales  Pour lire la suite de cet article, abonnez-vous <\/p>\n<p class=\"paywall-text\">Acc\u00e9dez \u00e0\u00a0l\u2019int\u00e9gralit\u00e9 de\u00a0nos contenus sur le\u00a0site et\u00a0l\u2019application en\u00a0vous abonnant \u00e0\u00a0<strong>l\u2019offre sp\u00e9ciale.<\/strong><\/p>\n<p class=\"price\">D\u00e8s <strong>2,99\u00a0\u20ac<\/strong>\/mois<\/p>\n<p> Sans engagement \u2022 R\u00e9siliable en ligne                             Offres sp\u00e9ciales  <\/p>\n<p class=\"popin-title\"> <strong>Profitez d\u2019un acc\u00e8s illimit\u00e9 (-57%)<\/strong> <\/p>\n<p>    <img loading=\"lazy\" decoding=\"async\" class=\"popin-img\" src=\"https:\/\/www.europesays.com\/fr\/wp-content\/uploads\/2025\/12\/1765428924_319_fe6cca3_upload-1-y50fm5af5abj-pop-in.png\"  alt=\"Image d'illustration pour l'abonnement\" width=\"300\" height=\"250\"\/>    <\/p>\n<p class=\"price\"> 2,99 \u20ac par mois <\/p>\n<p class=\"popin-engagement\">au lieu de 6,99 \u20ac, r\u00e9siliable \u00e0 tout moment<\/p>\n<p>  <a class=\"ithal-element\" href=\"https:\/\/macommande.courrierinternational.com\/account\/create\/CWADIMENS299PRIO\/CW365N3600ADD1FPRIO?marketing=RCWSITEDISPLAY01\" data-model=\"button\" data-ithal=\"popin_offre_speciale\" data-ithalc=\"[cta_abo]\" id=\"click_popin_offre_speciale\" rel=\"nofollow noopener\" target=\"_blank\">J\u2019en profite<\/a>             <\/p>\n<p class=\"article-authors\">                         <a href=\"https:\/\/www.courrierinternational.com\/auteur\/martha-gill\" rel=\"nofollow noopener\" target=\"_blank\">Martha Gill<\/a>    <\/p>\n<p class=\"article-vo\"><a href=\"https:\/\/observer.co.uk\/news\/columnists\/article\/for-baked-beans-and-now-banking-corner-shops-are-vital-no-wonder-theyre-thriving\" rel=\"noopener nofollow\" target=\"_blank\">Lire l\u2019article original<\/a><\/p>\n<p>Source de l\u2019article<\/p>\n<p>   <img decoding=\"async\" class=\"source-logo\" src=\"https:\/\/www.europesays.com\/fr\/wp-content\/uploads\/2025\/08\/b083f27_1692975311840-o.jpg\"  alt=\"Logo\" loading=\"lazy\" width=\"32\" height=\"32\"\/>  The Observer  (Londres)       <\/p>\n<p>Humaniste et proeurop\u00e9en, l\u2019hebdomadaire trouve gr\u00e2ce aux yeux des \u00e9lecteurs travaillistes, en particulier parmi la classe moyenne sup\u00e9rieure.<\/p>\n<p>Fond\u00e9 en 1791, avec la promesse de n\u2019\u00eatre influenc\u00e9 \u201cni par les pr\u00e9jug\u00e9s, ni par aucun parti\u201d, The Observer est le plus ancien journal dominical encore en circulation au Royaume-Uni. Parmi ses objectifs, d\u00e9finis en 1959\u00a0<a href=\"https:\/\/observer.co.uk\/opinion-and-ideas\/letters\/article\/a-note-from-james-harding-observer\" class=\"link\" affiliate=\"false\" rel=\"nofollow noopener\" target=\"_blank\">par son propri\u00e9taire et directeur de la r\u00e9daction David Astor<\/a>\u00a0: \u201cTraiter ses adversaires avec respect, s\u2019opposer \u00e0 ceux qui promeuvent la haine, mais de mani\u00e8re non-violente. Essayer de comprendre les gens et d\u2019expliquer qui ils sont les uns aux autres. Pratiquer l\u2019autocritique &#8211; en tant que progressistes, qu\u2019internationalistes et que journalistes &#8211; sans se retenir de critiquer les autres.\u201d De mani\u00e8re g\u00e9n\u00e9rale, poursuivait-il avec une note d\u2019humour\u00a0: \u201cFaire l\u2019inverse que ce que Hitler aurait voulu.\u201d<\/p>\n<p>Int\u00e9gr\u00e9 au m\u00eame groupe que le quotidien de gauche The Guardian en 1993, l\u2019hebdomadaire a \u00e9t\u00e9 repris fin 2024, en d\u00e9pit d\u2019une vive contestation en interne, par le m\u00e9dia en ligne Tortoise Media. Des craintes se sont alors fait jour quant \u00e0 la p\u00e9rennit\u00e9 de l\u2019\u00e9dition papier.<\/p>\n<p>Rel\u00e9gu\u00e9 au rang de simple onglet du site internet de The Guardian, The Observer obtient sa propre plateforme num\u00e9rique dans le sillage du rachat en avril 2025..<\/p>\n<p>      <a href=\"https:\/\/www.courrierinternational.com\/notule-source\/the-observer\" class=\"source-link\" rel=\"nofollow noopener\" target=\"_blank\">Lire la suite<\/a>                 <\/p>\n<p>Nos services<\/p>\n","protected":false},"excerpt":{"rendered":"Certaines histoires ont la vie dure. Comme celle des \u00e9piceries du coin qui seraient en voie de disparition.&hellip;\n","protected":false},"author":2,"featured_media":596505,"comment_status":"","ping_status":"","sticky":false,"template":"","format":"standard","meta":{"footnotes":""},"categories":[1588],"tags":[11,35,1777,674,6908,12,473,1853,1857,1851,1850,1852],"class_list":{"0":"post-596504","1":"post","2":"type-post","3":"status-publish","4":"format-standard","5":"has-post-thumbnail","7":"category-royaume-uni","8":"tag-actualites","9":"tag-business","10":"tag-eu","11":"tag-europe","12":"tag-grande-distribution","13":"tag-news","14":"tag-royaume-uni","15":"tag-royaume-uni-de-grande-bretagne-et-dirlande-du-nord","16":"tag-sociu00e9tu00e9","17":"tag-uk","18":"tag-united-kingdom","19":"tag-united-kingdom-of-great-britain-and-northern-ireland"},"share_on_mastodon":{"url":"https:\/\/pubeurope.com\/@fr\/115711307831971624","error":""},"_links":{"self":[{"href":"https:\/\/www.europesays.com\/fr\/wp-json\/wp\/v2\/posts\/596504","targetHints":{"allow":["GET"]}}],"collection":[{"href":"https:\/\/www.europesays.com\/fr\/wp-json\/wp\/v2\/posts"}],"about":[{"href":"https:\/\/www.europesays.com\/fr\/wp-json\/wp\/v2\/types\/post"}],"author":[{"embeddable":true,"href":"https:\/\/www.europesays.com\/fr\/wp-json\/wp\/v2\/users\/2"}],"replies":[{"embeddable":true,"href":"https:\/\/www.europesays.com\/fr\/wp-json\/wp\/v2\/comments?post=596504"}],"version-history":[{"count":0,"href":"https:\/\/www.europesays.com\/fr\/wp-json\/wp\/v2\/posts\/596504\/revisions"}],"wp:featuredmedia":[{"embeddable":true,"href":"https:\/\/www.europesays.com\/fr\/wp-json\/wp\/v2\/media\/596505"}],"wp:attachment":[{"href":"https:\/\/www.europesays.com\/fr\/wp-json\/wp\/v2\/media?parent=596504"}],"wp:term":[{"taxonomy":"category","embeddable":true,"href":"https:\/\/www.europesays.com\/fr\/wp-json\/wp\/v2\/categories?post=596504"},{"taxonomy":"post_tag","embeddable":true,"href":"https:\/\/www.europesays.com\/fr\/wp-json\/wp\/v2\/tags?post=596504"}],"curies":[{"name":"wp","href":"https:\/\/api.w.org\/{rel}","templated":true}]}}