{"id":596506,"date":"2025-12-13T08:26:11","date_gmt":"2025-12-13T08:26:11","guid":{"rendered":"https:\/\/www.europesays.com\/fr\/596506\/"},"modified":"2025-12-13T08:26:11","modified_gmt":"2025-12-13T08:26:11","slug":"handball-feminin-battues-par-lallemagne-les-bleues-privees-de-finale-mondiale-linfo-re","status":"publish","type":"post","link":"https:\/\/www.europesays.com\/fr\/596506\/","title":{"rendered":"Handball f\u00e9minin : battues par l\u2019Allemagne, les Bleues priv\u00e9es de finale mondiale &#8211; LINFO.re"},"content":{"rendered":"<p>Le parcours des Bleues, championnes du monde en titre, s\u2019est arr\u00eat\u00e9 en demi-finale du Mondial de handball f\u00e9minin. Battues par l\u2019Allemagne vendredi \u00e0 Rotterdam, les Fran\u00e7aises devront se contenter du match pour la troisi\u00e8me place.<\/p>\n<p>\t\t\t\t\t\t<strong>Une marche trop haute face \u00e0 l\u2019Allemagne<\/strong><\/p>\n<p>Vendredi 12 d\u00e9cembre, l\u2019<strong><a href=\"https:\/\/www.linfo.re\/tags\/equipe-de-france-11302\" target=\"_blank\" rel=\"noopener\">\u00e9quipe de France<\/a> f\u00e9minine<\/strong> de <a href=\"https:\/\/www.linfo.re\/tags\/handball\" target=\"_blank\" rel=\"noopener\"><strong>handball<\/strong><\/a> s\u2019est inclin\u00e9e 29-23 face \u00e0 une s\u00e9lection allemande solide, \u00e0 Rotterdam. En difficult\u00e9 d\u00e8s la premi\u00e8re p\u00e9riode, les Bleues ont couru apr\u00e8s le score sans parvenir \u00e0 renverser la situation.<\/p>\n<p><strong>Des difficult\u00e9s offensives et d\u00e9fensives<\/strong><\/p>\n<p>La rencontre a \u00e9t\u00e9 marqu\u00e9e par un manque d\u2019efficacit\u00e9 offensive c\u00f4t\u00e9 fran\u00e7ais. Une longue p\u00e9riode sans but en seconde mi-temps a pes\u00e9 lourd. Sur le plan d\u00e9fensif, les <strong>Tricolores<\/strong> n\u2019ont pas r\u00e9ussi \u00e0 contenir le jeu allemand. Elles ont conc\u00e9d\u00e9 de nombreuses situations de tir.<\/p>\n<p><strong>La finale manqu\u00e9e, mais une m\u00e9daille encore possible<\/strong><\/p>\n<p>Battues en demi-finale du <a href=\"https:\/\/www.linfo.re\/tags\/mondial-handball-feminin\" target=\"_blank\" rel=\"noopener\"><strong>Mondial de handball<\/strong><\/a>, les Bleues disputeront le match pour la troisi\u00e8me place dimanche. Elles affronteront les Pays-Bas. L\u2019Allemagne, de son c\u00f4t\u00e9, acc\u00e8de \u00e0 une finale mondiale pour la premi\u00e8re fois depuis 1994.<\/p>\n<p>Sources\u00a0: Le Figaro, Ouest France\u00a0<\/p>\n","protected":false},"excerpt":{"rendered":"Le parcours des Bleues, championnes du monde en titre, s\u2019est arr\u00eat\u00e9 en demi-finale du Mondial de handball f\u00e9minin.&hellip;\n","protected":false},"author":2,"featured_media":596507,"comment_status":"","ping_status":"","sticky":false,"template":"","format":"standard","meta":{"footnotes":""},"categories":[1587],"tags":[47,11,672,1804,1805,1803,64,1777,674,1801,1792,1922,70910,12,1802,60],"class_list":{"0":"post-596506","1":"post","2":"type-post","3":"status-publish","4":"format-standard","5":"has-post-thumbnail","7":"category-allemagne","8":"tag-actualite","9":"tag-actualites","10":"tag-allemagne","11":"tag-bundesrepublik-deutschland","12":"tag-de","13":"tag-deutschland","14":"tag-equipe-de-france","15":"tag-eu","16":"tag-europe","17":"tag-germany","18":"tag-handball","19":"tag-info","20":"tag-mondial-handball","21":"tag-news","22":"tag-republique-federale-dallemagne","23":"tag-sports"},"share_on_mastodon":{"url":"https:\/\/pubeurope.com\/@fr\/115711310786648985","error":""},"_links":{"self":[{"href":"https:\/\/www.europesays.com\/fr\/wp-json\/wp\/v2\/posts\/596506","targetHints":{"allow":["GET"]}}],"collection":[{"href":"https:\/\/www.europesays.com\/fr\/wp-json\/wp\/v2\/posts"}],"about":[{"href":"https:\/\/www.europesays.com\/fr\/wp-json\/wp\/v2\/types\/post"}],"author":[{"embeddable":true,"href":"https:\/\/www.europesays.com\/fr\/wp-json\/wp\/v2\/users\/2"}],"replies":[{"embeddable":true,"href":"https:\/\/www.europesays.com\/fr\/wp-json\/wp\/v2\/comments?post=596506"}],"version-history":[{"count":0,"href":"https:\/\/www.europesays.com\/fr\/wp-json\/wp\/v2\/posts\/596506\/revisions"}],"wp:featuredmedia":[{"embeddable":true,"href":"https:\/\/www.europesays.com\/fr\/wp-json\/wp\/v2\/media\/596507"}],"wp:attachment":[{"href":"https:\/\/www.europesays.com\/fr\/wp-json\/wp\/v2\/media?parent=596506"}],"wp:term":[{"taxonomy":"category","embeddable":true,"href":"https:\/\/www.europesays.com\/fr\/wp-json\/wp\/v2\/categories?post=596506"},{"taxonomy":"post_tag","embeddable":true,"href":"https:\/\/www.europesays.com\/fr\/wp-json\/wp\/v2\/tags?post=596506"}],"curies":[{"name":"wp","href":"https:\/\/api.w.org\/{rel}","templated":true}]}}