{"id":596512,"date":"2025-12-13T08:29:13","date_gmt":"2025-12-13T08:29:13","guid":{"rendered":"https:\/\/www.europesays.com\/fr\/596512\/"},"modified":"2025-12-13T08:29:13","modified_gmt":"2025-12-13T08:29:13","slug":"direct-dermatose-nodulaire-pour-etre-ecoutes-on-va-faire-sauter-des-ponts-axes-routiers-bloques-sangliers-pendus-le-ton-monte","status":"publish","type":"post","link":"https:\/\/www.europesays.com\/fr\/596512\/","title":{"rendered":"DIRECT. Dermatose nodulaire\u00a0: \u00ab\u00a0Pour \u00eatre \u00e9cout\u00e9s, on va faire sauter des ponts\u00a0\u00bb, axes routiers bloqu\u00e9s, sangliers pendus\u2026 le ton monte"},"content":{"rendered":"<p>09h17.\ud83d\udea7 Le point sur la circulation<\/p>\n<p class=\"live-post__amorce\">Suite aux manifestations, la circulation est fortement perturb\u00e9e sur plusieurs axes majeurs. <br \/>&#8211; A64 (Toulouse &#8211; Bayonne) : De nombreux \u00e9changeurs sont ferm\u00e9s (entr\u00e9es\/sorties interdites), notamment dans les Pyr\u00e9n\u00e9es-Atlantiques (Briscous, Urt, Salies, Pau, Tarbes), rendant le trafic impossible sur de longs secteurs. La circulation est interdite aux poids lourds (+7,5T) entre Toulouse et Bayonne.<br \/>&#8211; A645 : Coupure au niveau de la bretelle en direction de l&rsquo;Espagne (sortie obligatoire D817).<br \/>&#8211; A20 : Entr\u00e9e et sortie interdites \u00e0 l&rsquo;\u00e9changeur de Caussade (n\u00b059).<br \/>&#8211; A54 : Entr\u00e9e et sortie interdites \u00e0 St Martin de Crau (n\u00b012).<\/p>\n<p>09h24.Plusieurs ponts bloqu\u00e9s en Haute-Garonne<\/p>\n<p class=\"live-post__amorce\">Ce matin \u00e0 5h00 , divers ponts ont \u00e9t\u00e9 bloqu\u00e9s entre Grenade et Verdun-sur-Garonne par les agriculteurs.<\/p>\n<p>09h00.\u00a0\u00bbPour \u00eatre \u00e9cout\u00e9s, on va faire sauter des ponts\u00a0\u00bb<\/p>\n<p class=\"live-post__amorce\">\u00ab\u00a0Vous n\u2019\u00eates pas pr\u00eats, les paysans n\u2019ont plus rien \u00e0 perdre\u00a0\u00bb, pr\u00e9vient la CR 33, lors de plusieurs actions coups de poing \u00e0 Bordeaux , rapporte  <a href=\"https:\/\/actu.fr\/nouvelle-aquitaine\/bordeaux_33063\/pour-etre-ecoutes-on-va-faire-sauter-des-ponts-la-coordination-rurale-de-gironde-n-a-plus-rien-a-perdre_63567300.html\" target=\"_blank\" rel=\"noopener noreferrer nofollow\" class=\"\">Actu Gironde<\/a> . \u00ab\u00a0Pour \u00eatre \u00e9cout\u00e9s, on va faire sauter des ponts\u00a0\u00bb a ajout\u00e9 le pr\u00e9sident de la CR 33<\/p>\n<p>08h17.De nombreuses mobilisations dans le Sud Ouest<\/p>\n<p class=\"live-post__amorce\">Dans les Pyr\u00e9n\u00e9es-Orientales, les \u00e9leveurs sont attendus d\u00e8s 8 heures au niveau du giratoire de Villefranche-de-Conflent. Dans les Landes, l&rsquo;appel des syndicats est donn\u00e9 \u00e0 9 heures \u00e0 Mont-de-Marsan, pour se rendre \u00e0 la pr\u00e9fecture. Plusieurs autoroutes sont bloqu\u00e9s au niveau des p\u00e9ages, notamment l&rsquo;A64 et l&rsquo;A65. L&rsquo;acc\u00e8s au pas de la case est aussi ferm\u00e9 par les tracteurs. Dans le Tarn, des rassemblements sont \u00e9galement organis\u00e9s dans les villes d&rsquo;Albi et de Castres. <\/p>\n<p>08h01.Les 207 vaches du troupeau finalement euthanasi\u00e9es<\/p>\n<p class=\"live-post__amorce\">Ce vendredi 12 d\u00e9cembre 2025, les services v\u00e9t\u00e9rinaires ont proc\u00e9d\u00e9 \u00e0 l\u2019abattage total des 207 vaches du Gaec de Mouriscou aux Bordes-sur-Arize, en Ari\u00e8ge.<\/p>\n<p class=\"std-elt__inline\">\n        <strong>\u00c0 lire aussi :<\/strong><br \/>\n        <a href=\"https:\/\/www.ladepeche.fr\/2025\/12\/12\/dermatose-nodulaire-sils-ont-accepte-labattage-cest-parce-quon-les-a-menaces-les-207-vaches-du-troupeau-finalement-euthanasiees-13107167.php\" target=\"_blank\" rel=\"noopener\">Dermatose nodulaire. \u00ab\u00a0C\u2019est la ruine assur\u00e9e pour eux\u00a0\u00bb\u00a0: les 207 vaches du troupeau finalement euthanasi\u00e9es<\/a>\n    <\/p>\n<p>07h52.\u00a0\u00bbLa vaccination plut\u00f4t que la r\u00e9pression\u00a0\u00bb : la coordination rurale appelle \u00e0 des mobilisations aux quatre coins de la France<\/p>\n<p class=\"live-post__amorce\">Apr\u00e8s avoir d\u00e9marr\u00e9 dans le Sud-Ouest, la col\u00e8re des agriculteurs s&rsquo;\u00e9tend \u00e0 l&rsquo;ensemble de la France. La Coordination Rurale et d&rsquo;autres syndicats agricoles appellent \u00e0 des mobilisations dans de nombreux d\u00e9partements aux quatre coins de la France, signe que la col\u00e8re devient de plus en plus forte. \u00ab Le gouvernement a perdu six mois pr\u00e9cieux depuis l\u2019apparition de la maladie pour commander des vaccins, n\u00e9gocier les accords pour l\u2019exportation des bovins vaccin\u00e9s et prot\u00e9ger les \u00e9leveurs fran\u00e7ais \u00bb, explique la CR dans un communiqu\u00e9.<\/p>\n<p>07h49.ENTRETIEN : \u00ab\u00a0La viande n\u2019est pas dangereuse, ni le lait\u00a0\u00bb, rappelle une sp\u00e9cialiste<\/p>\n<p class=\"live-post__amorce\">La dermatose nodulaire contagieuse secoue le secteur agricole fran\u00e7ais. Bien que sans danger pour l\u2019homme, sa propagation rapide par les insectes et le transport d\u2019animaux infect\u00e9s inqui\u00e8te. L\u2019abattage pr\u00e9ventif reste la seule solution efficace, pour Jeanne Brug\u00e8re-Picoux, professeure honoraire de l\u2019\u00c9cole nationale v\u00e9t\u00e9rinaire d\u2019Alfort, agr\u00e9g\u00e9e de pathologie m\u00e9dicale du b\u00e9tail.<\/p>\n<p class=\"std-elt__inline\">\n        <strong>\u00c0 lire aussi :<\/strong><br \/>\n        <a href=\"https:\/\/www.ladepeche.fr\/2025\/12\/13\/entretien-dermatose-nodulaire-la-viande-nest-pas-dangereuse-ni-le-lait-rappelle-une-specialiste-de-la-sante-animale-13106423.php\" target=\"_blank\" rel=\"noopener\">ENTRETIEN. Dermatose nodulaire\u00a0: \u00ab\u00a0La viande n\u2019est pas dangereuse, ni le lait\u00a0\u00bb, rappelle une sp\u00e9cialiste de la sant\u00e9 animale<\/a>\n    <\/p>\n<p>07h47.Deux policiers \u00ab\u00a0l\u00e9g\u00e8rement bless\u00e9s\u00a0\u00bb lors d&rsquo;une mobilisation sur l&rsquo;A64 pr\u00e8s de Pau<\/p>\n<p class=\"live-post__amorce\">La pr\u00e9fecture des Pyr\u00e9n\u00e9es-Atlantiques indique que deux policiers ont \u00e9t\u00e9 l\u00e9g\u00e8rement bless\u00e9s lors d&rsquo;une mobilisation sur l&rsquo;autoroute 64 au p\u00e9age de Lescar, pr\u00e8s de Pau. \u201cLe pr\u00e9fet d\u00e9nonce ces comportements inacceptables au regard des nombreuses d\u00e9gradations sur le d\u00e9partement et des atteintes aux forces de l\u2019ordre\u201d, indique un communiqu\u00e9.<\/p>\n<p>07h41.Les autoroutes A64 et A65 ferm\u00e9es apr\u00e8s plusieurs actions<\/p>\n<p class=\"live-post__amorce\">Des agriculteurs sont mobilis\u00e9s sur l&rsquo;A64 \u00e0 Carbonne, en Haute-Garonne, ce matin. L&rsquo;axe routier est ferm\u00e9 dans les deux sens, entre Toulouse et Bayonne. <\/p>\n<blockquote data-class=\"twitter-tweet\">\n<p lang=\"fr\" dir=\"ltr\">23h56 \u26a0\ufe0f : sur <a href=\"https:\/\/twitter.com\/hashtag\/A64?src=hash&amp;ref_src=twsrc%5Etfw\" target=\"_blank\" rel=\"noopener\">#A64<\/a>, autoroute coup\u00e9e en direction de Toulouse apr\u00e8s la sortie n\u00b09 Artix suite \u00e0 une manifestation. \u00c9coutez <a href=\"https:\/\/twitter.com\/Radio1077?ref_src=twsrc%5Etfw\" target=\"_blank\" rel=\"noopener\">@Radio1077<\/a> <a href=\"https:\/\/twitter.com\/hashtag\/InfoTrafic?src=hash&amp;ref_src=twsrc%5Etfw\" target=\"_blank\" rel=\"noopener\">#InfoTrafic<\/a><\/p>\n<p>\u2014 Autoroute A64 (@A64Trafic) <a href=\"https:\/\/twitter.com\/A64Trafic\/status\/1999614509338526146?ref_src=twsrc%5Etfw\" target=\"_blank\" rel=\"noopener\">December 12, 2025<\/a><\/p><\/blockquote>\n<p>07h26.La col\u00e8re du monde agricole explose<\/p>\n<p class=\"live-post__amorce\">Cercueil d\u00e9pos\u00e9 devant le minist\u00e8re, veaux pendus et autres d\u00e9p\u00f4ts de purin devant les pr\u00e9fectures : le secteur agricole fait entendre sa col\u00e8re contre la strat\u00e9gie du gouvernement en mati\u00e8re de lutte contre la dermatose nodulaire contagieuse des bovins (DNC). Face \u00e0 un virus de cat\u00e9gorie A, tr\u00e8s contagieux, comme la fi\u00e8vre aphteuse, l\u2019\u00c9tat contraint en effet les \u00e9leveurs touch\u00e9s \u00e0 abattre tout leur troupeau, \u00e0 titre pr\u00e9ventif. La ministre de l\u2019Agriculture Annie Genevard l\u2019a r\u00e9affirm\u00e9 ce vendredi, \u00ab\u00a0pour sauver toute la fili\u00e8re, l\u2019abattage est la seule solution\u00a0\u00bb. Selon elle, \u00ab\u00a0le protocole actuel fonctionne\u00a0\u00bb. De son c\u00f4t\u00e9, le syndicat de la Coordination Rurale a appel\u00e9 \u00e0 \u00ab\u00a0arr\u00eater d\u2019abattre des animaux sains\u00a0\u00bb, au nom d\u2019un \u00ab\u00a0principe de pr\u00e9caution XXL qui fait des ravages\u00a0\u00bb.<\/p>\n<p>07h17.\u00a0\u00bbOn bouche la route qui m\u00e8ne au Pas de la Case\u00a0\u00bb<\/p>\n<p class=\"live-post__amorce\">La col\u00e8re paysanne se poursuit en Ari\u00e8ge. Des agriculteurs bloquent depuis ce vendredi 12 d\u00e9cembre 2025, soir, la route nationale 20 \u00e0 Tarascon-sur-Ari\u00e8ge, protestant contre l\u2019abattage massif de b\u00e9tail. Ils annoncent faire durer la mobilisation \u00ab\u00a0le plus longtemps possible\u00a0\u00bb.<\/p>\n<p class=\"std-elt__inline\">\n        <strong>\u00c0 lire aussi :<\/strong><br \/>\n        <a href=\"https:\/\/www.ladepeche.fr\/2025\/12\/12\/dermatose-nodulaire-on-bouche-la-route-qui-mene-au-pas-de-la-case-le-plus-longtemps-possible-la-colere-paysanne-continue-de-gronder-13107741.php\" target=\"_blank\" rel=\"noopener\">Dermatose nodulaire : \u00ab\u00a0On bouche la route qui m\u00e8ne au Pas de la Case, le plus longtemps possible&#8230;\u00a0\u00bb la col\u00e8re paysanne continue de gronder<\/a>\n    <\/p>\n<p>07h09.<\/p>\n<p>Bonjour et bienvenu dans ce direct<\/p>\n<p><script async src=\"https:\/\/platform.twitter.com\/widgets.js\" charset=\"utf-8\"><\/script><\/p>\n","protected":false},"excerpt":{"rendered":"09h17.\ud83d\udea7 Le point sur la circulation Suite aux manifestations, la circulation est fortement perturb\u00e9e sur plusieurs axes majeurs.&hellip;\n","protected":false},"author":2,"featured_media":596513,"comment_status":"","ping_status":"","sticky":false,"template":"","format":"standard","meta":{"footnotes":""},"categories":[2],"tags":[11,327,2720,70814,33,1011,27,12,25],"class_list":{"0":"post-596512","1":"post","2":"type-post","3":"status-publish","4":"format-standard","5":"has-post-thumbnail","7":"category-actualites","8":"tag-actualites","9":"tag-agriculture","10":"tag-ariege","11":"tag-dermatose-nodulaire","12":"tag-economie","13":"tag-fr","14":"tag-france","15":"tag-news","16":"tag-republique-francaise"},"share_on_mastodon":{"url":"https:\/\/pubeurope.com\/@fr\/115711322792062954","error":""},"_links":{"self":[{"href":"https:\/\/www.europesays.com\/fr\/wp-json\/wp\/v2\/posts\/596512","targetHints":{"allow":["GET"]}}],"collection":[{"href":"https:\/\/www.europesays.com\/fr\/wp-json\/wp\/v2\/posts"}],"about":[{"href":"https:\/\/www.europesays.com\/fr\/wp-json\/wp\/v2\/types\/post"}],"author":[{"embeddable":true,"href":"https:\/\/www.europesays.com\/fr\/wp-json\/wp\/v2\/users\/2"}],"replies":[{"embeddable":true,"href":"https:\/\/www.europesays.com\/fr\/wp-json\/wp\/v2\/comments?post=596512"}],"version-history":[{"count":0,"href":"https:\/\/www.europesays.com\/fr\/wp-json\/wp\/v2\/posts\/596512\/revisions"}],"wp:featuredmedia":[{"embeddable":true,"href":"https:\/\/www.europesays.com\/fr\/wp-json\/wp\/v2\/media\/596513"}],"wp:attachment":[{"href":"https:\/\/www.europesays.com\/fr\/wp-json\/wp\/v2\/media?parent=596512"}],"wp:term":[{"taxonomy":"category","embeddable":true,"href":"https:\/\/www.europesays.com\/fr\/wp-json\/wp\/v2\/categories?post=596512"},{"taxonomy":"post_tag","embeddable":true,"href":"https:\/\/www.europesays.com\/fr\/wp-json\/wp\/v2\/tags?post=596512"}],"curies":[{"name":"wp","href":"https:\/\/api.w.org\/{rel}","templated":true}]}}