{"id":596514,"date":"2025-12-13T08:30:14","date_gmt":"2025-12-13T08:30:14","guid":{"rendered":"https:\/\/www.europesays.com\/fr\/596514\/"},"modified":"2025-12-13T08:30:14","modified_gmt":"2025-12-13T08:30:14","slug":"sur-cnews-ces-invites-tres-politiques-qui-passent-sous-les-radars-de-larcom-liberation","status":"publish","type":"post","link":"https:\/\/www.europesays.com\/fr\/596514\/","title":{"rendered":"Sur CNews, ces invit\u00e9s tr\u00e8s politiques qui passent sous les radars de l\u2019Arcom \u2013 Lib\u00e9ration"},"content":{"rendered":"<p class=\"sc-cPiKLX AiZTS text-element\">Parmi les personnalit\u00e9s \u00abpolitiques\u00bb qui courent les plateaux, lesquelles doivent \u00eatre <a href=\"https:\/\/www.liberation.fr\/tags\/arcom\/\" target=\"_blank\" rel=\"noreferrer noopener\" title=\"https:\/\/www.liberation.fr\/tags\/arcom\/\">d\u00e9clar\u00e9es \u00e0 l\u2019Arcom<\/a> (et leur temps de parole d\u00e9compt\u00e9), et lesquelles n\u2019ont pas \u00e0 l\u2019\u00eatre ? Contre toute attente, la r\u00e9ponse n\u2019a rien d\u2019\u00e9vident. Selon les r\u00e8gles de l\u2019autorit\u00e9 de r\u00e9gulation, est d\u00e9compt\u00e9e toute personnalit\u00e9 (hors ex\u00e9cutif) qui d\u00e9tient un mandat \u00e9lectif ou est membre d\u2019un parti, mais aussi toute personne qui \u2013 outre le fait qu\u2019elle \u00abparticipe activement au d\u00e9bat politique national\u00bb \u2013, a soit \u00abr\u00e9cemment appartenu \u00e0 une formation politique\u00bb, soit \u00abr\u00e9cemment exerc\u00e9 des responsabilit\u00e9s politiques\u00bb, soit \u00abaspire \u00e0 [en] exercer\u00bb.<\/p>\n<p class=\"sc-cPiKLX AiZTS text-element\">Or, en scrutant, sur la base de ces crit\u00e8res, les 744 heures de programmes de CNews couvrant l\u2019ensemble du mois de mars 2025, CheckNews a d\u00e9couvert un d\u00e9calage entre <a href=\"https:\/\/www.csa.fr\/var\/ezflow_site\/storage\/csa\/pdf\/pluralisme\/Personnalites_Chaine_d_information_01-03-2025_31-03-2025.pdf\" target=\"_blank\" rel=\"noopener\">la liste des noms transmis par CNews \u00e0 l\u2019Arcom<\/a> et les intervenants \u00e0 l\u2019antenne.<\/p>\n<p class=\"sc-cPiKLX AiZTS text-element\">Parmi ces cas litigieux, non d\u00e9clar\u00e9s, certains correspondent pourtant de fa\u00e7on \u00e9vidente aux crit\u00e8res de l\u2019Arcom, quand d\u2019autres sont dans une situation \u00ablimite\u00bb (longue carri\u00e8re politique, participation au d\u00e9bat politique, mais dernier mandat relativement ancien). Quoi qu\u2019il en soit, il s<\/p>\n","protected":false},"excerpt":{"rendered":"Parmi les personnalit\u00e9s \u00abpolitiques\u00bb qui courent les plateaux, lesquelles doivent \u00eatre d\u00e9clar\u00e9es \u00e0 l\u2019Arcom (et leur temps de&hellip;\n","protected":false},"author":2,"featured_media":596515,"comment_status":"","ping_status":"","sticky":false,"template":"","format":"standard","meta":{"footnotes":""},"categories":[2],"tags":[11,4690,9722,1076,1011,27,12,25],"class_list":{"0":"post-596514","1":"post","2":"type-post","3":"status-publish","4":"format-standard","5":"has-post-thumbnail","7":"category-actualites","8":"tag-actualites","9":"tag-arcom","10":"tag-cnews","11":"tag-extreme-droite","12":"tag-fr","13":"tag-france","14":"tag-news","15":"tag-republique-francaise"},"share_on_mastodon":{"url":"https:\/\/pubeurope.com\/@fr\/115711326929488803","error":""},"_links":{"self":[{"href":"https:\/\/www.europesays.com\/fr\/wp-json\/wp\/v2\/posts\/596514","targetHints":{"allow":["GET"]}}],"collection":[{"href":"https:\/\/www.europesays.com\/fr\/wp-json\/wp\/v2\/posts"}],"about":[{"href":"https:\/\/www.europesays.com\/fr\/wp-json\/wp\/v2\/types\/post"}],"author":[{"embeddable":true,"href":"https:\/\/www.europesays.com\/fr\/wp-json\/wp\/v2\/users\/2"}],"replies":[{"embeddable":true,"href":"https:\/\/www.europesays.com\/fr\/wp-json\/wp\/v2\/comments?post=596514"}],"version-history":[{"count":0,"href":"https:\/\/www.europesays.com\/fr\/wp-json\/wp\/v2\/posts\/596514\/revisions"}],"wp:featuredmedia":[{"embeddable":true,"href":"https:\/\/www.europesays.com\/fr\/wp-json\/wp\/v2\/media\/596515"}],"wp:attachment":[{"href":"https:\/\/www.europesays.com\/fr\/wp-json\/wp\/v2\/media?parent=596514"}],"wp:term":[{"taxonomy":"category","embeddable":true,"href":"https:\/\/www.europesays.com\/fr\/wp-json\/wp\/v2\/categories?post=596514"},{"taxonomy":"post_tag","embeddable":true,"href":"https:\/\/www.europesays.com\/fr\/wp-json\/wp\/v2\/tags?post=596514"}],"curies":[{"name":"wp","href":"https:\/\/api.w.org\/{rel}","templated":true}]}}