{"id":596518,"date":"2025-12-13T08:33:12","date_gmt":"2025-12-13T08:33:12","guid":{"rendered":"https:\/\/www.europesays.com\/fr\/596518\/"},"modified":"2025-12-13T08:33:12","modified_gmt":"2025-12-13T08:33:12","slug":"les-volleyeuses-de-lus-thouars-creent-la-surprise-et-tutoient-les-sommets","status":"publish","type":"post","link":"https:\/\/www.europesays.com\/fr\/596518\/","title":{"rendered":"les volleyeuses de l\u2019US Thouars cr\u00e9ent la surprise et tutoient les sommets"},"content":{"rendered":"<p>\u00c0 la faveur d\u2019un succ\u00e8s 3 sets \u00e0 0 sur le Cep Poitiers samedi 6\u00a0d\u00e9cembre 2025 dans leur salle du Ch\u00e2teau, les volleyeuses seniors de l\u2019US Thouars ont pris les commandes de leur championnat r\u00e9gional. Aur\u00e9lie Cornuault et ses partenaires ont sign\u00e9 l\u00e0 un sixi\u00e8me succ\u00e8s en autant de rencontres et figurent donc \u00e0 la premi\u00e8re place aux c\u00f4t\u00e9s de leurs homologues rochelaises qui comptent un match en plus&#8230;. <\/p>\n<p>    Cet article a \u00e9t\u00e9 tronqu\u00e9. Abonnez-vous pour lire l&rsquo;article complet sur notre site.<\/p>\n<p style=\"margin: 0 !important; padding: 0 !important; font-size: 12px !important;\">Cet article a \u00e9t\u00e9 tronqu\u00e9. Abonnez-vous pour lire l&rsquo;article complet.<\/p>\n<p>    <a href=\"https:\/\/www.lanouvellerepublique.fr\/abonnements\" style=\"display: inline-block; margin-top: 5px !important; padding: 6px 12px !important; background: #cb1c27; color: white; text-decoration: none; border-radius: 4px; font-size: 12px !important;\" rel=\"nofollow noopener\" target=\"_blank\"><br \/>\n      S&rsquo;abonner<br \/>\n    <\/a><\/p>\n","protected":false},"excerpt":{"rendered":"\u00c0 la faveur d\u2019un succ\u00e8s 3 sets \u00e0 0 sur le Cep Poitiers samedi 6\u00a0d\u00e9cembre 2025 dans leur&hellip;\n","protected":false},"author":2,"featured_media":596519,"comment_status":"","ping_status":"","sticky":false,"template":"","format":"standard","meta":{"footnotes":""},"categories":[1417],"tags":[1392,1674,63,1011,27,1393,4387,60,2665,1470,1469],"class_list":{"0":"post-596518","1":"post","2":"type-post","3":"status-publish","4":"format-standard","5":"has-post-thumbnail","7":"category-volley","8":"tag-a-la-une-local","9":"tag-communes","10":"tag-football","11":"tag-fr","12":"tag-france","13":"tag-loisirs","14":"tag-loisirs-sportifs","15":"tag-sports","16":"tag-thouars","17":"tag-volley","18":"tag-volleyball"},"share_on_mastodon":{"url":"https:\/\/pubeurope.com\/@fr\/115711338354420010","error":""},"_links":{"self":[{"href":"https:\/\/www.europesays.com\/fr\/wp-json\/wp\/v2\/posts\/596518","targetHints":{"allow":["GET"]}}],"collection":[{"href":"https:\/\/www.europesays.com\/fr\/wp-json\/wp\/v2\/posts"}],"about":[{"href":"https:\/\/www.europesays.com\/fr\/wp-json\/wp\/v2\/types\/post"}],"author":[{"embeddable":true,"href":"https:\/\/www.europesays.com\/fr\/wp-json\/wp\/v2\/users\/2"}],"replies":[{"embeddable":true,"href":"https:\/\/www.europesays.com\/fr\/wp-json\/wp\/v2\/comments?post=596518"}],"version-history":[{"count":0,"href":"https:\/\/www.europesays.com\/fr\/wp-json\/wp\/v2\/posts\/596518\/revisions"}],"wp:featuredmedia":[{"embeddable":true,"href":"https:\/\/www.europesays.com\/fr\/wp-json\/wp\/v2\/media\/596519"}],"wp:attachment":[{"href":"https:\/\/www.europesays.com\/fr\/wp-json\/wp\/v2\/media?parent=596518"}],"wp:term":[{"taxonomy":"category","embeddable":true,"href":"https:\/\/www.europesays.com\/fr\/wp-json\/wp\/v2\/categories?post=596518"},{"taxonomy":"post_tag","embeddable":true,"href":"https:\/\/www.europesays.com\/fr\/wp-json\/wp\/v2\/tags?post=596518"}],"curies":[{"name":"wp","href":"https:\/\/api.w.org\/{rel}","templated":true}]}}