{"id":596520,"date":"2025-12-13T08:34:18","date_gmt":"2025-12-13T08:34:18","guid":{"rendered":"https:\/\/www.europesays.com\/fr\/596520\/"},"modified":"2025-12-13T08:34:18","modified_gmt":"2025-12-13T08:34:18","slug":"rugby-pro-d2-fcg-hanru-sirgel-a-surnage-josh-thompson-a-plonge-les-tops-et-les-flops-de-la-defaite-a-valence-le-dauphine-libere","status":"publish","type":"post","link":"https:\/\/www.europesays.com\/fr\/596520\/","title":{"rendered":"Rugby &#8211; Pro D2. FCG : Hanru Sirgel a surnag\u00e9, Josh Thompson a plong\u00e9&#8230; Les tops et les flops de la d\u00e9faite \u00e0 Valence &#8211; Le Dauphin\u00e9 Lib\u00e9r\u00e9"},"content":{"rendered":"<ol>\n<li><a href=\"https:\/\/news.google.com\/rss\/articles\/CBMiygFBVV95cUxOTUNuem9UYzRtYlJQdEUtcHhNTVBkcmU5ZHVmNVdMS0dCdlNQWk1LYXJCaEFuOXU5ak5zekNBSGoxQ2ljU2J5bVJWV3JEVU9JRG5zbGUxSElnMVB1TkVtWnlEMEw1ZlYtRnhCN19lUXBxV2JBUEM0YmRIZU4tU2F6S0wteHZPd3BYN1ljYWZTMGJNNVo4RjJCR3Nlbmx5WUJFekpoNFNqZ2dFS1Y5UEltNndsdE9QMnlGYXVOQWdQRHZkVGhBd1JsS1Bn?oc=5\" target=\"_blank\" rel=\"noopener\">Rugby &#8211; Pro D2. FCG : Hanru Sirgel a surnag\u00e9, Josh Thompson a plong\u00e9&#8230; Les tops et les flops de la d\u00e9faite \u00e0 Valence<\/a>&nbsp;&nbsp;Le Dauphin\u00e9 Lib\u00e9r\u00e9<\/li>\n<li><a href=\"https:\/\/news.google.com\/rss\/articles\/CBMi4gFBVV95cUxQYUlPQnpORzc2WEFaVzdqelJ1TDg0Q0NvUnlJR3M4eFk2M1FDdUVIa0xrTUlFSVo0RXNDeGkzNVFEZl9rUkFQaWlydXhzRHVTeEQ4UGlUNExRQXRlcWxpbmtuR0JwUGFlN1ZRNURIcE9kU1g3Qi12VXBObVd1MzNMZWQ2aG9yOFREc3loRTAyaVRveGFFVklFMUtsOUdkekNxVXlsb1oyQXBUdHdQTE5yLWVER3FwdmVpczctZ3FwOTJCMWFZdGFQVDBEZm9qT0pTZUEyT3N1SjBYRVM0NmowYzZn?oc=5\" target=\"_blank\" rel=\"noopener\">Pro D2 \u2013 Valence Romans poursuit son parcours irr\u00e9sistible face \u00e0 Grenoble et s\u2019accroche \u00e0 la 2e place<\/a>&nbsp;&nbsp;Rugbyrama<\/li>\n<li><a href=\"https:\/\/news.google.com\/rss\/articles\/CBMi4AFBVV95cUxOVTZMaVItNmFqZzdFX1p4YS1SU0FmQjY1WFgtenpQUmF1YjNDX3JRVEx5TnAwRGRVMWcxQ0pneHFNSXcxaVNXaDhoZExRQ2NJOGxubkNNZ2RMcXBqdk5RODBWUHhNWGhRUXNNMllmODR3dmJCc2JRcHFxX3VwWkd6UGp4c0I2RjFfLVc0RnRVX1o3dW5hMnVLZjNNWm11UjVkQjlPdjhjU2NzaEFldFdvS3ExR0FoamFMY1czRTZ1cG1pTVd0dXFxSlZoVF9NeUdVdjAwSkdMVGF5bl9zbUpYVg?oc=5\" target=\"_blank\" rel=\"noopener\">Quatre essais inscrits, une ma\u00eetrise totale, le VRDR donne la le\u00e7on au FCG&#8230; Revivez le derby du Dauphin\u00e9<\/a>&nbsp;&nbsp;Le Dauphin\u00e9 Lib\u00e9r\u00e9<\/li>\n<li><a href=\"https:\/\/news.google.com\/rss\/articles\/CBMiiAFBVV95cUxQck5EeUJjcGhaSjZDWUZZUFBuMjVZMUdqdzFadFhnLUQtVkczZW91RC12ZzdINTg0cWE0QldWQXFVTWh4bTJmUkpCX1VHSks3czdNMzBqT2Rmc2d2NmdldUYwU1dLcDBYNEVUdHJzazJ2TUVROEZzdW5ZWEFnbzkxZFFGUklmVUNJ?oc=5\" target=\"_blank\" rel=\"noopener\">La compo&rsquo; du FCG face \u00e0 Valence-Romans !<\/a>&nbsp;&nbsp;FC Grenoble Rugby<\/li>\n<li><a href=\"https:\/\/news.google.com\/rss\/articles\/CBMi5wFBVV95cUxNa2pzWmJ0UDJOUU9iM2VlZXhDbFpJczdybG5Sc2RGbmo2OHUteFY0d215dWI5cTZZTXo3azNDa1VmSTVjWEducVhiOFJnWUg0aGpzZEhOZFBKXzhWSnIzT1UxOTVobzlETjBFVDlDMFhsMTlIRm8xMHNybEZZdUh1OWJHZnBBOFFDS2hEU1gwN1gwZjJuQXJyaDYySUdhQlRpM1BneUFrdGxCZE81ME9oV2Fkc3ZIMnp2UkV5dDhYX2JCMFZycjRPS1U4QzFQWFhIbzJuVzc4M08ybWhXUy05enZpQXlFbDQ?oc=5\" target=\"_blank\" rel=\"noopener\">Pro D2 : le VRDR re\u00e7oit Grenoble ce vendredi \u00e0 19h au stade Pompidou<\/a>&nbsp;&nbsp;Radio France<\/li>\n<\/ol>\n","protected":false},"excerpt":{"rendered":"Rugby &#8211; Pro D2. FCG : Hanru Sirgel a surnag\u00e9, Josh Thompson a plong\u00e9&#8230; Les tops et les&hellip;\n","protected":false},"author":2,"featured_media":596521,"comment_status":"","ping_status":"","sticky":false,"template":"","format":"standard","meta":{"footnotes":""},"categories":[1416],"tags":[2730,2737,2735,2727,1701,1011,27,2731,2732,108,2308,1479,2736,479,1468,517,1947,60,2733,2734,2728],"class_list":{"0":"post-596520","1":"post","2":"type-post","3":"status-publish","4":"format-standard","5":"has-post-thumbnail","7":"category-rugby","8":"tag-drome","9":"tag-edition-romans-nord-drome","10":"tag-edition-valence-rhone-crussol-vallee-de-la-drome","11":"tag-fcg-fc-grenoble-rugby","12":"tag-fil-info-sport","13":"tag-fr","14":"tag-france","15":"tag-grenoble","16":"tag-grenoble-bassin","17":"tag-isere","18":"tag-pro-d2","19":"tag-romans","20":"tag-romans-sur-isere","21":"tag-rugby","22":"tag-rugby-football","23":"tag-sport","24":"tag-sport-national","25":"tag-sports","26":"tag-valence","27":"tag-valence-bassin","28":"tag-vrdr-valence-romans-drome-rugby"},"share_on_mastodon":{"url":"https:\/\/pubeurope.com\/@fr\/115711342427748084","error":""},"_links":{"self":[{"href":"https:\/\/www.europesays.com\/fr\/wp-json\/wp\/v2\/posts\/596520","targetHints":{"allow":["GET"]}}],"collection":[{"href":"https:\/\/www.europesays.com\/fr\/wp-json\/wp\/v2\/posts"}],"about":[{"href":"https:\/\/www.europesays.com\/fr\/wp-json\/wp\/v2\/types\/post"}],"author":[{"embeddable":true,"href":"https:\/\/www.europesays.com\/fr\/wp-json\/wp\/v2\/users\/2"}],"replies":[{"embeddable":true,"href":"https:\/\/www.europesays.com\/fr\/wp-json\/wp\/v2\/comments?post=596520"}],"version-history":[{"count":0,"href":"https:\/\/www.europesays.com\/fr\/wp-json\/wp\/v2\/posts\/596520\/revisions"}],"wp:featuredmedia":[{"embeddable":true,"href":"https:\/\/www.europesays.com\/fr\/wp-json\/wp\/v2\/media\/596521"}],"wp:attachment":[{"href":"https:\/\/www.europesays.com\/fr\/wp-json\/wp\/v2\/media?parent=596520"}],"wp:term":[{"taxonomy":"category","embeddable":true,"href":"https:\/\/www.europesays.com\/fr\/wp-json\/wp\/v2\/categories?post=596520"},{"taxonomy":"post_tag","embeddable":true,"href":"https:\/\/www.europesays.com\/fr\/wp-json\/wp\/v2\/tags?post=596520"}],"curies":[{"name":"wp","href":"https:\/\/api.w.org\/{rel}","templated":true}]}}