{"id":596526,"date":"2025-12-13T08:40:17","date_gmt":"2025-12-13T08:40:17","guid":{"rendered":"https:\/\/www.europesays.com\/fr\/596526\/"},"modified":"2025-12-13T08:40:17","modified_gmt":"2025-12-13T08:40:17","slug":"un-nom-de-la-ligue-1-met-un-terme-a-sa-carriere-france","status":"publish","type":"post","link":"https:\/\/www.europesays.com\/fr\/596526\/","title":{"rendered":"Un nom de la Ligue 1 met un terme \u00e0 sa carri\u00e8re &#8211; France"},"content":{"rendered":"<p>La retraite avant les f\u00eates.<\/p>\n<p>Ce n\u2019est pas une annonce que l\u2019on attendait tard un vendredi soir, apr\u00e8s <a target=\"_blank\" href=\"https:\/\/www.sofoot.com\/breves\/ligue-1-angers-surclasse-nantes-sans-forcer\" rel=\"noopener\">un Angers-Nantes en Ligue 1<\/a>. Sur le plateau du Late Football Club, l\u2019\u00e9mission diffus\u00e9e sur Canal +, Wahbi Khazri a prononc\u00e9 les mots redout\u00e9s par nombre de joueurs.<\/p>\n<p>Plus de 300 matchs en Ligue 1<\/p>\n<p>\u00ab\u202fC\u2019est le temps pour moi d\u2019annoncer la fin de ma carri\u00e8re. Cette passion qui m\u2019a tant donn\u00e9 et \u00e0 laquelle j\u2019ai tant donn\u00e9, a pos\u00e9 le joueur de 34 ans, assez \u00e9mu. J\u2019ai beaucoup d\u2019\u00e9motions, je ne pensais pas r\u00e9agir comme \u00e7a. Je n\u2019aurais pas pu \u00eatre l\u2019homme que je suis sans tout \u00e7a. \u00bb<\/p>\n<blockquote class=\"twitter-tweet\">\n<p lang=\"fr\" dir=\"ltr\">\ud83e\udd79 Une page se tourne : Wahbi Khazri tire sa r\u00e9v\u00e9rence ce soir dans le Late Football Club.<br \/>\n\ud83c\uddf9\ud83c\uddf3 Une carri\u00e8re remarquable, de la Tunisie \u00e0 la Ligue 1 en passant par la Premier League \ud83c\udfa9<br \/>\nRespect et f\u00e9licitations maestro \ud83d\udc4f <a target=\"_blank\" href=\"https:\/\/t.co\/xzTQVarbZ4\">pic.twitter.com\/xzTQVarbZ4<\/a><\/p>\n<p>\u2014 CANAL+ Foot (@CanalplusFoot) <a target=\"_blank\" href=\"https:\/\/twitter.com\/CanalplusFoot\/status\/1999602871898136611?ref_src=twsrc%5Etfw\" rel=\"noopener\">December 12, 2025<\/a><\/p><\/blockquote>\n<p>Le milieu offensif avait <a target=\"_blank\" href=\"https:\/\/www.sofoot.com\/articles\/montpellier-quitte-la-ligue-1-pour-la-ligue-2-la-crise-de-la-cinquantaine\" rel=\"noopener\">quitt\u00e9 Montpellier l\u2019\u00e9t\u00e9 dernier<\/a>, sans retrouver de nouveau challenge derri\u00e8re. Il ferme un gros chapitre avec 319 matchs et 75 buts en Ligue 1, dont quelques uns m\u00e9morables, comme celui spectaculaire \u00e0 Metz sous le maillot de Saint-\u00c9tienne.<\/p>\n<blockquote class=\"twitter-tweet\">\n<p lang=\"fr\" dir=\"ltr\">319 matchs, 75 buts\u2026 et sans doute l\u2019un des plus m\u00e9morables de l\u2019histoire du championnat \ud83e\udd2f<br \/>\nMerci, et bonne retraite, Monsieur Wahbi Khazri \u2728 <a target=\"_blank\" href=\"https:\/\/t.co\/n9BToLxF0y\">pic.twitter.com\/n9BToLxF0y<\/a><\/p>\n<p>\u2014 Ligue 1 McDonald&rsquo;s (@Ligue1) <a target=\"_blank\" href=\"https:\/\/twitter.com\/Ligue1\/status\/1999612372827136300?ref_src=twsrc%5Etfw\" rel=\"noopener\">December 12, 2025<\/a><\/p><\/blockquote>\n<p>Pass\u00e9 par Bastia, Bordeaux et Rennes dans le championnat, Khazri n\u2019a pas oubli\u00e9 ceux qui l\u2019ont accompagn\u00e9 : \u00ab\u202fJe remercie ma famille, mes proches, mes amis, les joueurs avec lesquels j\u2019ai jou\u00e9 durant ma carri\u00e8re et les clubs qui m\u2019ont permis de m\u2019exprimer. Et la Tunisie, sans elle, je n\u2019aurais jamais pu faire deux Coupes du monde. C\u2019est une page qui se tourne. \u202f\u00bb<\/p>\n<p>Merci pour tout, et aussi pour <a target=\"_blank\" href=\"https:\/\/www.sofoot.com\/breves\/selon-khazri-les-verts-doivent-se-mettre-doigts-dans-le-cul-pour-retrouver-succes-france-saint-etienne\" rel=\"noopener\">cette sortie m\u00e9morable<\/a>.<\/p>\n<p>\t\t\t\t\t\t\t\t\t\t<a class=\"lien-connexe\" href=\"https:\/\/www.sofoot.com\/articles\/montpellier-se-replace-bastia-tient-sa-premiere-victoire\" target=\"_blank\" rel=\"noopener\">Montpellier se replace, Bastia tient sa premi\u00e8re victoire<\/a>\t\t\t\t\t<script async src=\"https:\/\/platform.twitter.com\/widgets.js\" charset=\"utf-8\"><\/script><\/p>\n","protected":false},"excerpt":{"rendered":"La retraite avant les f\u00eates. Ce n\u2019est pas une annonce que l\u2019on attendait tard un vendredi soir, apr\u00e8s&hellip;\n","protected":false},"author":2,"featured_media":596527,"comment_status":"","ping_status":"","sticky":false,"template":"","format":"standard","meta":{"footnotes":""},"categories":[1410],"tags":[47,61,69,65,64,63,1011,27,68,66,62,70,67,60],"class_list":{"0":"post-596526","1":"post","2":"type-post","3":"status-publish","4":"format-standard","5":"has-post-thumbnail","7":"category-football","8":"tag-actualite","9":"tag-actus-football","10":"tag-bundesliga","11":"tag-championnats-europeens","12":"tag-equipe-de-france","13":"tag-football","14":"tag-fr","15":"tag-france","16":"tag-ligua","17":"tag-ligue-1","18":"tag-news-foot","19":"tag-premier-league","20":"tag-serie-a","21":"tag-sports"},"share_on_mastodon":{"url":"https:\/\/pubeurope.com\/@fr\/115711366058145213","error":""},"_links":{"self":[{"href":"https:\/\/www.europesays.com\/fr\/wp-json\/wp\/v2\/posts\/596526","targetHints":{"allow":["GET"]}}],"collection":[{"href":"https:\/\/www.europesays.com\/fr\/wp-json\/wp\/v2\/posts"}],"about":[{"href":"https:\/\/www.europesays.com\/fr\/wp-json\/wp\/v2\/types\/post"}],"author":[{"embeddable":true,"href":"https:\/\/www.europesays.com\/fr\/wp-json\/wp\/v2\/users\/2"}],"replies":[{"embeddable":true,"href":"https:\/\/www.europesays.com\/fr\/wp-json\/wp\/v2\/comments?post=596526"}],"version-history":[{"count":0,"href":"https:\/\/www.europesays.com\/fr\/wp-json\/wp\/v2\/posts\/596526\/revisions"}],"wp:featuredmedia":[{"embeddable":true,"href":"https:\/\/www.europesays.com\/fr\/wp-json\/wp\/v2\/media\/596527"}],"wp:attachment":[{"href":"https:\/\/www.europesays.com\/fr\/wp-json\/wp\/v2\/media?parent=596526"}],"wp:term":[{"taxonomy":"category","embeddable":true,"href":"https:\/\/www.europesays.com\/fr\/wp-json\/wp\/v2\/categories?post=596526"},{"taxonomy":"post_tag","embeddable":true,"href":"https:\/\/www.europesays.com\/fr\/wp-json\/wp\/v2\/tags?post=596526"}],"curies":[{"name":"wp","href":"https:\/\/api.w.org\/{rel}","templated":true}]}}