{"id":596530,"date":"2025-12-13T08:42:28","date_gmt":"2025-12-13T08:42:28","guid":{"rendered":"https:\/\/www.europesays.com\/fr\/596530\/"},"modified":"2025-12-13T08:42:28","modified_gmt":"2025-12-13T08:42:28","slug":"le-chant-des-forets-de-vincent-munier-la-camera-est-a-hauteur-animale-lhomme-nest-plus-au-dessus-liberation","status":"publish","type":"post","link":"https:\/\/www.europesays.com\/fr\/596530\/","title":{"rendered":"\u00abLe Chant des for\u00eats\u00bb de Vincent Munier : \u00abLa cam\u00e9ra est \u00e0 hauteur animale, l\u2019homme n\u2019est plus au-dessus\u00bb &#8211; Lib\u00e9ration"},"content":{"rendered":"<ol>\n<li><a href=\"https:\/\/news.google.com\/rss\/articles\/CBMihAJBVV95cUxOdVE0Nmc1dk1aY09WVlU2cHljakcyaVVZVGhubTBkdHF5UG5qc0hSWE1tRjVTaVVfbEtLMXdFZjBza0pLUzE2T19pbmF5VG5IZ0ptSVhvcE5yYW5vSW02a3NBN1k2UVZBVWlXSmVuVm1DeEVrLUVxckhsNzh2cERPTGRMT0R5QzBXcndxalRIZjBLc2NGLWtUM3ZwUmgzUDZQUFc3QmpWN2k5X0lPd0p1akZnTHlqc2FURlN4SmR0dlA5ek10S29kOTBrQWh0NWJ6S2hWVEQ3V2xfWDNzN2p2SzVoSlFLUWNEaGQwTTJPSmx4VUFrd2QtUmlmSk50OFFDU2tKSg?oc=5\" target=\"_blank\" rel=\"noopener\">\u00abLe Chant des for\u00eats\u00bb de Vincent Munier : \u00abLa cam\u00e9ra est \u00e0 hauteur animale, l\u2019homme n\u2019est plus au-dessus\u00bb<\/a>&nbsp;&nbsp;Lib\u00e9ration<\/li>\n<li><a href=\"https:\/\/news.google.com\/rss\/articles\/CBMilAFBVV95cUxPbzhvcUs3ZlU1Z2NKUUZlakRjcVBBay1teXZwY3dSX3U4cVhfRjIzWmdOWFZKc0thSXZ1ZzAtUENVeFdqeEkyWmZCdWhJcHRyTENheUdUVk50VDEtRWlhYkdXZGZXNnVyWnQ2Q3c1cFV4SmlCMzZPN0ZnREZDMEM4b005aUhydWJ1N0lMeno3UWlub2Z6?oc=5\" target=\"_blank\" rel=\"noopener\">Vincent Munier &#8211; Montrer la nature pour la prot\u00e9ger en replay &#8211; C dans l&rsquo;air l&rsquo;invit\u00e9<\/a>&nbsp;&nbsp;France TV<\/li>\n<li><a href=\"https:\/\/news.google.com\/rss\/articles\/CBMinAJBVV95cUxPLTJjQ08zeTRJV29pYl9oQndscEVlVVdLMWYxY1Q1N0kwM2ZyZF9MMUk5b2JHVVdScHNUU2E2ZkdpLUtYeXRPTHVpM1lQYURRdVNwdjlJTlFSTHp0aUg5OHl3MVpLR0M1V2VWaURQOWRxRklzWEMzTnNkVEdxS3ctTUlVQnBuRDVPaXdZV0RMcmlrd2FHYlV6WVJhZE5qM0FJYzlhQWV3SF9UN1QxejRYMGE4blpLMTg2cGtWcml5cUdDWmk3dnRKeFU4VlU1dG9wVy1EbEt6X3dCal8xQVoyYVNZZmlNb05xV2pFSmNORlJYZE04NWpVaTdNSHR6MmFJemRVUkZEaHNENDVVN2lHbXFUNWY1NFhpYTdCUg?oc=5\" target=\"_blank\" rel=\"noopener\">\u00ab C\u2019est ici que j\u2019ai ressenti mes premi\u00e8res \u00e9motions avec les animaux \u00bb : dans les bois des Vosges avec Vincent Munier<\/a>&nbsp;&nbsp;Le Parisien<\/li>\n<li><a href=\"https:\/\/news.google.com\/rss\/articles\/CBMi3gFBVV95cUxQa0Y1aFN4NUo5eG5zbUZadWxyT2hHTkhUWXFNRjJXRXhMNHpUTmJLMGxTYnFqbjB4RzJNMk1EX3RtU0ZfX3JDalNEVDhoa2ZJV1hjWmpvUElmekU2dUh6YnRfY3pFeGU4ZXRVR1c1bC1fUGQzaEx1T0N2SndzQmFkazZkSElmdEV4VDBsb0dLNXg2ckRrNXdHMVlOUkZRWmZtZExYY0JQaV9IN1lTcS13UTU1alFCMVBTZmUta3p1VTQwU1dRVHNRUzNOTmR2QmVJU1FsUlZDaVZMLXlnQXc?oc=5\" target=\"_blank\" rel=\"noopener\">Sergi L\u00f3pez attendu \u00e0 Millau pour une soir\u00e9e exceptionnelle entre cin\u00e9ma culte et th\u00e9\u00e2tre habit\u00e9<\/a>&nbsp;&nbsp;Midi Libre<\/li>\n<li><a href=\"https:\/\/news.google.com\/rss\/articles\/CBMivwFBVV95cUxNZm8tUDNPSlhXT1NDMTFSNnhkcnVRUUkwZ08wS21MWmpOM245TXJMa0NYa0gtcFhUd0NxcVR0NFlTUWtLeTMtSDJzWUlRMTZrV3pzaU1sUW56aEtiTlN0MnkzUGkybmRabzBOMEdxSHBjNVJNRUtfMmwtYjdRbEc0S255SU9Va1VCRmQ3RGZEYnE1WHJlQjU0ZXZEYmluYk1lN2tnR0Jib0dvelVQemJybUxUZ1ZfLU1BZWZjM2htNA?oc=5\" target=\"_blank\" rel=\"noopener\">Vincent Munier<\/a>&nbsp;&nbsp;Radio France<\/li>\n<\/ol>\n","protected":false},"excerpt":{"rendered":"\u00abLe Chant des for\u00eats\u00bb de Vincent Munier : \u00abLa cam\u00e9ra est \u00e0 hauteur animale, l\u2019homme n\u2019est plus au-dessus\u00bb&nbsp;&nbsp;Lib\u00e9ration&hellip;\n","protected":false},"author":2,"featured_media":596531,"comment_status":"","ping_status":"","sticky":false,"template":"","format":"standard","meta":{"footnotes":""},"categories":[1358],"tags":[1348,1384,1385,5253,413,1386,58,59,1011,27],"class_list":{"0":"post-596530","1":"post","2":"type-post","3":"status-publish","4":"format-standard","5":"has-post-thumbnail","7":"category-arts-et-design","8":"tag-arts","9":"tag-arts-and-design","10":"tag-arts-et-design","11":"tag-biodiversite-cest-la-sante","12":"tag-ca-va-mieux-lisant","13":"tag-design","14":"tag-divertissement","15":"tag-entertainment","16":"tag-fr","17":"tag-france"},"share_on_mastodon":{"url":"https:\/\/pubeurope.com\/@fr\/115711373663186733","error":""},"_links":{"self":[{"href":"https:\/\/www.europesays.com\/fr\/wp-json\/wp\/v2\/posts\/596530","targetHints":{"allow":["GET"]}}],"collection":[{"href":"https:\/\/www.europesays.com\/fr\/wp-json\/wp\/v2\/posts"}],"about":[{"href":"https:\/\/www.europesays.com\/fr\/wp-json\/wp\/v2\/types\/post"}],"author":[{"embeddable":true,"href":"https:\/\/www.europesays.com\/fr\/wp-json\/wp\/v2\/users\/2"}],"replies":[{"embeddable":true,"href":"https:\/\/www.europesays.com\/fr\/wp-json\/wp\/v2\/comments?post=596530"}],"version-history":[{"count":0,"href":"https:\/\/www.europesays.com\/fr\/wp-json\/wp\/v2\/posts\/596530\/revisions"}],"wp:featuredmedia":[{"embeddable":true,"href":"https:\/\/www.europesays.com\/fr\/wp-json\/wp\/v2\/media\/596531"}],"wp:attachment":[{"href":"https:\/\/www.europesays.com\/fr\/wp-json\/wp\/v2\/media?parent=596530"}],"wp:term":[{"taxonomy":"category","embeddable":true,"href":"https:\/\/www.europesays.com\/fr\/wp-json\/wp\/v2\/categories?post=596530"},{"taxonomy":"post_tag","embeddable":true,"href":"https:\/\/www.europesays.com\/fr\/wp-json\/wp\/v2\/tags?post=596530"}],"curies":[{"name":"wp","href":"https:\/\/api.w.org\/{rel}","templated":true}]}}