{"id":596537,"date":"2025-12-13T08:47:13","date_gmt":"2025-12-13T08:47:13","guid":{"rendered":"https:\/\/www.europesays.com\/fr\/596537\/"},"modified":"2025-12-13T08:47:13","modified_gmt":"2025-12-13T08:47:13","slug":"ce-nouveau-test-promet-de-detecter-les-trous-de-memoire-en-3-minutes","status":"publish","type":"post","link":"https:\/\/www.europesays.com\/fr\/596537\/","title":{"rendered":"ce nouveau test promet de d\u00e9tecter les trous de m\u00e9moire en 3 minutes"},"content":{"rendered":"<p>                    Par<br \/>\n        <strong><br \/>\n            <a href=\"https:\/\/actu.fr\/auteur\/redaction-actu\" title=\"Consulter tous les articles de R\u00e9daction Actu\" target=\"_blank\" rel=\"noopener\">R\u00e9daction Actu<\/a><br \/>\n                    <\/strong><\/p>\n<p>        Publi\u00e9 le<\/p>\n<p>            12 d\u00e9c. 2025 \u00e0 19h02        <\/p>\n<p>C\u2019est une maladie terrible, que l\u2019on ne sait toujours pas gu\u00e9rir. Mais les progr\u00e8s de la <a href=\"https:\/\/actu.fr\/tag\/medecins\" target=\"_blank\" rel=\"noopener\">m\u00e9decine<\/a> permettent d\u00e9sormais de ralentir la progression de <a href=\"https:\/\/actu.fr\/societe\/maladie-d-alzheimer-plus-de-deux-millions-de-personnes-touches-en-2050-comment-reduire-les-risques_61619368.html\" target=\"_blank\" rel=\"noopener\">la maladie d\u2019Alzheimer<\/a>. Encore faut-il la diagnostiquer suffisamment t\u00f4t. C\u2019est l\u00e0 que l\u2019innovation m\u00e9dicale entre en sc\u00e8ne\u2009: un nouveau test peut d\u00e9tecter la maladie avant m\u00eame que ses sympt\u00f4mes visibles n\u2019apparaissent.<\/p>\n<p class=\" wall-content\">Des chercheurs des universit\u00e9s de Bath et de Bristol, au <a href=\"https:\/\/actu.fr\/tag\/royaume-uni\" target=\"_blank\" rel=\"noopener\">Royaume-Uni<\/a>, ont d\u00e9velopp\u00e9 ce test c\u00e9r\u00e9bral capable de diagnostiquer \u2013 <strong>en 3\u00a0minutes<\/strong> \u2013 la pr\u00e9sence de signes avant-coureurs de cette pathologie, plusieurs ann\u00e9es avant qu\u2019un diagnostic clinique traditionnel ne soit possible.<\/p>\n<p>Un test rapide et faisable \u00e0 domicile<\/p>\n<p class=\" wall-content\">Poser rapidement un diagnostic est essentiel pour mettre en \u0153uvre une prise en charge adapt\u00e9e de la maladie. C\u2019est l\u00e0-dessus que les efforts de la recherche se concentrent, et c\u2019est tout l\u2019int\u00e9r\u00eat du travail britannique r\u00e9cemment publi\u00e9 dans le journal Brain Communications.<\/p>\n<p class=\" wall-content\">Ce test, baptis\u00e9 <strong>\u00ab\u2009Fastball EEG\u2009\u00bb<\/strong>, est un \u00e9lectroenc\u00e9phalogramme qui enregistre l\u2019activit\u00e9 \u00e9lectrique du cerveau pendant que<strong> le participant regarde un flux d\u2019images<\/strong>. Ce dernier n\u2019a donc pas besoin de suivre des instructions ou de se souvenir d\u2019informations.<\/p>\n<p class=\" wall-content\">Selon les r\u00e9sultats de cette \u00e9tude, cette m\u00e9thode permet d\u2019<strong>identifier avec fiabilit\u00e9 les probl\u00e8mes de m\u00e9moire<\/strong> chez les personnes atteintes de troubles cognitifs l\u00e9gers, une condition <strong>qui peut \u00e9voluer<\/strong> vers la maladie d\u2019Alzheimer.<\/p>\n<blockquote class=\"ac-article-quote wall-content\">\n<p>Les outils de diagnostic actuels ne permettent pas de d\u00e9tecter les 10 \u00e0 20 premi\u00e8res ann\u00e9es de la maladie d\u2019Alzheimer. Fastball offre une solution\u00a0: d\u00e9tecter le d\u00e9clin de la m\u00e9moire beaucoup plus t\u00f4t et de mani\u00e8re plus objective, gr\u00e2ce \u00e0 un test rapide et passif. <\/p>\n<p>    <strong>Dr George Stothart<\/strong><br \/>\n        neuroscientifique \u00e0 l\u2019Universit\u00e9 de Bath et principal auteur de l&rsquo;\u00e9tude    <\/p><\/blockquote>\n<p class=\" wall-content\">L\u2019une des avanc\u00e9es majeures de cette recherche est que le test peut d\u00e9sormais \u00eatre administr\u00e9<strong> en cabinet de m\u00e9decin g\u00e9n\u00e9raliste ou m\u00eame \u00e0 domicile<\/strong>. Les chercheurs affirment que cela ouvre la voie \u00e0<a href=\"https:\/\/actu.fr\/societe\/alzheimer-maladie-bientot-diagnostiquee-grace-une-simple-prise-sang_20873112.html\" target=\"_blank\" rel=\"noopener\"> un d\u00e9pistage<\/a> et \u00e0 un suivi plus larges gr\u00e2ce \u00e0 une technologie accessible et peu co\u00fbteuse.<\/p>\n<p>Votre r\u00e9gion, votre actu !<\/p>\n<p>Recevez chaque jour les infos qui comptent pour vous.<\/p>\n<p>\t<a href=\"https:\/\/actu.fr\/newsletter\" class=\"ac-btn ac-btn--corner ac-btn--medium ac-btn--blue800\" target=\"_blank\" rel=\"noopener\">S&rsquo;incrire<\/a><br \/>\n\u00ab\u00a0Un diagnostic pr\u00e9coce est plus important que jamais\u00a0\u00bb<\/p>\n<p class=\" wall-content\">\u00ab\u2009Il existe un besoin urgent d\u2019outils pr\u00e9cis et pratiques pour diagnostiquer la maladie d\u2019Alzheimer \u00e0 grande \u00e9chelle, r\u00e9affirment les auteurs.\u00a0Fastball est peu co\u00fbteux, portable et fonctionne en conditions r\u00e9elles. Avec la mise au point des m\u00e9dicaments r\u00e9volutionnaires contre la maladie d\u2019Alzheimer, le<a href=\"https:\/\/actu.fr\/societe\/maladie-d-alzheimer-quel-est-ce-nouveau-traitement-qui-donne-de-l-espoir_59424407.html\" target=\"_blank\" rel=\"noopener\"> donanemab<\/a> et le <a href=\"https:\/\/actu.fr\/societe\/alzheimer-pourquoi-le-leqembi-ce-nouveau-traitement-contre-la-maladie-ne-sera-pas-rembourse-en-france_63134244.html\" target=\"_blank\" rel=\"noopener\">lecanemab<\/a>, un diagnostic pr\u00e9coce est plus important que jamais. Ces m\u00e9dicaments ont d\u00e9montr\u00e9 cliniquement leur efficacit\u00e9 maximale aux premiers stades de la maladie d\u2019Alzheimer.\u2009\u00bb<\/p>\n<p class=\" wall-content\">Prochaine \u00e9tape pour les universitaires\u2009: tester Fastball en conditions r\u00e9elles dans deux cabinets de m\u00e9decins g\u00e9n\u00e9ralistes.<\/p>\n<p class=\" wall-content\"><strong>Avec Destination Sant\u00e9<\/strong><\/p>\n<p class=\" wall-content\">Personnalisez votre actualit\u00e9 en ajoutant vos villes et m\u00e9dias en favori avec <a href=\"https:\/\/moncompte.actu.fr\" title=\"D\u00e9couvez Mon Actu\" rel=\"nofollow noopener\" data-trk=\"{&quot;cta&quot;:{&quot;action&quot;:&quot;https:\\\/\\\/moncompte.actu.fr&quot;,&quot;category&quot;:&quot;mon compte&quot;,&quot;from&quot;:&quot;article footer&quot;,&quot;name&quot;:&quot;Mon actu&quot;,&quot;type&quot;:&quot;cta&quot;}}\" target=\"_blank\">Mon Actu<\/a>.<\/p>\n","protected":false},"excerpt":{"rendered":"Par R\u00e9daction Actu Publi\u00e9 le 12 d\u00e9c. 2025 \u00e0 19h02 C\u2019est une maladie terrible, que l\u2019on ne sait&hellip;\n","protected":false},"author":2,"featured_media":596538,"comment_status":"","ping_status":"","sticky":false,"template":"","format":"standard","meta":{"footnotes":""},"categories":[10],"tags":[772,1011,27,72,71,104],"class_list":{"0":"post-596537","1":"post","2":"type-post","3":"status-publish","4":"format-standard","5":"has-post-thumbnail","7":"category-sante","8":"tag-alzheimer","9":"tag-fr","10":"tag-france","11":"tag-health","12":"tag-sante","13":"tag-societe"},"share_on_mastodon":{"url":"https:\/\/pubeurope.com\/@fr\/115711393422206201","error":""},"_links":{"self":[{"href":"https:\/\/www.europesays.com\/fr\/wp-json\/wp\/v2\/posts\/596537","targetHints":{"allow":["GET"]}}],"collection":[{"href":"https:\/\/www.europesays.com\/fr\/wp-json\/wp\/v2\/posts"}],"about":[{"href":"https:\/\/www.europesays.com\/fr\/wp-json\/wp\/v2\/types\/post"}],"author":[{"embeddable":true,"href":"https:\/\/www.europesays.com\/fr\/wp-json\/wp\/v2\/users\/2"}],"replies":[{"embeddable":true,"href":"https:\/\/www.europesays.com\/fr\/wp-json\/wp\/v2\/comments?post=596537"}],"version-history":[{"count":0,"href":"https:\/\/www.europesays.com\/fr\/wp-json\/wp\/v2\/posts\/596537\/revisions"}],"wp:featuredmedia":[{"embeddable":true,"href":"https:\/\/www.europesays.com\/fr\/wp-json\/wp\/v2\/media\/596538"}],"wp:attachment":[{"href":"https:\/\/www.europesays.com\/fr\/wp-json\/wp\/v2\/media?parent=596537"}],"wp:term":[{"taxonomy":"category","embeddable":true,"href":"https:\/\/www.europesays.com\/fr\/wp-json\/wp\/v2\/categories?post=596537"},{"taxonomy":"post_tag","embeddable":true,"href":"https:\/\/www.europesays.com\/fr\/wp-json\/wp\/v2\/tags?post=596537"}],"curies":[{"name":"wp","href":"https:\/\/api.w.org\/{rel}","templated":true}]}}