{"id":596547,"date":"2025-12-13T08:52:14","date_gmt":"2025-12-13T08:52:14","guid":{"rendered":"https:\/\/www.europesays.com\/fr\/596547\/"},"modified":"2025-12-13T08:52:14","modified_gmt":"2025-12-13T08:52:14","slug":"guerre-en-ukraine-une-perte-dechirante-neuf-soldats-nord-coreens-sont-morts-dans-des-operations-de-deminage-en-russie","status":"publish","type":"post","link":"https:\/\/www.europesays.com\/fr\/596547\/","title":{"rendered":"Guerre en Ukraine\u00a0: une \u00ab\u00a0perte d\u00e9chirante\u00a0\u00bb, neuf soldats nord-cor\u00e9ens sont morts dans des op\u00e9rations de d\u00e9minage en Russie"},"content":{"rendered":"<p class=\"paragraph text_align_left lp-f-body-02\">Ils avaient \u00e9t\u00e9 <a href=\"https:\/\/www.leparisien.fr\/international\/ukraine\/guerre-en-ukraine-une-contribution-dans-la-defaite-de-lennemi-la-russie-deploie-des-demineurs-nord-coreens-avec-des-robots-14-11-2025-2BHIQ4JVVBEWFGQQX3POVKCG6I.php\" target=\"_blank\" rel=\"noreferrer noopener\">d\u00e9ploy\u00e9s pour des op\u00e9rations de d\u00e9minage<\/a> dans la r\u00e9gion russe de Koursk. Neuf soldats nord-cor\u00e9ens, membre d\u2019une unit\u00e9 du g\u00e9nie militaire, sont morts en mission, ont annonc\u00e9 ce samedi les m\u00e9dias de Pyongyang.<\/p>\n<p class=\"\">Selon l\u2019agence officielle KCNA, le <a href=\"https:\/\/www.leparisien.fr\/international\/ukraine\/guerre-en-ukraine-une-armee-heroique-le-message-de-soutien-provocateur-de-kim-jong-un-a-ses-troupes-deployees-en-russie-21-08-2025-QHMVCI4P4ZD4XASCWN64QQCTTI.php\" target=\"_blank\" rel=\"noreferrer noopener\">dirigeant nord-cor\u00e9en Kim Jong Un<\/a> a pr\u00e9sid\u00e9 ce vendredi une c\u00e9r\u00e9monie de bienvenue pour les soldats du 528e r\u00e9giment du g\u00e9nie qui ont pass\u00e9 120 jours dans la r\u00e9gion de Koursk et a annonc\u00e9 \u00ab la perte d\u00e9chirante de neuf vies \u00bb au cours de cette mission. Cette r\u00e9gion avait \u00e9t\u00e9 partiellement occup\u00e9e par les forces ukrainiennes entre <a href=\"https:\/\/www.leparisien.fr\/international\/larmee-russe-affirme-que-lukraine-a-lance-une-contre-attaque-dans-la-region-russe-de-koursk-05-01-2025-PQ724GEOFRA4TGIKA3GAN6ZXVA.php\" target=\"_blank\" rel=\"noreferrer noopener\">ao\u00fbt 2024 et le printemps 2025<\/a>.<\/p>\n<p>Un titre posthume de \u00ab H\u00e9ros \u00bb<\/p>\n<p class=\"\">Le dirigeant a d\u00e9cern\u00e9 aux neuf victimes le titre de \u00ab H\u00e9ros de la R\u00e9publique populaire d\u00e9mocratique de Cor\u00e9e \u00bb et d\u2019autres distinctions afin de \u00ab rendre un hommage \u00e9ternel \u00e0 leur bravoure \u00bb, a ajout\u00e9 KCNA. \u00ab Au d\u00e9but du mois d\u2019ao\u00fbt, vous, ing\u00e9nieurs du r\u00e9giment, \u00eates partis pour la r\u00e9gion de Koursk, en F\u00e9d\u00e9ration de Russie, que vos compagnons d\u2019armes avaient reprise au prix de leur vie \u00bb, a d\u00e9clar\u00e9 Kim Jong Un au cours de la c\u00e9r\u00e9monie.<\/p>\n<p class=\"\">\u00ab Officiers et soldats, vous avez fait preuve d\u2019un h\u00e9ro\u00efsme collectif en surmontant presque chaque jour des \u00e9preuves physiques et mentales inimaginables \u00bb, a-t-il poursuivi, affirmant qu\u2019ils avaient r\u00e9ussi \u00e0 \u00ab accomplir le miracle de transformer une vaste zone dangereuse en une zone s\u00fbre \u00bb. Selon KCNA, Kim Jong Un a \u00e9galement exprim\u00e9 \u00ab la douleur d\u2019avoir attendu 120 jours sans jamais oublier un seul instant ses fils bien-aim\u00e9s \u00bb. Il a d\u00e9clar\u00e9 que les soldats nord-cor\u00e9ens avaient \u00e9crit \u00ab des lettres \u00e0 leurs villes et villages d\u2019origine durant les pauses pendant le d\u00e9minage \u00bb.<\/p>\n<p class=\"\">En juin, la Russie avait annonc\u00e9 le d\u00e9ploiement de 1 000 soldats du g\u00e9nie et d\u2019environ 5 000 ouvriers nord-cor\u00e9ens pour \u00ab la reconstruction de la r\u00e9gion de Koursk \u00bb, reprise \u00e0 l\u2019Ukraine deux mois plus t\u00f4t par les forces russes avec l\u2019aide d\u2019un contingent nord-cor\u00e9en. La participation de ces soldats \u00e0 des op\u00e9rations de d\u00e9minage avait \u00e9t\u00e9 confirm\u00e9e en novembre, photos \u00e0 l\u2019appui, par le journal officiel du minist\u00e8re russe de la D\u00e9fense.<\/p>\n<p class=\"\">La Cor\u00e9e du Nord a activement particip\u00e9 \u00e0 l\u2019effort de guerre de la Russie en lui fournissant des soldats pour repousser la perc\u00e9e ukrainienne dans la r\u00e9gion de Koursk. Les deux pays sont li\u00e9s par un accord de d\u00e9fense mutuelle sign\u00e9 en 2024 \u00e0 l\u2019occasion d\u2019une visite du pr\u00e9sident russe Vladimir Poutine, en Cor\u00e9e du Nord. Les services de renseignement sud-cor\u00e9ens estiment qu\u2019environ 10 000 soldats du Nord ont particip\u00e9 \u00e0 la guerre contre l\u2019Ukraine, et que <a href=\"https:\/\/www.leparisien.fr\/international\/ukraine\/guerre-en-ukraine-environ-2-000-soldats-nord-coreens-tues-selon-les-renseignements-sud-coreens-02-09-2025-4UQ4YQIYDBE7LBXBAUPTTWVHLM.php\" target=\"_blank\" rel=\"noreferrer noopener\">2 000 d\u2019entre eux sont morts.<\/a><\/p>\n","protected":false},"excerpt":{"rendered":"Ils avaient \u00e9t\u00e9 d\u00e9ploy\u00e9s pour des op\u00e9rations de d\u00e9minage dans la r\u00e9gion russe de Koursk. Neuf soldats nord-cor\u00e9ens,&hellip;\n","protected":false},"author":2,"featured_media":596548,"comment_status":"","ping_status":"","sticky":false,"template":"","format":"standard","meta":{"footnotes":""},"categories":[5],"tags":[11,1011,27,14,12,220,28],"class_list":{"0":"post-596547","1":"post","2":"type-post","3":"status-publish","4":"format-standard","5":"has-post-thumbnail","7":"category-international","8":"tag-actualites","9":"tag-fr","10":"tag-france","11":"tag-international","12":"tag-news","13":"tag-ukraine","14":"tag-world"},"share_on_mastodon":{"url":"https:\/\/pubeurope.com\/@fr\/115711413116245302","error":""},"_links":{"self":[{"href":"https:\/\/www.europesays.com\/fr\/wp-json\/wp\/v2\/posts\/596547","targetHints":{"allow":["GET"]}}],"collection":[{"href":"https:\/\/www.europesays.com\/fr\/wp-json\/wp\/v2\/posts"}],"about":[{"href":"https:\/\/www.europesays.com\/fr\/wp-json\/wp\/v2\/types\/post"}],"author":[{"embeddable":true,"href":"https:\/\/www.europesays.com\/fr\/wp-json\/wp\/v2\/users\/2"}],"replies":[{"embeddable":true,"href":"https:\/\/www.europesays.com\/fr\/wp-json\/wp\/v2\/comments?post=596547"}],"version-history":[{"count":0,"href":"https:\/\/www.europesays.com\/fr\/wp-json\/wp\/v2\/posts\/596547\/revisions"}],"wp:featuredmedia":[{"embeddable":true,"href":"https:\/\/www.europesays.com\/fr\/wp-json\/wp\/v2\/media\/596548"}],"wp:attachment":[{"href":"https:\/\/www.europesays.com\/fr\/wp-json\/wp\/v2\/media?parent=596547"}],"wp:term":[{"taxonomy":"category","embeddable":true,"href":"https:\/\/www.europesays.com\/fr\/wp-json\/wp\/v2\/categories?post=596547"},{"taxonomy":"post_tag","embeddable":true,"href":"https:\/\/www.europesays.com\/fr\/wp-json\/wp\/v2\/tags?post=596547"}],"curies":[{"name":"wp","href":"https:\/\/api.w.org\/{rel}","templated":true}]}}