{"id":596549,"date":"2025-12-13T08:53:12","date_gmt":"2025-12-13T08:53:12","guid":{"rendered":"https:\/\/www.europesays.com\/fr\/596549\/"},"modified":"2025-12-13T08:53:12","modified_gmt":"2025-12-13T08:53:12","slug":"on-na-pas-protege-les-enfants-un-nouveau-signalement-pour-agression-sexuelle-dans-un-centre-de-loisirs-du-xvie","status":"publish","type":"post","link":"https:\/\/www.europesays.com\/fr\/596549\/","title":{"rendered":"\u00ab\u00a0On n\u2019a pas prot\u00e9g\u00e9 les enfants\u00a0\u00bb\u00a0: un nouveau signalement pour agression sexuelle dans un centre de loisirs du XVIe"},"content":{"rendered":"<p class=\"\">Le 16 juillet dernier, son monde a bascul\u00e9. Ce jour-l\u00e0, son fils alors \u00e2g\u00e9 de 3 ans et demi lui raconte l\u2019insoutenable. \u00ab Il \u00e9tait au centre de loisirs Boissi\u00e8re (XVIe) depuis moins d\u2019une semaine quand il m\u2019a expliqu\u00e9 qu\u2019un homme avait touch\u00e9 ses parties intimes, sous ses v\u00eatements, pendant la sieste. Il m\u2019a expliqu\u00e9 qu\u2019il s\u2019\u00e9tait r\u00e9veill\u00e9 pendant que \u00e7a se passait, et que l\u2019homme lui avait mis une main sur la bouche pour l\u2019emp\u00eacher de dire quoi que ce soit. \u00bb<\/p>\n","protected":false},"excerpt":{"rendered":"Le 16 juillet dernier, son monde a bascul\u00e9. Ce jour-l\u00e0, son fils alors \u00e2g\u00e9 de 3 ans et&hellip;\n","protected":false},"author":2,"featured_media":596550,"comment_status":"","ping_status":"","sticky":false,"template":"","format":"standard","meta":{"footnotes":""},"categories":[4],"tags":[11,118,1011,27,12,25],"class_list":{"0":"post-596549","1":"post","2":"type-post","3":"status-publish","4":"format-standard","5":"has-post-thumbnail","7":"category-france","8":"tag-actualites","9":"tag-faits-divers","10":"tag-fr","11":"tag-france","12":"tag-news","13":"tag-republique-francaise"},"share_on_mastodon":{"url":"https:\/\/pubeurope.com\/@fr\/115711417099205575","error":""},"_links":{"self":[{"href":"https:\/\/www.europesays.com\/fr\/wp-json\/wp\/v2\/posts\/596549","targetHints":{"allow":["GET"]}}],"collection":[{"href":"https:\/\/www.europesays.com\/fr\/wp-json\/wp\/v2\/posts"}],"about":[{"href":"https:\/\/www.europesays.com\/fr\/wp-json\/wp\/v2\/types\/post"}],"author":[{"embeddable":true,"href":"https:\/\/www.europesays.com\/fr\/wp-json\/wp\/v2\/users\/2"}],"replies":[{"embeddable":true,"href":"https:\/\/www.europesays.com\/fr\/wp-json\/wp\/v2\/comments?post=596549"}],"version-history":[{"count":0,"href":"https:\/\/www.europesays.com\/fr\/wp-json\/wp\/v2\/posts\/596549\/revisions"}],"wp:featuredmedia":[{"embeddable":true,"href":"https:\/\/www.europesays.com\/fr\/wp-json\/wp\/v2\/media\/596550"}],"wp:attachment":[{"href":"https:\/\/www.europesays.com\/fr\/wp-json\/wp\/v2\/media?parent=596549"}],"wp:term":[{"taxonomy":"category","embeddable":true,"href":"https:\/\/www.europesays.com\/fr\/wp-json\/wp\/v2\/categories?post=596549"},{"taxonomy":"post_tag","embeddable":true,"href":"https:\/\/www.europesays.com\/fr\/wp-json\/wp\/v2\/tags?post=596549"}],"curies":[{"name":"wp","href":"https:\/\/api.w.org\/{rel}","templated":true}]}}