{"id":596554,"date":"2025-12-13T08:56:23","date_gmt":"2025-12-13T08:56:23","guid":{"rendered":"https:\/\/www.europesays.com\/fr\/596554\/"},"modified":"2025-12-13T08:56:23","modified_gmt":"2025-12-13T08:56:23","slug":"ben-old-le-nouveau-lateral-gauche-de-las-saint-etienne","status":"publish","type":"post","link":"https:\/\/www.europesays.com\/fr\/596554\/","title":{"rendered":"Ben Old, le nouveau lat\u00e9ral gauche de l&rsquo;AS Saint-\u00c9tienne"},"content":{"rendered":"<p> <img decoding=\"async\" src=\"https:\/\/www.europesays.com\/fr\/wp-content\/uploads\/2025\/12\/1765616183_215_1200x680\" alt=\"illustration agrandir l'image\" style=\"--_image-preview:url('data:image\/jpeg;base64,\/9j\/2wBDACgcHiMeGSgjISMtKygwPGRBPDc3PHtYXUlkkYCZlo+AjIqgtObDoKrarYqMyP\/L2u71\/\/\/\/m8H\/\/\/\/6\/+b9\/\/j\/2wBDASstLTw1PHZBQXb4pYyl+Pj4+Pj4+Pj4+Pj4+Pj4+Pj4+Pj4+Pj4+Pj4+Pj4+Pj4+Pj4+Pj4+Pj4+Pj4+Pj4+Pj\/wAARCAAXACoDASIAAhEBAxEB\/8QAGAAAAwEBAAAAAAAAAAAAAAAAAAEDAgT\/xAAYEAEBAQEBAAAAAAAAAAAAAAAAAQISEf\/EABcBAQEBAQAAAAAAAAAAAAAAAAEAAgP\/xAAVEQEBAAAAAAAAAAAAAAAAAAAAEf\/aAAwDAQACEQMRAD8A4ZlqZamW5lmhOZPlXkuVUlYXityXKpakUkAc2D8HgBJcjkAp\/9k=');\" loading=\"eager\" fetchpriority=\"high\" class=\"svelte-1cksh76 rounded\" onload=\"this.__e=event\" onerror=\"this.__e=event\"\/> Ben Old, ici face \u00e0 l&rsquo;Olympique Lyonnais lors de la saison 2024\/2025 \u00a9 Maxppp &#8211; Baptiste Autissier    <\/p>\n<p class=\"g-ici-body-regular-3 info svelte-1tw4hsy\">Diffus\u00e9 le samedi 13 d\u00e9cembre 2025 \u00e0 8:31 <\/p>\n<p class=\"g-ici-body-regular-3 info svelte-1tw4hsy\">Publi\u00e9 le samedi 13 d\u00e9cembre 2025 \u00e0 8:31 <\/p>\n<p class=\"g-ici-body-bold-1 standFirst svelte-1gkeky6\">Avec les blessures qui s&rsquo;accumulent \u00e0 l&rsquo;AS Saint-\u00c9tienne, le n\u00e9o-z\u00e9landais Ben Old sera titularis\u00e9 au poste de lat\u00e9ral gauche ce samedi, face \u00e0 Bastia (17e j. de Ligue 2). Une chance saisir pour l&rsquo;habituel ailier, cantonn\u00e9 \u00e0 un r\u00f4le de rempla\u00e7ant depuis le d\u00e9but de saison.<\/p>\n<p>C&rsquo;est la derni\u00e8re de l&rsquo;ann\u00e9e en championnat pour les footballeurs de l&rsquo;AS Saint-\u00c9tienne. Pour le compte de la 17e journ\u00e9e de Ligue 2, l&rsquo;ASSE re\u00e7oit Bastia ce samedi dans son stade Geoffroy-Guichard. Des Verts\u00a0encore une fois priv\u00e9s de nombreux joueurs, notamment sur les c\u00f4t\u00e9s de sa d\u00e9fense. Joao Ferreira et Ebenezer Annan forfaits sur blessure, c&rsquo;est Ben Old qui devrait d\u00e9buter la rencontre comme lat\u00e9ral gauche. Inimaginable il y a encore quelques semaines.<\/p>\n<ul class=\"SocialNetworks svelte-oam7rq\">\n<li class=\"svelte-oam7rq\"><\/li>\n<li class=\"svelte-oam7rq\"><\/li>\n<li class=\"svelte-oam7rq\"><\/li>\n<li class=\"svelte-oam7rq\"><\/li>\n<li class=\"svelte-oam7rq\"><\/li>\n<\/ul>\n","protected":false},"excerpt":{"rendered":"Ben Old, ici face \u00e0 l&rsquo;Olympique Lyonnais lors de la saison 2024\/2025 \u00a9 Maxppp &#8211; Baptiste Autissier Diffus\u00e9&hellip;\n","protected":false},"author":2,"featured_media":596555,"comment_status":"","ping_status":"","sticky":false,"template":"","format":"standard","meta":{"footnotes":""},"categories":[9653],"tags":[1111,11,2430,1777,674,1011,27,12,25,4001],"class_list":{"0":"post-596554","1":"post","2":"type-post","3":"status-publish","4":"format-standard","5":"has-post-thumbnail","7":"category-saint-etienne","8":"tag-actu","9":"tag-actualites","10":"tag-auvergne-rhone-alpes","11":"tag-eu","12":"tag-europe","13":"tag-fr","14":"tag-france","15":"tag-news","16":"tag-republique-francaise","17":"tag-saint-etienne"},"share_on_mastodon":{"url":"https:\/\/pubeurope.com\/@fr\/115711429705819889","error":""},"_links":{"self":[{"href":"https:\/\/www.europesays.com\/fr\/wp-json\/wp\/v2\/posts\/596554","targetHints":{"allow":["GET"]}}],"collection":[{"href":"https:\/\/www.europesays.com\/fr\/wp-json\/wp\/v2\/posts"}],"about":[{"href":"https:\/\/www.europesays.com\/fr\/wp-json\/wp\/v2\/types\/post"}],"author":[{"embeddable":true,"href":"https:\/\/www.europesays.com\/fr\/wp-json\/wp\/v2\/users\/2"}],"replies":[{"embeddable":true,"href":"https:\/\/www.europesays.com\/fr\/wp-json\/wp\/v2\/comments?post=596554"}],"version-history":[{"count":0,"href":"https:\/\/www.europesays.com\/fr\/wp-json\/wp\/v2\/posts\/596554\/revisions"}],"wp:featuredmedia":[{"embeddable":true,"href":"https:\/\/www.europesays.com\/fr\/wp-json\/wp\/v2\/media\/596555"}],"wp:attachment":[{"href":"https:\/\/www.europesays.com\/fr\/wp-json\/wp\/v2\/media?parent=596554"}],"wp:term":[{"taxonomy":"category","embeddable":true,"href":"https:\/\/www.europesays.com\/fr\/wp-json\/wp\/v2\/categories?post=596554"},{"taxonomy":"post_tag","embeddable":true,"href":"https:\/\/www.europesays.com\/fr\/wp-json\/wp\/v2\/tags?post=596554"}],"curies":[{"name":"wp","href":"https:\/\/api.w.org\/{rel}","templated":true}]}}