{"id":596568,"date":"2025-12-13T09:08:47","date_gmt":"2025-12-13T09:08:47","guid":{"rendered":"https:\/\/www.europesays.com\/fr\/596568\/"},"modified":"2025-12-13T09:08:47","modified_gmt":"2025-12-13T09:08:47","slug":"municipales-2026-jean-yves-porta-brigue-un-nouveau-mandat-de-maire-a-vaulnaveys-le-haut","status":"publish","type":"post","link":"https:\/\/www.europesays.com\/fr\/596568\/","title":{"rendered":"Municipales 2026. Jean-Yves Porta brigue un nouveau mandat de maire \u00e0\u00a0Vaulnaveys-le-Haut"},"content":{"rendered":"<p>Lorsqu\u2019il a conquis son premier si\u00e8ge de conseiller, voil\u00e0 30 ans, Vaulnaveys-le-Haut ne comptait pas 3\u00a0000 habitants. Aujourd\u2019hui, la commune en affiche plus de 4000, et Jean-Yves Porta se r\u00e9jouit de l\u2019\u00e9volution de ce village o\u00f9 il a toujours v\u00e9cu.<\/p>\n<p>\u00ab\u00a0J\u2019aime Vaulnaveys, j\u2019y ai toujours \u00e9t\u00e9 investi (clubs sportifs, associations). Mais mon engagement politique n\u2019\u00e9tait pas programm\u00e9\u00a0\u00bb, se&#8230;<\/p>\n","protected":false},"excerpt":{"rendered":"Lorsqu\u2019il a conquis son premier si\u00e8ge de conseiller, voil\u00e0 30 ans, Vaulnaveys-le-Haut ne comptait pas 3\u00a0000 habitants. Aujourd\u2019hui,&hellip;\n","protected":false},"author":2,"featured_media":596569,"comment_status":"","ping_status":"","sticky":false,"template":"","format":"standard","meta":{"footnotes":""},"categories":[9566],"tags":[1111,11,2430,113,4188,1777,674,1011,27,2731,12,316,25,17481,24693],"class_list":{"0":"post-596568","1":"post","2":"type-post","3":"status-publish","4":"format-standard","5":"has-post-thumbnail","7":"category-grenoble","8":"tag-actu","9":"tag-actualites","10":"tag-auvergne-rhone-alpes","11":"tag-edition-gresivaudan-oisans","12":"tag-elections-municipales","13":"tag-eu","14":"tag-europe","15":"tag-fr","16":"tag-france","17":"tag-grenoble","18":"tag-news","19":"tag-politique","20":"tag-republique-francaise","21":"tag-romanche","22":"tag-vaulnaveys-le-haut"},"share_on_mastodon":{"url":"https:\/\/pubeurope.com\/@fr\/115711479836893478","error":""},"_links":{"self":[{"href":"https:\/\/www.europesays.com\/fr\/wp-json\/wp\/v2\/posts\/596568","targetHints":{"allow":["GET"]}}],"collection":[{"href":"https:\/\/www.europesays.com\/fr\/wp-json\/wp\/v2\/posts"}],"about":[{"href":"https:\/\/www.europesays.com\/fr\/wp-json\/wp\/v2\/types\/post"}],"author":[{"embeddable":true,"href":"https:\/\/www.europesays.com\/fr\/wp-json\/wp\/v2\/users\/2"}],"replies":[{"embeddable":true,"href":"https:\/\/www.europesays.com\/fr\/wp-json\/wp\/v2\/comments?post=596568"}],"version-history":[{"count":0,"href":"https:\/\/www.europesays.com\/fr\/wp-json\/wp\/v2\/posts\/596568\/revisions"}],"wp:featuredmedia":[{"embeddable":true,"href":"https:\/\/www.europesays.com\/fr\/wp-json\/wp\/v2\/media\/596569"}],"wp:attachment":[{"href":"https:\/\/www.europesays.com\/fr\/wp-json\/wp\/v2\/media?parent=596568"}],"wp:term":[{"taxonomy":"category","embeddable":true,"href":"https:\/\/www.europesays.com\/fr\/wp-json\/wp\/v2\/categories?post=596568"},{"taxonomy":"post_tag","embeddable":true,"href":"https:\/\/www.europesays.com\/fr\/wp-json\/wp\/v2\/tags?post=596568"}],"curies":[{"name":"wp","href":"https:\/\/api.w.org\/{rel}","templated":true}]}}