{"id":596580,"date":"2025-12-13T09:15:24","date_gmt":"2025-12-13T09:15:24","guid":{"rendered":"https:\/\/www.europesays.com\/fr\/596580\/"},"modified":"2025-12-13T09:15:24","modified_gmt":"2025-12-13T09:15:24","slug":"des-correspondants-guides-par-le-gout-des-autres","status":"publish","type":"post","link":"https:\/\/www.europesays.com\/fr\/596580\/","title":{"rendered":"des correspondants guid\u00e9s par le go\u00fbt des autres"},"content":{"rendered":"<p class=\"fs-5 \">\u00ab\u00a0\u00c7a a commenc\u00e9 par hasard et \u00e7a dure\u2026 depuis juillet 1968.\u2005\u00a0\u00bb Le rire, quasi enfantin, fait des arabesques sonores. Andr\u00e9 Peyr\u00e8gne n\u2019a que 19 ans lorsqu\u2019il franchit, pour la premi\u00e8re fois, le seuil de Nice-Matin sur l\u2019avenue Jean-M\u00e9decin.<\/p>\n<p class=\"fs-5 \">\u00ab\u00a0\u00c0 l\u2019\u00e9poque, je pr\u00e9parais l\u2019agr\u00e8g de maths tout en \u00e9tudiant au Conservatoire de Paris, explique-t-il. Je cherchais un job d\u2019\u00e9t\u00e9. J\u2019ai \u00e9t\u00e9 re\u00e7u par le r\u00e9dacteur en chef, Guy Riffet, \u00e0 qui j\u2019ai propos\u00e9 des articles sur la musique. Il a dit banco\u00a0!\u2005\u00a0\u00bb<\/p>\n<p class=\"fs-5 \">\u00c0 la fin de la saison, le jeune homme s\u2019appr\u00eate \u00e0 replonger dans ses \u00e9quations, lorsqu\u2019on lui propose de prolonger l\u2019aventure en devenant correspondant.<\/p>\n<p class=\"fs-5 \">\u00ab\u00a0On m\u2019a expliqu\u00e9 que ce statut me permettrait de travailler pour le journal tout en continuant mes \u00e9tudes, explique-t-il. J\u2019ai accept\u00e9, \u00e9videmment\u00a0!\u2005\u00a0\u00bb<\/p>\n<p>                                                                                \u00ab\u00a0Je reste passionn\u00e9 comme au premier jour\u00a0\u00bb<\/p>\n<p class=\"fs-5 \">En cours de route, Andr\u00e9 Peyr\u00e8gne oublie les nombres complexes et choisit les (bonnes) notes. Enseignant au Conservatoire de Nice \u00e0 partir de 1970, il dirige cette institution de 1980 \u00e0 2015. Sans jamais cesser de distiller ses mots dans nos colonnes.<\/p>\n<p class=\"fs-5 \">\u00ab\u00a0Je n\u2019ai jamais song\u00e9 \u00e0 arr\u00eater, glisse-t-il en confidence. Aujourd\u2019hui encore, je reste passionn\u00e9 comme au premier jour. Et m\u00eame si je n\u2019ai jamais \u00e9t\u00e9 journaliste professionnel, j\u2019aborde mes reportages avec la m\u00eame rigueur. Je n\u2019ai jamais manqu\u00e9 un rendez-vous. M\u00eame ce jour o\u00f9, dans les ann\u00e9es soixante-dix, apr\u00e8s un accident, j\u2019ai d\u00fb faire de l\u2019auto-stop pour voir Michel Legrand \u00e0 Vence. Vingt ans plus tard, bien que ma voiture ait pris feu dans le tunnel Andr\u00e9-Malraux, je suis tout de m\u00eame all\u00e9 couvrir un concert de musique subaquatique\u00a0!\u2005\u00a0\u00bb<\/p>\n<p>                                                                                Chacun a \u00ab\u00a0son\u00a0\u00bb histoire avec le journal<\/p>\n<p class=\"fs-5 \">Que serait Nice-Matin sans ses correspondants\u00a0? Ils sont plus de deux cents, r\u00e9partis dans le Var et les Alpes-Maritimes. Leur point commun, c\u2019est qu\u2019ils n\u2019en ont aucun. Ni leurs \u00e2ges, ni leurs parcours, ni m\u00eame leurs motivations ne peuvent \u00eatre formalis\u00e9s. Chacun a \u00ab\u00a0son\u00a0\u00bb histoire avec le journal.<\/p>\n<p>        <img decoding=\"async\" src=\"https:\/\/www.europesays.com\/fr\/wp-content\/uploads\/2025\/12\/ARTBLOCKVIEW-10656173-1128-752-d11e21c_upload-1-zzmx4tef1pzp-corres-4-large.jpg\" class=\"figure-img img-fluid rounded\" alt=\"\u00ab\u00a0En 1990, j\u2019\u00e9tais opticien \u00e0 Cannes, raconte Gilles Mass\u00e9. Cette ann\u00e9e-l\u00e0, le club de Mandelieu est mont\u00e9 en troisi\u00e8me division de rugby et il n\u2019y avait personne pour suivre les matchs. J\u2019ai propos\u00e9 mes services. \u00c7a dure depuis 37\u00a0ans\u2026\u2005\u00bb\"\/><\/p>\n<p>                                    \u00ab\u00a0En 1990, j\u2019\u00e9tais opticien \u00e0 Cannes, raconte Gilles Mass\u00e9. Cette ann\u00e9e-l\u00e0, le club de Mandelieu est mont\u00e9 en troisi\u00e8me division de rugby et il n\u2019y avait personne pour suivre les matchs. J\u2019ai propos\u00e9 mes services. \u00c7a dure depuis 37\u00a0ans\u2026\u2005\u00bb <br \/>DR \/ Nice-Matin<\/p>\n<p class=\"fs-5 \">Ainsi Gilles Mass\u00e9, 81 ans et toujours la cuisse alerte sur son v\u00e9lo avec lequel il avale, chaque semaine, entre 150 et 200 km. \u00ab\u00a0En 1990, j\u2019\u00e9tais opticien \u00e0 Cannes, raconte-t-il. Cette ann\u00e9e-l\u00e0, le club de Mandelieu est mont\u00e9 en troisi\u00e8me division de rugby et il n\u2019y avait personne pour suivre les matchs. J\u2019ai propos\u00e9 mes services. \u00c7a dure depuis 37 ans\u2026\u2005\u00a0\u00bb<\/p>\n<p>        <img decoding=\"async\" src=\"https:\/\/www.europesays.com\/fr\/wp-content\/uploads\/2025\/12\/ARTBLOCKVIEW-10656173-1128-752-7e50ea8_upload-1-tuc3mpsfxu2x-corres-3-large.jpg\" class=\"figure-img img-fluid rounded\" alt=\"Mathieu Mercuri est correspondant \u00e0 La Trinit\u00e9 depuis d\u00e9cembre 2024. \"\/><\/p>\n<p>                                    Mathieu Mercuri est correspondant \u00e0 La Trinit\u00e9 depuis d\u00e9cembre 2024.  <br \/>DR \/ Nice-Matin<\/p>\n<p class=\"fs-5 \">Ainsi Mathieu Mercuri, 29 ans, agent SNCF, qui a sign\u00e9 son premier papier en d\u00e9cembre 2024. \u00ab\u00a0J\u2019ai vu une annonce sur les r\u00e9seaux sociaux, sourit le jeune homme. Comme mon m\u00e9tier me laisse pas mal de temps disponible, je me suis dit que c\u2019\u00e9tait un bon moyen pour arrondir mes fins de mois tout en m\u2019investissant dans la vie de ma commune, La Trinit\u00e9.\u2005\u00a0\u00bb<\/p>\n<p class=\"fs-5 \">Osons une \u00e9vidence\u00a0: la modeste r\u00e9mun\u00e9ration est rarement le moteur principal des \u00e9lectrons libres qui acceptent de jouer les rapporteurs d\u2019infos non-professionnels sur leur territoire ou dans leur domaine de pr\u00e9dilection. \u00c9tudiants, actifs ou retrait\u00e9s, ils font d\u2019abord cela parce qu\u2019ils ont la certitude d\u2019\u00eatre utiles.<\/p>\n<p class=\"fs-5 \">\u00ab\u00a0Bien souvent, lorsqu\u2019on travaille dans l\u2019arri\u00e8re-pays, les habitants ne connaissent que nous, confirme Jackie Dieren. Nous sommes plus accessibles que les journalistes. Et nous sommes joignables sept jours sur sept, vingt-quatre heures sur vingt-quatre\u00a0!\u2005\u00a0\u00bb<\/p>\n<p>                                                                                \u00ab\u00a0J\u2019y suis venu par la photo\u00a0\u00bb<\/p>\n<p class=\"fs-5 \">Jackie a r\u00e9dig\u00e9 ses premiers comptes rendus en 1987, alors qu\u2019elle \u00e9tait pompier volontaire \u00e0 Saint-Vallier-de-Thiey. \u00ab\u00a0J\u2019y suis venu par la photo\u00a0\u00bb, pr\u00e9cise cette personnalit\u00e9 hors normes qui a fait \u00ab\u00a0mille m\u00e9tiers\u00a0\u00bb, dont chauffeur du pianiste des Rolling Stones dans les ann\u00e9es soixante-dix.<\/p>\n<p>        <img decoding=\"async\" src=\"https:\/\/www.europesays.com\/fr\/wp-content\/uploads\/2025\/12\/ARTBLOCKVIEW-10656173-1128-752-302f621_upload-1-f3qlbu1vutkj-corres-5-large.jpg\" class=\"figure-img img-fluid rounded\" alt=\"Jackie Dieren a \u00e9t\u00e9 correspondante, puis journaliste, puis de nouveau correspondante depuis 2008\u2005\u00a0!\"\/><\/p>\n<p>                                    Jackie Dieren a \u00e9t\u00e9 correspondante, puis journaliste, puis de nouveau correspondante depuis 2008\u2005\u00a0! <br \/>J. D.<\/p>\n<p class=\"fs-5 \">\u00ab\u00a0Au d\u00e9but, il m\u2019arrivait de remplir une page par jour, sourit l\u2019octog\u00e9naire. Tant et si bien qu\u2019en 1999, apr\u00e8s la mise en place des 35-Heures au journal, on m\u2019a offert un contrat. En 2000, \u00e0 57 ans, je suis devenue journaliste professionnelle, jusqu\u2019\u00e0 ma retraite huit ans plus tard. Ensuite\u00a0? J\u2019ai attendu trois mois, la dur\u00e9e l\u00e9gale, puis j\u2019ai repris le collier en redevenant correspondante\u00a0! Je ne pourrais pas m\u2019en passer.\u2005\u00a0\u00bb<\/p>\n<p>                                                                                Proches du terrain<\/p>\n<p class=\"fs-5 \">Philippe Dep\u00e9tris est au diapason \u2013 dans tous les sens du terme. Ce musicien professionnel a d\u2019abord \u00e9crit \u00e0 Nice-Matin pour\u2026 se plaindre. \u00ab\u00a0J\u2019organisais le festival des Heures musicales de Biot et nous n\u2019avions jamais une seule ligne, rigole le fl\u00fbtiste. Le chef de l\u2019agence d\u2019Antibes de l\u2019\u00e9poque, Lucien Claden, m\u2019a re\u00e7u. \u00c0 la fin de l\u2019entretien, il m\u2019a propos\u00e9 de me charger moi-m\u00eame des annonces de spectacles. Au culot, je lui ai r\u00e9pondu\u00a0: \u2018\u2018Eh bien, pourquoi pas\u00a0?\u2019\u2019 \u00c7a fera quarante ans l\u2019ann\u00e9e prochaine\u00a0!\u2005\u00a0\u00bb<\/p>\n<p>        <img decoding=\"async\" src=\"https:\/\/www.europesays.com\/fr\/wp-content\/uploads\/2025\/12\/ARTBLOCKVIEW-10656173-1128-752-65886fd_upload-1-dfmttshru4zp-corres-2-large.png\" class=\"figure-img img-fluid rounded\" alt=\"Philippe Dep\u00e9tris, musicien professionnel, a d\u2019abord \u00e9crit \u00e0 \u00ab\u00a0Nice-Matin\u00a0\u00bb pour\u2026 se plaindre.\"\/><\/p>\n<p>                                    Philippe Dep\u00e9tris, musicien professionnel, a d\u2019abord \u00e9crit \u00e0 \u00ab\u00a0Nice-Matin\u00a0\u00bb pour\u2026 se plaindre. <br \/>Lionel Paoli<\/p>\n<p class=\"fs-5 \">Par la suite, Philippe a assur\u00e9 la correspondance des communes de Biot, puis de Vallauris-Golfe-Juan. Si vous marchez dans la rue \u00e0 ses c\u00f4t\u00e9s, vous serez arr\u00eat\u00e9s tous les vingt m\u00e8tres\u00a0: l\u2019homme est une personnalit\u00e9 locale.<\/p>\n<p class=\"fs-5 \">C\u2019est peut-\u00eatre l\u00e0, finalement, que r\u00e9side le point commun de ces profils attachants. Toujours proches du terrain, ils ont gard\u00e9 le go\u00fbt des autres.<\/p>\n","protected":false},"excerpt":{"rendered":"\u00ab\u00a0\u00c7a a commenc\u00e9 par hasard et \u00e7a dure\u2026 depuis juillet 1968.\u2005\u00a0\u00bb Le rire, quasi enfantin, fait des arabesques&hellip;\n","protected":false},"author":2,"featured_media":596581,"comment_status":"","ping_status":"","sticky":false,"template":"","format":"standard","meta":{"footnotes":""},"categories":[2819],"tags":[55033,1111,11,1777,674,1011,27,12,2401,882,25],"class_list":{"0":"post-596580","1":"post","2":"type-post","3":"status-publish","4":"format-standard","5":"has-post-thumbnail","7":"category-nice","8":"tag-80-ans-de-nice-matin","9":"tag-actu","10":"tag-actualites","11":"tag-eu","12":"tag-europe","13":"tag-fr","14":"tag-france","15":"tag-news","16":"tag-nice","17":"tag-provence-alpes-cote-dazur","18":"tag-republique-francaise"},"share_on_mastodon":{"url":"https:\/\/pubeurope.com\/@fr\/115711504934218678","error":""},"_links":{"self":[{"href":"https:\/\/www.europesays.com\/fr\/wp-json\/wp\/v2\/posts\/596580","targetHints":{"allow":["GET"]}}],"collection":[{"href":"https:\/\/www.europesays.com\/fr\/wp-json\/wp\/v2\/posts"}],"about":[{"href":"https:\/\/www.europesays.com\/fr\/wp-json\/wp\/v2\/types\/post"}],"author":[{"embeddable":true,"href":"https:\/\/www.europesays.com\/fr\/wp-json\/wp\/v2\/users\/2"}],"replies":[{"embeddable":true,"href":"https:\/\/www.europesays.com\/fr\/wp-json\/wp\/v2\/comments?post=596580"}],"version-history":[{"count":0,"href":"https:\/\/www.europesays.com\/fr\/wp-json\/wp\/v2\/posts\/596580\/revisions"}],"wp:featuredmedia":[{"embeddable":true,"href":"https:\/\/www.europesays.com\/fr\/wp-json\/wp\/v2\/media\/596581"}],"wp:attachment":[{"href":"https:\/\/www.europesays.com\/fr\/wp-json\/wp\/v2\/media?parent=596580"}],"wp:term":[{"taxonomy":"category","embeddable":true,"href":"https:\/\/www.europesays.com\/fr\/wp-json\/wp\/v2\/categories?post=596580"},{"taxonomy":"post_tag","embeddable":true,"href":"https:\/\/www.europesays.com\/fr\/wp-json\/wp\/v2\/tags?post=596580"}],"curies":[{"name":"wp","href":"https:\/\/api.w.org\/{rel}","templated":true}]}}