{"id":596582,"date":"2025-12-13T09:16:27","date_gmt":"2025-12-13T09:16:27","guid":{"rendered":"https:\/\/www.europesays.com\/fr\/596582\/"},"modified":"2025-12-13T09:16:27","modified_gmt":"2025-12-13T09:16:27","slug":"nice-mon-week-end-aux-musees","status":"publish","type":"post","link":"https:\/\/www.europesays.com\/fr\/596582\/","title":{"rendered":"NICE : Mon week-end aux mus\u00e9es"},"content":{"rendered":"<p><strong>L\u2019\u00e9v\u00e8nement culturel \u00ab Mon Week-end aux Mus\u00e9es ! \u00bb a \u00e9t\u00e9 pr\u00e9sent\u00e9 ce jour au Mus\u00e9e Magnelli, Mus\u00e9e de la C\u00e9ramique \u00e0 Vallauris Golfe-Juan par Alexandra Borchio Fontimp, Pr\u00e9sidente d\u00e9l\u00e9gu\u00e9e de C\u00f4te d\u2019Azur France Tourisme, en pr\u00e9sence du Maire de Vallauris Golfe-Juan, Kevin Luciano.<\/strong><\/p>\n<p>Port\u00e9 par le succ\u00e8s de ses deux premi\u00e8res \u00e9ditions, \u00ab\u00a0Mon Week-end aux Mus\u00e9es !\u00a0\u00bb fait son retour les\u00a0<b>31 janvier et 1er f\u00e9vrier prochains<\/b>, avec une programmation toujours aussi vari\u00e9e et originale, \u00e0 destination de tous les publics.<\/p>\n<p>Au total,\u00a0<b>38 mus\u00e9es situ\u00e9s dans une vingtaine de villes de la C\u00f4te d\u2019Azur proposeront, le temps d\u2019un week-end, 57 animations gratuites<\/b>. 4 nouveaux mus\u00e9es vont participer \u00e0 cette 3e\u00a0\u00e9dition toujours plus f\u00e9d\u00e9ratrice : le mus\u00e9e des Merveilles \u00e0 Tende, le mus\u00e9e du bijou contemporain \u00e0 Cagnes-sur-Mer, le mus\u00e9e de la cr\u00e8che \u00e0 Luc\u00e9ram et l\u2019espace culturel d\u00e9partemental Lympia \u00e0 Nice<b>.<\/b><\/p>\n<p><b>Un objectif<\/b>\u00a0<b>: dynamiser la fr\u00e9quentation hors saison.<\/b><\/p>\n<p>Afin de booster la fr\u00e9quentation touristique dans les mus\u00e9es, C\u00f4te d\u2019Azur France Tourisme a cr\u00e9\u00e9 en 2022 le Club Mus\u00e9es. Son objectif\u00a0: valoriser par des actions collectives l\u2019offre mus\u00e9ale de la destination, notamment hors saison.<\/p>\n<p><img decoding=\"async\" class=\"alignleft\" src=\"https:\/\/mail.google.com\/mail\/u\/0?ui=2&amp;ik=d6439610f9&amp;attid=0.2&amp;permmsgid=msg-f:1851311554041170156&amp;th=19b12e0cbb3348ec&amp;view=fimg&amp;fur=ip&amp;permmsgid=msg-f:1851311554041170156&amp;sz=s0-l75-ft&amp;attbid=ANGjdJ-g-g74sXJ9ED89iIY8pwFecOsqXL7xZ-mJZ2CHAGFrdLGeEWeKOA-vpt4dXPD5OJChzvGRsfnn3J7pJBpBechMa5sCj3117DVP-4kPMp99PG02vAo1GJGak3Q&amp;disp=emb&amp;zw\"\/><\/p>\n<p>Dans cette dynamique, \u00ab Mon Week-end aux mus\u00e9es ! \u00bb est un rendez-vous culturel f\u00e9d\u00e9rateur, programm\u00e9 \u00e0 la p\u00e9riode la plus calme de l\u2019ann\u00e9e sur le plan touristique. L\u2019\u00e9v\u00e9nement a pour ambition d\u2019inviter les visiteurs et les habitants \u00e0 (re)d\u00e9couvrir la richesse des collections permanentes,\u00a0<b>gr\u00e2ce \u00e0 des ateliers et animations gratuits<\/b>\u00a0<b>sp\u00e9cialement cr\u00e9\u00e9s<\/b>\u00a0par les mus\u00e9es du d\u00e9partement des Alpes-Maritimes et de Monaco.<\/p>\n<p><b>57 exp\u00e9riences uniques et gratuites \u00e0 d\u00e9couvrir dans 38 mus\u00e9es et sites partenaires<\/b>\u00a0<b>!<\/b><\/p>\n<p>Pens\u00e9e pour int\u00e9resser toute la famille, la programmation 2026 promet des moments de d\u00e9couverte originales, accessibles via le QR code. Venez explorer des tr\u00e9sors culturels, artistiques et historiques \u00e0 travers des activit\u00e9s ludiques adapt\u00e9es \u00e0 tous les \u00e2ges.<\/p>\n<p style=\"font-weight: 400\">Voici quelques exp\u00e9riences in\u00e9dites \u00e0 vivre en famille ou entre amis\u00a0!<\/p>\n<ul>\n<li style=\"font-weight: 400\">O\u00f9 sont pass\u00e9s les faunes\u00a0?<strong>\u00a0Au mus\u00e9e Picasso \u00e0 Antibes :\u00a0<\/strong>Vous collecterez des \u00e9l\u00e9ments au cours de la visite qui vous permettront de r\u00e9aliser une nature morte en atelier.<\/li>\n<li style=\"font-weight: 400\"><strong>A Posidonia, l\u2019Espace Mer et Littoral, \u00e0 Antibes Juan-Les-Pins<\/strong>\u00a0<strong>:\u00a0<\/strong>Vous irez rejoindre<strong>\u00a0<\/strong>une \u00e9quipe d\u2019agents de l\u2019environnement et irez r\u00e9soudre des \u00e9nigmes pour d\u00e9verrouiller l\u2019acc\u00e8s au monde marin m\u00e9diterran\u00e9en.<\/li>\n<li style=\"font-weight: 400\"><strong>Au mus\u00e9e Fernand L\u00e9ger \u00e0 Biot :\u00a0<\/strong>c\u2019est la couleur qui sera au centre de votre attention pour comprendre son importance dans l\u2019\u0153uvre de Fernand L\u00e9ger.<\/li>\n<li style=\"font-weight: 400\"><strong>Au mus\u00e9e d\u2019histoire et de Provence de Grasse<\/strong>\u00a0<strong>:\u00a0<\/strong>Vous d\u00e9couvrirez le mus\u00e9e \u00e0 la lumi\u00e8re d\u2019une lampe frontale. Vous apprendrez \u00e0 rep\u00e9rer des d\u00e9tails insoup\u00e7onn\u00e9s \u00e0 travers des jeux de lumi\u00e8re.<\/li>\n<li style=\"font-weight: 400\"><strong>Au troph\u00e9e d\u2019Auguste \u00e0 la Turbie<\/strong>\u00a0<strong>:<\/strong>\u00a0un atelier de construction \u00ab\u00a0Malin come un romain\u00a0\u00bb ravira toute la famille.<\/li>\n<li style=\"font-weight: 400\"><strong>Myst\u00e8re autour de Pierre Bonnard au mus\u00e9e Bonnard au Cannet :<\/strong>\u00a0Arriverez-vous \u00e0 r\u00e9soudre l\u2019\u00e9nigme avant la fin du temps imparti\u00a0? Un myst\u00e8re enfoui depuis des d\u00e9cennies refait surface\u2026<\/li>\n<li style=\"font-weight: 400\"><strong>Atelier cr\u00e9ation \u00e0 l\u2019Espace culturel d\u00e9partemental Lympia \u00e0 Nice<\/strong>\u00a0<strong>:<\/strong>\u00a0Dans le cadre de l\u2019exposition \u00ab\u00a0Brigitte, Myl\u00e8ne et Mich\u00e8le, les petites ch\u00e9ries de la C\u00f4te d\u2019Azur\u00a0\u00bb, vous allez cr\u00e9er votre propre carte postale r\u00e9tro en utilisant la technique de la s\u00e9rigraphie.<\/li>\n<li style=\"font-weight: 400\"><strong>A la villa Arson,\u00a0<\/strong>c\u2019est une performance acrobatique en hommage au cirque de Calder qui vous \u00e9tonnera.<\/li>\n<li style=\"font-weight: 400\"><strong>A Luc\u00e9ram, une nouveaut\u00e9 pour ce week-end<\/strong>, c\u2019est une rencontre avec le cr\u00e9ateur de santons qui vous captivera au\u00a0<strong>mus\u00e9e de la cr\u00e8che<\/strong>.<\/li>\n<li style=\"font-weight: 400\"><strong>Aux remparts de Tourrette-Levens<\/strong>, vous jouerez \u00e0 l\u2019arch\u00e9ologue et obtiendrez un beau dipl\u00f4me\u00a0!<\/li>\n<li style=\"font-weight: 400\"><strong>Atelier cr\u00e9atif<\/strong>\u00a0<strong>\u00ab<\/strong>\u00a0<strong>Le pass\u00e9 est \u00e0 la mode<\/strong>\u00a0<strong>\u00bb au Mus\u00e9e d\u00e9partemental des Merveilles \u00e0 Tende :<\/strong>\u00a0Avec de l\u2019argile, quelques coquillages, des perles, un bout de corde\u00a0: vous r\u00e9aliserez un collier en utilisant les mati\u00e8res premi\u00e8res du N\u00e9olithique.<\/li>\n<li style=\"font-weight: 400\"><strong>Escape game \u00ab<\/strong>\u00a0<strong>Au secours, on a vol\u00e9 un Magnelli<\/strong>\u00a0<strong>\u00bb, au Mus\u00e9e Magnelli, Mus\u00e9e de la C\u00e9ramique de Vallauris Golfe-Juan.\u00a0<\/strong>Partez \u00e0 la recherche du tableau d\u2019Alberto Magnelli et de son voleur. Au travers de la collection du peintre et gr\u00e2ce \u00e0 5 experts, d\u00e9bloquez jeux et \u00e9nigmes pour gagner la partie.<\/li>\n<li style=\"font-weight: 400\"><strong>Plong\u00e9e en r\u00e9alit\u00e9 virtuelle au Mus\u00e9e Oc\u00e9anographique \u00e0 Monaco<\/strong>\u00a0<strong>:<\/strong>\u00a0\u00c9quip\u00e9s d\u2019un casque VR, explorez les profondeurs d\u2019une aire marine prot\u00e9g\u00e9e sans vous mouiller. Une exp\u00e9rience immersive inoubliable\u00a0!<\/li>\n<li style=\"font-weight: 400\"><strong>Visite guid\u00e9e sensorielle suivie d\u2019une rencontre gourmande avec un chef au Mus\u00e9e Escoffier de l\u2019Art Culinaire \u00e0 Villeneuve-Loubet<\/strong>.<\/li>\n<\/ul>\n<p><b>Retrouvez la programmation compl\u00e8te sur\u00a0<\/b><a href=\"http:\/\/www.cotedazurfrance.fr\/\" target=\"_blank\" rel=\"noopener\" data-saferedirecturl=\"https:\/\/www.google.com\/url?q=http:\/\/www.cotedazurfrance.fr&amp;source=gmail&amp;ust=1765699308063000&amp;usg=AOvVaw0bfHXghp8N08WGrNyE97R2\"><b>www.cotedazurfrance.fr<\/b><\/a><b>.<\/b><\/p>\n<p>\u201c La C\u00f4te d\u2019Azur ne se r\u00e9sume pas \u00e0 une carte postale. Depuis des g\u00e9n\u00e9rations, artistes, \u00e9crivains, cin\u00e9astes et musiciens y trouvent une source in\u00e9puisable d\u2019inspiration. La culture est le c\u0153ur battant de notre territoire. Elle raconte notre identit\u00e9 m\u00e9diterran\u00e9enne, fait vivre nos traditions et \u00e9largit nos horizons. La culture attire parce qu\u2019elle cr\u00e9e du lien, de l\u2019\u00e9motion et du sens. Notre territoire a une histoire singuli\u00e8re et un rayonnement international. Continuons d\u2019en faire gr\u00e2ce au soutien des collectivit\u00e9s et des \u00e9lus locaux, une terre d\u2019accueil pour la cr\u00e9ation, un \u00e9crin pour nos patrimoines, facteur d\u2019attractivit\u00e9 pour nos communes. C\u2019est donc avec beaucoup de plaisir et de fiert\u00e9 que nous r\u00e9it\u00e9rons pour la troisi\u00e8me ann\u00e9e cons\u00e9cutive l\u2019op\u00e9ration \u00ab\u00a0Mon week-end aux mus\u00e9es\u00a0!\u00a0\u00a0\u00bb. Pour d\u00e9couvrir la C\u00f4te d\u2019Azur comme vous ne l\u2019avez jamais vue rendez-vous dans nos mus\u00e9es les 31 janvier et 1er f\u00e9vrier prochains \u201d!<\/p>\n<p style=\"text-align: left\" align=\"right\">\u00a0<b>Alexandra BORCHIO FONTIMP, Pr\u00e9sidente d\u00e9l\u00e9gu\u00e9e<\/b>\u00a0<b>de C\u00f4te d\u2019Azur France Tourisme.<\/b><\/p>\n<p><b>\u00c0 PROPOS DE C\u00d4TE D\u2019AZUR FRANCE TOURISME<\/b><\/p>\n<p>C\u00f4te d\u2019Azur France Tourisme, pr\u00e9sid\u00e9 par d\u00e9l\u00e9gation par Alexandra Borchio Fontimp, S\u00e9natrice des Alpes-Maritimes et Conseill\u00e8re d\u00e9partementale des Alpes-Maritimes, est l\u2019organisme officiel en charge de la mise en \u0153uvre de la strat\u00e9gie de promotion et marketinf de la Destination C\u00d4TE d\u2019AZUR France aupr\u00e8s du march\u00e9 national ainsi qu\u2019\u00e0 l\u2019international. Compos\u00e9 de trois p\u00f4les marketing op\u00e9rationnels (Communication et Strat\u00e9gie de marque, Marketing Territorial et Animation du R\u00e9seau Grand Public), C\u00f4te d\u2019Azur France Tourisme met en \u0153uvre chaque ann\u00e9e une centaine d\u2019actions de promotion en France et \u00e0 l\u2019\u00e9tranger. Gestionnaire de la marque C\u00d4TE d\u2019AZUR France, C\u00f4te d\u2019Azur France Tourisme est en charge \u00e9galement du d\u00e9veloppement de la strat\u00e9gie de marque territoriale et de son programme de licence\u00a0<a href=\"http:\/\/www.marque-cotedazurfrance.com\/\" target=\"_blank\" rel=\"noopener\" data-saferedirecturl=\"https:\/\/www.google.com\/url?q=http:\/\/www.marque-cotedazurfrance.com&amp;source=gmail&amp;ust=1765699308063000&amp;usg=AOvVaw3DJCA0B9JjlYSEq6ha9ajl\">www.marque-cotedazurfrance.com<\/a>.<\/p>\n<p><img loading=\"lazy\" decoding=\"async\" id=\"m_9116935220315193055Image_x0020_11\" class=\"CToWUd\" src=\"https:\/\/mail.google.com\/mail\/u\/0?ui=2&amp;ik=d6439610f9&amp;attid=0.3&amp;permmsgid=msg-f:1851311554041170156&amp;th=19b12e0cbb3348ec&amp;view=fimg&amp;fur=ip&amp;permmsgid=msg-f:1851311554041170156&amp;sz=s0-l75-ft&amp;attbid=ANGjdJ-dQDOqx5nS4Ob4ZcL-TNG-NsucWwQu4CIInNgeFIrt4C3eLsQctHl9NIYfd8PsusNeFRAPVkr_htLjp_cZKPmrnSNLwrdGWkS488_xJFjOwSNnBqc55g_HURQ&amp;disp=emb&amp;zw\" width=\"115\" height=\"39\" border=\"0\" data-image-whitelisted=\"\" data-bit=\"iit\"\/><img loading=\"lazy\" decoding=\"async\" id=\"m_9116935220315193055Image_x0020_10\" class=\"CToWUd\" src=\"https:\/\/mail.google.com\/mail\/u\/0?ui=2&amp;ik=d6439610f9&amp;attid=0.4&amp;permmsgid=msg-f:1851311554041170156&amp;th=19b12e0cbb3348ec&amp;view=fimg&amp;fur=ip&amp;permmsgid=msg-f:1851311554041170156&amp;sz=s0-l75-ft&amp;attbid=ANGjdJ9xstGAezG_yElRp94iEkYKD8Soqe2c6GaJpF6_P9V-5TKUzxF2P_7qjD26nZwm34PurjY-1D-9XLV84YEDmDHG5-oSOcKFAtM8qmkoncOG4iYnsPdqgfi1DHk&amp;disp=emb&amp;zw\" width=\"177\" height=\"32\" border=\"0\" data-image-whitelisted=\"\" data-bit=\"iit\"\/><img loading=\"lazy\" decoding=\"async\" id=\"m_9116935220315193055Image_x0020_9\" class=\"CToWUd\" src=\"https:\/\/mail.google.com\/mail\/u\/0?ui=2&amp;ik=d6439610f9&amp;attid=0.5&amp;permmsgid=msg-f:1851311554041170156&amp;th=19b12e0cbb3348ec&amp;view=fimg&amp;fur=ip&amp;permmsgid=msg-f:1851311554041170156&amp;sz=s0-l75-ft&amp;attbid=ANGjdJ9V99JF-9AfMDSe7BaYu1nFoGpTVsQVd-KerwlQCUmZtTZYBmdzttuF7sm10o4bDmu7wwjfbm-Db8Yv7nBtwpFM2kW8UIDNNGCIT1r7eSjREgglqKKQWNrRUJU&amp;disp=emb&amp;zw\" width=\"74\" height=\"41\" border=\"0\" data-image-whitelisted=\"\" data-bit=\"iit\"\/><\/p>\n<p style=\"text-align: left\" align=\"center\"><b>LISTE DES MUS\u00c9ES ET SITES PARTENAIRES 2026 PAR VILLE.<\/b><\/p>\n<tr>\n<td valign=\"top\" width=\"197\"><b>ANTIBES JUAN-LES-PINS (5)<\/b><\/td>\n<td valign=\"top\" width=\"463\">Fort Carr\u00e9 \u2013 Mus\u00e9e d\u2019Arch\u00e9ologie \u2013 Mus\u00e9e Peynet et du Dessin Humoristique \u2013 Mus\u00e9e Picasso \u2013 Posidonia, Espace Mer et Littoral<\/td>\n<\/tr>\n<tr>\n<td valign=\"top\" width=\"197\"><b>BIOT (1)<\/b><\/td>\n<td valign=\"top\" width=\"463\">Mus\u00e9e national Fernand L\u00e9ger<\/td>\n<\/tr>\n<tr>\n<td valign=\"top\" width=\"197\"><b>CAGNES-SUR-MER (3)<\/b><\/td>\n<td valign=\"top\" width=\"463\">Ch\u00e2teau-Mus\u00e9e Grimaldi \u2013\u00a0<b>Mus\u00e9e du Bijou Contemporain<\/b>\u00a0\u2013 Mus\u00e9e Renoir<\/td>\n<\/tr>\n<tr>\n<td valign=\"top\" width=\"197\"><b>GILETTE (1)<\/b><\/td>\n<td valign=\"top\" width=\"463\">Mus\u00e9e Lou Ferouil<\/td>\n<\/tr>\n<tr>\n<td valign=\"top\" width=\"197\"><b>GRASSE (3)<\/b><\/td>\n<td valign=\"top\" width=\"463\">Mus\u00e9e d\u2019Art et d\u2019Histoire de Provence \u2013 Mus\u00e9e International de la Parfumerie \u2013 Mus\u00e9e du Parfum (usine historique Fragonard)<\/td>\n<\/tr>\n<tr>\n<td valign=\"top\" width=\"197\"><b>LA TURBIE (1)<\/b><\/p>\n<p><b>LUCERAM (1)<\/b><\/p>\n<\/td>\n<td valign=\"top\" width=\"463\">Troph\u00e9e d\u2019Auguste<\/p>\n<p><b>Mus\u00e9e de la cr\u00e8che<\/b><\/p>\n<\/td>\n<\/tr>\n<tr>\n<td valign=\"top\" width=\"197\"><b>LE CANNET (1)<\/b><\/td>\n<td valign=\"top\" width=\"463\">Mus\u00e9e Bonnard<\/td>\n<\/tr>\n<tr>\n<td valign=\"top\" width=\"197\"><b>MANDELIEU-LA NAPOULE (1)<\/b><\/td>\n<td valign=\"top\" width=\"463\">Ch\u00e2teau de La Napoule<\/td>\n<\/tr>\n<tr>\n<td valign=\"top\" width=\"197\"><b>MENTON (1)<\/b><\/td>\n<td valign=\"top\" width=\"463\">Mus\u00e9e du Bastion Jean Cocteau<\/td>\n<\/tr>\n<tr>\n<td valign=\"top\" width=\"197\"><b>MONACO (2)<\/b><\/td>\n<td valign=\"top\" width=\"463\">Mus\u00e9e d\u2019Anthropologie pr\u00e9historique \u2013 Mus\u00e9e Oc\u00e9anographique<\/td>\n<\/tr>\n<tr>\n<td valign=\"top\" width=\"197\"><b>MOUANS SARTOUX (1)<\/b><\/td>\n<td valign=\"top\" width=\"463\">Espace de l\u2019Art Concret<\/td>\n<\/tr>\n<tr>\n<td valign=\"top\" width=\"197\"><b>MOUGINS<\/b><\/td>\n<td valign=\"top\" width=\"463\">FAMM<\/td>\n<\/tr>\n<tr>\n<td valign=\"top\" width=\"197\"><b>NICE (6)<\/b><\/td>\n<td valign=\"top\" width=\"463\"><b>Espace culture d\u00e9partemental Lympia<\/b>\u00a0\u2013 Grotte du Lazaret \u2013 Mus\u00e9e D\u00e9partemental des Arts Asiatiques \u2013 Mus\u00e9e National du Sport \u2013 Mus\u00e9e National Marc Chagall \u2013 Villa Arson<\/td>\n<\/tr>\n<tr>\n<td valign=\"top\" width=\"197\"><b>ROQUEBRUNE-CAP-MARTIN (1)<\/b><\/td>\n<td valign=\"top\" width=\"463\">Ch\u00e2teau de Roquebrune-Cap-Martin<\/td>\n<\/tr>\n<tr>\n<td valign=\"top\" width=\"197\"><b>SAINT JEAN-CAP-FERRAT (1)<\/b><\/td>\n<td valign=\"top\" width=\"463\">Villa et Jardins Ephrussi de Rothschild<\/td>\n<\/tr>\n<tr>\n<td valign=\"top\" width=\"197\"><b>SAINT-PAUL-DE-VENCE (1)<\/b><\/p>\n<p><b>SAINTE-AGNES (1)<\/b><\/p>\n<\/td>\n<td valign=\"top\" width=\"463\">Fondation Maeght<\/p>\n<p>Fort de la ligne Maginot de Sainte-Agn\u00e8s<\/p>\n<\/td>\n<\/tr>\n<tr>\n<td valign=\"top\" width=\"197\"><b>TENDE (1)<\/b><\/td>\n<td valign=\"top\" width=\"463\"><b>Mus\u00e9e d\u00e9partemental des Merveilles<\/b><\/td>\n<\/tr>\n<tr>\n<td valign=\"top\" width=\"197\"><b>TOURRETTE-LEVENS (2)<\/b><\/td>\n<td valign=\"top\" width=\"463\">Chateau-Mus\u00e9e de Tourrette-Levens \u2013 Maison des remparts<\/td>\n<\/tr>\n<tr>\n<td valign=\"top\" width=\"197\"><b>VALLAURIS GOLFE-JUAN (2)<\/b><\/td>\n<td valign=\"top\" width=\"463\">Mus\u00e9e Magnelli, Mus\u00e9e de la C\u00e9ramique \u2013 Mus\u00e9e national Picasso \u00ab\u00a0La Guerre et la Paix\u00a0\u00bb<\/td>\n<\/tr>\n<tr>\n<td valign=\"top\" width=\"197\"><b>VILLENEUVE-LOUBET (1)<\/b><\/td>\n<td valign=\"top\" width=\"463\">Mus\u00e9e Escoffier de l\u2019Art Culinaire<\/td>\n<\/tr>\n<p style=\"text-align: left\" align=\"right\"><b>(Nouveaux mus\u00e9es en gras)\u00a0<\/b><\/p>\n<p style=\"text-align: left\" align=\"right\"><b>ANNEXE<\/b>\u00a0<b>\u2013 MON WEEK-END AUX MUS\u00c9ES 2026 : DEMANDEZ LA PROGRAMMATION !<\/b><\/p>\n<p><b>ANTIBES-JUAN LES PINS.<\/b><\/p>\n<p><b>Au mus\u00e9e d\u2019arch\u00e9ologie,\u00a0<\/b>les enfants pourront s\u2019entra\u00eener \u00e0 \u00e9crire leur pr\u00e9nom comme les Grecs en utilisant des feuilles m\u00e9talliques \u00e0 graver.<br \/><b\/><\/p>\n<p><b>Au fort Carr\u00e9, <\/b>nous jouerons \u00e0 mimer les diff\u00e9rents gestes militaires. Puis, nous deviendrons tant\u00f4t peintres, tant\u00f4t mod\u00e8les pour reproduire ces postures en peinture. Apr\u00e8s une visite o\u00f9 nous observerons son panorama aux teintes et aux lumi\u00e8res exceptionnelles, nous pratiquerons une technique haute en couleur : la mosa\u00efque.<\/p>\n<p><b>Au mus\u00e9e Peynet et du dessin humoristique,\u00a0<\/b>une visite sensible de quelques \u0153uvres choisies de Raymond Peynet est propos\u00e9e, suivie d\u2019un atelier aquarelle et encres. Vous pourrez \u00e9galement \u00e9laborer une bo\u00eete gr\u00e2ce \u00e0 des techniques de pliage, d\u2019origami et de dessin sur le th\u00e8me des Amoureux de Raymond Peynet.<br \/><b\/><\/p>\n<p><b>Au mus\u00e9e Picasso<\/b>\u00a0<b>:\u00a0<\/b>\u00e0 travers un parcours de jeu de piste, il te faudra nous aider, avec tes parents, \u00e0 retrouver les petits faunes que Picasso aimait repr\u00e9senter sur ses tableaux. Les \u00e9l\u00e9ments collect\u00e9s permettront par ailleurs \u00e0 chacun de r\u00e9aliser une nature morte en atelier.<\/p>\n<p><b>A Posidonia, l\u2019espace Mer et Littoral<\/b>\u00a0<b>:\u00a0<\/b>en \u00e9quipe de 8 personnes, les agents de l\u2019environnement devront r\u00e9aliser des \u00e9nigmes pour trouver la cl\u00e9. Cette cl\u00e9 permettra d\u2019acc\u00e9der \u00e0 une nouvelle exp\u00e9rience.<\/p>\n<p><b>BIOT.<\/b><\/p>\n<p><b>Au mus\u00e9e Fernand L\u00e9ger<\/b>, vous apprendrez l\u2019importance fondamentale de la couleur dans l\u2019\u0153uvre de L\u00e9ger.<\/p>\n<p><b>CAGNES-SUR-MER.<\/b><\/p>\n<p><b>Au ch\u00e2teau mus\u00e9e Grimaldi,\u00a0<\/b>une visite comment\u00e9e d\u2019une heure invite \u00e0 d\u00e9couvrir l\u2019histoire du b\u00e2timent, ses collections permanentes ainsi que les expositions temporaires qui y sont pr\u00e9sent\u00e9es.<\/p>\n<p><img loading=\"lazy\" decoding=\"async\" id=\"m_9116935220315193055_x0000_i1032\" class=\"CToWUd\" src=\"https:\/\/mail.google.com\/mail\/u\/0?ui=2&amp;ik=d6439610f9&amp;attid=0.7&amp;permmsgid=msg-f:1851311554041170156&amp;th=19b12e0cbb3348ec&amp;view=fimg&amp;fur=ip&amp;permmsgid=msg-f:1851311554041170156&amp;sz=s0-l75-ft&amp;attbid=ANGjdJ8pvEQ3myLX-Cd7_YXaJou3OLh7NziDZA8tsrjk2M4oINxtA2lLGzdX6sED7E6Tfrf8NwvDfsQomfVKQlr525KW1gJaKfywyAzLirtPo6ed6n8XDSWIVdQjW1o&amp;disp=emb&amp;zw\" alt=\"Nouveau - Ic\u00f4nes commercialisation gratuites\" width=\"33\" height=\"33\" border=\"0\" data-image-whitelisted=\"\" data-bit=\"iit\"\/>\u00a0<b>Au mus\u00e9e du bijou contemporain,\u00a0<\/b>une visite comment\u00e9e d\u2019une demi-heure invite \u00e0 d\u00e9couvrir l\u2019exposition monographique du cr\u00e9ateur de bijou Jo\u00ebl Faivre-Chalon.<\/p>\n<p><b>Au mus\u00e9e Renoir,\u00a0<\/b>une visite<b>\u00a0<\/b>comment\u00e9e \u00e0 hauteur d\u2019enfants invite \u00e0 d\u00e9couvrir l\u2019histoire de l\u2019artiste \u00e0 Cagnes-sur-Mer, sa vie aux Collettes. La visite sera suivie d\u2019un atelier pour se mettre dans la peau de Renoir et comprendre sa peinture.<\/p>\n<p><b>GILETTE.<\/b><\/p>\n<p><b>Au Mus\u00e9e Lou Ferouil,\u00a0<\/b>d\u00e9couverte du savoir-faire d\u2019un ferronnier d\u2019art qui vous d\u00e9voile les secrets de cr\u00e9ation d\u2019une boule de No\u00ebl et d\u2019un bougeoir en fer forg\u00e9.<\/p>\n<p><b>GRASSE.<\/b><\/p>\n<p><b>Au Mus\u00e9e d\u2019Art et d\u2019Histoire de Provence<\/b>, venez d\u00e9couvrir le mus\u00e9e \u00e0 la lumi\u00e8re d\u2019une lampe frontale \u00e0 la mani\u00e8re de sp\u00e9l\u00e9ologues.<\/p>\n<p><b>Au Mus\u00e9e International de la Parfumerie,\u00a0<\/b>visites combin\u00e9es des r\u00e9serves du mus\u00e9e et des coulisses de la m\u00e9diation olfactive.<b\/><\/p>\n<p><b>Au mus\u00e9e du parfum \u00e0 Grasse<\/b>, partez \u00e0 la d\u00e9couverte<b>\u00a0<\/b>de l\u2019histoire du parfum et ses objets pr\u00e9cieux, flacons et artefacts.<\/p>\n<p><b>LA TURBIE.<\/b><\/p>\n<p><b>Au Troph\u00e9e d\u2019Auguste de La Turbie,\u00a0<\/b>d\u00e9couvrez les techniques de construction les plus ing\u00e9nieuses utilis\u00e9es par les Romains avec des objets et des maquettes \u00e0 manipuler pour comprendre l\u2019utilisation des outils et la mise en \u0153uvre des mat\u00e9riaux.<\/p>\n<p><b>LE CANNET.<\/b><\/p>\n<p><b>Au Mus\u00e9e Bonnard ,\u00a0<\/b>arriverez-vous \u00e0 r\u00e9soudre l\u2019\u00e9nigme avant la fin du temps imparti ? Un myst\u00e8re enfoui depuis des d\u00e9cennies refait surface. Entre indices cach\u00e9s, \u0153uvres \u00e9nigmatiques, vous devrez faire preuve d\u2019observation, de logique et d\u2019audace pour percer la v\u00e9rit\u00e9.<\/p>\n<p><img loading=\"lazy\" decoding=\"async\" id=\"m_9116935220315193055Image_x0020_7\" class=\"CToWUd\" src=\"https:\/\/mail.google.com\/mail\/u\/0?ui=2&amp;ik=d6439610f9&amp;attid=0.8&amp;permmsgid=msg-f:1851311554041170156&amp;th=19b12e0cbb3348ec&amp;view=fimg&amp;fur=ip&amp;permmsgid=msg-f:1851311554041170156&amp;sz=s0-l75-ft&amp;attbid=ANGjdJ_CcS38VOnu7XTaBLzPPmTDv0aCPtYiCaa3CfXK2JiQpjL9Mv3q6SfWZRKvKCSFOJTf8i0m73Zg4A6Qhyyj73NaFA812cDFuEmSmTR4iEL5pNVuL2_qK36wdhA&amp;disp=emb&amp;zw\" alt=\"Nouveau - Ic\u00f4nes commercialisation gratuites\" width=\"31\" height=\"32\" border=\"0\" data-image-whitelisted=\"\" data-bit=\"iit\"\/><b>LUCERAM<\/b><b\/><\/p>\n<p><b>Au Mus\u00e9e de la Cr\u00e8che,\u00a0<\/b>atelier de cr\u00e9ation et d\u00e9coration de santons et de cr\u00e8ches, puis discussions autour des origines des santons et des cr\u00e8ches de Luc\u00e9ram.<\/p>\n<p><b>MANDELIEU-LA NAPOULE.<\/b><\/p>\n<p><b>Au Ch\u00e2teau de La Napoule,\u00a0<\/b>venez d\u00e9couvrir le mus\u00e9e autrement et participez \u00e0 un atelier anim\u00e9 par une ancienne artiste en r\u00e9sidence, Rachel Berkowitz qui vit et travaille \u00e0 Los Angeles.<\/p>\n<p><b>MENTON.<\/b><br \/><b>Au Mus\u00e9e du Bastion Jean Cocteau<\/b>\u00a0: remise d\u2019un livret de jeux divers, tr\u00e8s amusants et p\u00e9dagogiques. Tout un parcours ludique vous attend\u00a0!<\/p>\n<p><b>MONACO.<\/b><\/p>\n<p><b>Au Mus\u00e9e d\u2019Anthropologie Pr\u00e9historique<\/b>\u00a0<b>:\u00a0<\/b>visite guid\u00e9e des nouvelles expositions et du laboratoire de recherche, habituellement ferm\u00e9 au public, suivie d\u2019un atelier feu. Les participants d\u00e9couvrent les techniques ancestrales d\u2019allumage du feu et exp\u00e9rimentent eux-m\u00eames la production de feu, \u00e0 l\u2019aide d\u2019outils et de mat\u00e9riaux inspir\u00e9s de ceux des hommes pr\u00e9historiques.<\/p>\n<p><b>Au Mus\u00e9e Oc\u00e9anographique<\/b>\u00a0<b>:\u00a0<\/b>\u00e9quip\u00e9s de casques de r\u00e9alit\u00e9 virtuelle derni\u00e8re g\u00e9n\u00e9ration, partez, comme de v\u00e9ritables plongeurs, \u00e0 la d\u00e9couverte d\u2019une Aire Marine Prot\u00e9g\u00e9e au coeur de la M\u00e9diterran\u00e9e.<\/p>\n<p>Vous pourrez \u00e9galement plonger en famille dans l\u2019univers fascinant du mus\u00e9e \u00e0 travers une grande chasse aux \u00e9nigmes sp\u00e9cialement con\u00e7ue pour les enfants et leurs parents.<\/p>\n<p>Enfin, venez vivre une rencontre magique avec les animaux du littoral m\u00e9diterran\u00e9en ! Crabes, \u00e9toiles de mer, concombres de mer\u2026 Ils nous sont familiers mais connaissez-vous vraiment leurs particularit\u00e9s ?<\/p>\n<p><b>MOUANS-SARTOUX.<\/b><\/p>\n<p><b>A l\u2019Espace de l\u2019Art Concret<\/b>\u00a0: les b\u00e9b\u00e9s d\u00e9couvrent les \u0153uvres \u00e0 travers l\u2019\u00e9veil des sens : regarder, toucher, \u00e9couter, venez profiter d\u2019un moment privil\u00e9gi\u00e9, tout en douceur.<\/p>\n<p>Invitation \u00e9galement \u00e0 une exploration myst\u00e9rieuse de l\u2019exposition \u00ab\u00a0L\u2019art extra-terrestre au XXIe si\u00e8cle \u00bb, \u00e0 travers une visite cont\u00e9e immersive.<\/p>\n<p>Enfin, des visites guid\u00e9es des expositions temporaires et de la collection Albers-Honegger sont propos\u00e9es. L\u2019occasion d\u2019un moment d\u2019\u00e9change et de dialogue sur l\u2019art contemporain.<\/p>\n<p><b>MOUGINS.<\/b><\/p>\n<p><b>Au Famm,\u00a0<\/b>guid\u00e9s par les m\u00e9diateurs du mus\u00e9e, imaginez les histoires cach\u00e9es derri\u00e8re les tableaux, construisez ensemble un r\u00e9cit \u00e0 partir de vos observations et d\u00e9voilez les secrets des oeuvres d\u2019Elizabeth Colomba.<\/p>\n<p><img loading=\"lazy\" decoding=\"async\" id=\"m_9116935220315193055Image_x0020_6\" class=\"CToWUd\" src=\"https:\/\/mail.google.com\/mail\/u\/0?ui=2&amp;ik=d6439610f9&amp;attid=0.9&amp;permmsgid=msg-f:1851311554041170156&amp;th=19b12e0cbb3348ec&amp;view=fimg&amp;fur=ip&amp;permmsgid=msg-f:1851311554041170156&amp;sz=s0-l75-ft&amp;attbid=ANGjdJ_29aVbUhZdRANXZIfo_Vf93x5-tgMf6cqc0k_g92GYxFHNS0xEou6aztLcKshMXKHpkZWWxbQyLKYYQWdDZvBunRUlb-mVgJ-5HuadSKvnODLaEiKiSB1r2BE&amp;disp=emb&amp;zw\" alt=\"Nouveau - Ic\u00f4nes commercialisation gratuites\" width=\"28\" height=\"28\" border=\"0\" data-image-whitelisted=\"\" data-bit=\"iit\"\/><b>NICE.<\/b><\/p>\n<p><b>A l\u2019espace culturel d\u00e9partemental Lympia<\/b>\u00a0<b>:<\/b><\/p>\n<p>Atelier \u201cCr\u00e9ation de cartes postales r\u00e9tro\u201d : dans le cadre de l\u2019exposition Brigitte, Myl\u00e8ne et Mich\u00e8le, les petites ch\u00e9ries de la C\u00f4te d\u2019Azur, cet atelier vous invite \u00e0 cr\u00e9er votre propre carte postale r\u00e9tro, inspir\u00e9e de l\u2019esth\u00e9tique iconique des ann\u00e9es 50\u201360. \u00c0 partir de motifs, images et typographies d\u2019\u00e9poque, vous r\u00e9aliserez votre carte en utilisant la technique de la s\u00e9rigraphie.<\/p>\n<p>Visite guid\u00e9e de l\u2019ancien bagne : elle vous permettra de d\u00e9couvrir les vestiges architecturaux, les cellules et la terrasse panoramique, tout en retra\u00e7ant l\u2019histoire p\u00e9nitentiaire et urbaine du site.<\/p>\n<p>Visite guid\u00e9e de l\u2019exposition \u201cBrigitte, Myl\u00e8ne et Mich\u00e8le \u2013 Les petites ch\u00e9ries de la C\u00f4te d\u2019Azur\u201d. Une<b>\u00a0<\/b>exposition qui retrace l\u2019\u00e2ge d\u2019or du glamour \u00e0 la fran\u00e7aise \u00e0 travers une s\u00e9lection de photographies et d\u2019affiches embl\u00e9matiques.<\/p>\n<p><b>A la grotte du Lazaret<\/b>\u00a0: visite enti\u00e8rement guid\u00e9e \u00e0 la torche qui permet aux visiteurs de d\u00e9couvrir ce site pr\u00e9historique majeur dans les m\u00eames conditions que les Hommes qui l\u2019ont occup\u00e9 il y a plus de 150 000 ans.<\/p>\n<p><b>Au mus\u00e9e d\u00e9partemental des arts asiatiques<\/b>, l\u2019\u00e9cole d\u2019arts martiaux vietnamiens Thanh Long V\u00f5 Dao France proposera deux d\u00e9monstrations exceptionnelles de danse du lion vietnamienne M\u00faa L\u00e2n sur le parvis.<br \/>Cette danse de deux lions sera accompagn\u00e9e de percussions traditionnelles.<\/p>\n<p><b>Au mus\u00e9e national du sport<\/b>\u00a0<b>:<\/b><\/p>\n<p>Venez manipuler 3 authentiques torches olympiques (Berlin, Rio et Paris 2024) et comparez leur design, leur poids, leurs symboles.<br \/>Un atelier ludique vous invite \u00e0 explorer les bienfaits concrets de l\u2019activit\u00e9 physique sur la sant\u00e9 via un parcours interactif. L\u2019exp\u00e9rience se poursuit avec la fabrication d\u2019une barre de c\u00e9r\u00e9ales bio maison.<\/p>\n<p>Dans la peau de Luke Skywalker, initiez- vous aux techniques du sabre laser, avant de vous mesurer \u00e0 d\u2019autres apprentis Jedi.<\/p>\n<p><b>Au mus\u00e9e national Marc Chagall<\/b>\u00a0<b>:\u00a0<\/b>une activit\u00e9 plastique permettant de d\u00e9couvrir l\u2019univers merveilleux de l\u2019artiste est propos\u00e9e, ainsi que des visites guid\u00e9es de la collection permanente.<\/p>\n<p><b>A la villa Arson<\/b>\u00a0<b>:\u00a0<\/b>repr\u00e9sentation en plein air par\u00a0La Compagnie les Hommes de Mains<b>\u00a0<\/b>et Anatole Lebon. Con\u00e7ue comme un hommage au cirque de Calder, cette performance acrobatique et intime se compose avec et pour son auditoire.<\/p>\n<p>Sans oublier des r\u00e9alisations de petits mobiles aux formes et couleurs inspir\u00e9es des \u0153uvres d\u2019Alexander Calder.<\/p>\n<p><b>ROQUEBRUNE-CAP-MARTIN.<\/b><\/p>\n<p><b>Au ch\u00e2teau m\u00e9di\u00e9val,\u00a0<\/b>un petit livret d\u2019enqu\u00eate vous sera remis \u00e0 l\u2019accueil du ch\u00e2teau. Il vous guidera dans une chasse aux tr\u00e9sors \u00e0 la fois d\u00e9cal\u00e9e et \u00e9tonnante pour d\u00e9couvrir les secrets d\u2019un donjon \u00e0 l\u2019histoire singuli\u00e8re.<\/p>\n<p><b>SAINT-JEAN-CAP-FERRAT.<\/b><\/p>\n<p><b>A la Villa Ephrussi de Rothschild<\/b>\u00a0<b>:\u00a0<\/b>visite guid\u00e9e pour les amateurs de la d\u00e9coration d\u2019int\u00e9rieur et des arts d\u00e9coratifs \u00e0 travers des collections de B\u00e9atrice de Rothschild. Les fins connaisseurs sont \u00e9galement convi\u00e9s \u00e0 d\u00e9couvrir le peuple disparate des oiseaux repr\u00e9sent\u00e9s dans les objets arts d\u00e9coratifs du mus\u00e9e.<\/p>\n<p><b>SAINT-PAUL-DE-VENCE.<\/b><\/p>\n<p><b>A la Fondation Marguerite et Aim\u00e9 Maeght<\/b>, d\u00e9couvrez les \u0153uvres offertes par la Soci\u00e9t\u00e9 des Amis de la Fondation Maeght \u00e0 la Fondation, trouvez les personnages, et dessinez-en un au choix.<\/p>\n<p><b>SAINTE-AGNES.<\/b><\/p>\n<p><b>Au fort de la ligne Maginot<\/b>, participez \u00e0 une visite guid\u00e9e \u00e0 l\u2019occasion de la f\u00eate de la Sainte-Agn\u00e8s.<\/p>\n<p><img loading=\"lazy\" decoding=\"async\" id=\"m_9116935220315193055Image_x0020_5\" class=\"CToWUd\" src=\"https:\/\/mail.google.com\/mail\/u\/0?ui=2&amp;ik=d6439610f9&amp;attid=0.10&amp;permmsgid=msg-f:1851311554041170156&amp;th=19b12e0cbb3348ec&amp;view=fimg&amp;fur=ip&amp;permmsgid=msg-f:1851311554041170156&amp;sz=s0-l75-ft&amp;attbid=ANGjdJ8VhohuQC0VoUDitACCcEZWyBr2yCvOiEd0hi93qO_-K_tHwsKL1I28mhSkpEWXMd7KLXZ5dy-jEm7UnG6k7TG-YKTuTwJ3C8RMi6Ve92twc_clewv3o-Dnf8k&amp;disp=emb&amp;zw\" alt=\"Nouveau - Ic\u00f4nes commercialisation gratuites\" width=\"32\" height=\"32\" border=\"0\" data-image-whitelisted=\"\" data-bit=\"iit\"\/><b>TENDE<\/b><\/p>\n<p><b>Au mus\u00e9e d\u00e9partemental des Merveilles<\/b>\u00a0<b>:\u00a0<\/b>avec de l\u2019argile, quelques coquillages, des perles, et un bout de corde, r\u00e9alisez un collier en utilisant les mati\u00e8res premi\u00e8res du N\u00e9olithique.<\/p>\n<p>Vous pourrez \u00e9galement participer \u00e0 la visite guid\u00e9e de l\u2019exposition temporaire \u00ab\u00a0Sorcier &amp; Friends\u00a0\u00bb.<\/p>\n<p><b>TOURRETTE-LEVENS.<\/b><br \/><b\/><\/p>\n<p><b>Au ch\u00e2teau-mus\u00e9e<\/b>, d\u00e9couvrez le m\u00e9tier d\u2019entomologiste et on vous pr\u00e9sentera leur mat\u00e9riel pour r\u00e9aliser des inventaires et des d\u00e9terminations.<br \/><b>A la maison des Remparts<\/b>\u00a0: comme de vrais arch\u00e9ologues, les enfants rechercheront des objets arch\u00e9ologiques dans des carr\u00e9s de fouilles install\u00e9s dans la cour du mus\u00e9e.<\/p>\n<p><b>VALLAURIS-GOLFE-JUAN.<\/b><br \/><b\/><\/p>\n<p><b>Au mus\u00e9e Magnelli, mus\u00e9e de la c\u00e9ramique<\/b>\u00a0: apr\u00e8s avoir observ\u00e9 les natures mortes chatoyantes de Pierre Boncompain, composez votre tableau selon vos envies, dans les tons d\u2019oranger, prune et ou aubergine.<br \/>Vous pourrez \u00e9galement participer \u00e0 un escape game.\u00a0\u00a0Partez \u00e0 la recherche du tableau d\u2019Alberto Magnelli et de son voleur. Au travers de la collection du peintre et gr\u00e2ce \u00e0 cinq experts, d\u00e9bloquez jeux et \u00e9nigmes pour gagner la partie.<\/p>\n<p><b>Au mus\u00e9e national Picasso<\/b>\u00a0: Partez \u00e0 la d\u00e9couverte de l\u2019oeuvre monumentale de Picasso \u00ab\u00a0La Guerre et la Paix\u00a0\u00bb, plong\u00e9s dans le noir, munis d\u2019une t\u2019une torche\u00a0! de mani\u00e8re originale.<\/p>\n<p><b>VILLENEUVE-LOUBET.<\/b><\/p>\n<p><b>Au mus\u00e9e Escoffier de l\u2019art culinaire,\u00a0<\/b>tous les sens des visiteurs seront sollicit\u00e9s : sentir des ar\u00f4mes, go\u00fbter des saveurs, \u00e9couter des sons \u00e9vocateurs\u2026 autant d\u2019indices pour reconna\u00eetre les plats embl\u00e9matiques du Chef. Chaque visite s\u2019ach\u00e8ve par une rencontre intimiste avec un Chef invit\u00e9, qui r\u00e9alisera en direct une d\u00e9monstration autour d\u2019une de ses recettes.<\/p>\n<p style=\"text-align: left\" align=\"center\">\u00a0 \u00a0 \u00a0 Retrouvez toute\u00a0<b>la programmation d\u00e9taill\u00e9e ici<\/b>\u00a0:<\/p>\n<p style=\"text-align: left\" align=\"center\"><a href=\"https:\/\/cotedazurfrance.fr\/a-faire\/art-et-culture\/mon-week-end-aux-musees\/les-animations\/\" target=\"_blank\" rel=\"noopener\" data-saferedirecturl=\"https:\/\/www.google.com\/url?q=https:\/\/cotedazurfrance.fr\/a-faire\/art-et-culture\/mon-week-end-aux-musees\/les-animations\/&amp;source=gmail&amp;ust=1765699308064000&amp;usg=AOvVaw1XPolS4Tq6lyK3kUuqB_sS\">https:\/\/cotedazurfrance.fr\/a-faire\/art-et-culture\/mon-week-end-aux-musees\/les-animations\/<\/a><\/p>\n","protected":false},"excerpt":{"rendered":"L\u2019\u00e9v\u00e8nement culturel \u00ab Mon Week-end aux Mus\u00e9es ! \u00bb a \u00e9t\u00e9 pr\u00e9sent\u00e9 ce jour au Mus\u00e9e Magnelli, Mus\u00e9e&hellip;\n","protected":false},"author":2,"featured_media":596583,"comment_status":"","ping_status":"","sticky":false,"template":"","format":"standard","meta":{"footnotes":""},"categories":[2819],"tags":[1111,11,1777,674,1011,27,12,2401,882,25],"class_list":{"0":"post-596582","1":"post","2":"type-post","3":"status-publish","4":"format-standard","5":"has-post-thumbnail","7":"category-nice","8":"tag-actu","9":"tag-actualites","10":"tag-eu","11":"tag-europe","12":"tag-fr","13":"tag-france","14":"tag-news","15":"tag-nice","16":"tag-provence-alpes-cote-dazur","17":"tag-republique-francaise"},"share_on_mastodon":{"url":"https:\/\/pubeurope.com\/@fr\/115711508013598246","error":""},"_links":{"self":[{"href":"https:\/\/www.europesays.com\/fr\/wp-json\/wp\/v2\/posts\/596582","targetHints":{"allow":["GET"]}}],"collection":[{"href":"https:\/\/www.europesays.com\/fr\/wp-json\/wp\/v2\/posts"}],"about":[{"href":"https:\/\/www.europesays.com\/fr\/wp-json\/wp\/v2\/types\/post"}],"author":[{"embeddable":true,"href":"https:\/\/www.europesays.com\/fr\/wp-json\/wp\/v2\/users\/2"}],"replies":[{"embeddable":true,"href":"https:\/\/www.europesays.com\/fr\/wp-json\/wp\/v2\/comments?post=596582"}],"version-history":[{"count":0,"href":"https:\/\/www.europesays.com\/fr\/wp-json\/wp\/v2\/posts\/596582\/revisions"}],"wp:featuredmedia":[{"embeddable":true,"href":"https:\/\/www.europesays.com\/fr\/wp-json\/wp\/v2\/media\/596583"}],"wp:attachment":[{"href":"https:\/\/www.europesays.com\/fr\/wp-json\/wp\/v2\/media?parent=596582"}],"wp:term":[{"taxonomy":"category","embeddable":true,"href":"https:\/\/www.europesays.com\/fr\/wp-json\/wp\/v2\/categories?post=596582"},{"taxonomy":"post_tag","embeddable":true,"href":"https:\/\/www.europesays.com\/fr\/wp-json\/wp\/v2\/tags?post=596582"}],"curies":[{"name":"wp","href":"https:\/\/api.w.org\/{rel}","templated":true}]}}