{"id":596585,"date":"2025-12-13T09:18:17","date_gmt":"2025-12-13T09:18:17","guid":{"rendered":"https:\/\/www.europesays.com\/fr\/596585\/"},"modified":"2025-12-13T09:18:17","modified_gmt":"2025-12-13T09:18:17","slug":"nantes-ca-pue-la-ligue-2-il-est-degoute","status":"publish","type":"post","link":"https:\/\/www.europesays.com\/fr\/596585\/","title":{"rendered":"Nantes, \u00e7a pue la Ligue 2, il est d\u00e9go\u00fbt\u00e9"},"content":{"rendered":"<p><b>Ce vendredi soir en <a href=\"https:\/\/www.foot01.com\/ligue1\" title=\"Ligue 1\" target=\"_blank\" rel=\"noopener\">Ligue 1<\/a>, le FC Nantes s&rsquo;est un peu plus enfonc\u00e9 dans la crise suite \u00e0 son revers sur la pelouse d&rsquo;Angers. Anthony Lopes est d&rsquo;ailleurs tr\u00e8s inquiet pour l&rsquo;avenir des Canaris. <\/b>Le FC <a href=\"https:\/\/www.foot01.com\/nantes\/kita-fait-honte-a-nantes-son-depart-exige\" target=\"_self\" rel=\"noopener\">Nantes<\/a> est dans une situation p\u00e9rilleuse en Ligue 1. Les Canaris n&rsquo;auront pas fait le poids contre le SCO d&rsquo;Angers. Une d\u00e9faite 4 buts \u00e0 1 ce vendredi soir qui plonge un peu plus les Nantais dans la crise. Si la saison est encore longue, certains \u00e9l\u00e9ments du FCNA commencent \u00e0 tirer la sonnette d&rsquo;alarme pour pr\u00e9venir joueurs et dirigeants que la Ligue 2 attend le club si rien ne bouge prochainement. C&rsquo;est notamment l&rsquo;avis d&rsquo;Anthony Lopes, constern\u00e9 par la situation actuelle.Lopes est inquiet pour Nantes\u00a0<\/p>\n<p>Au sortir de la gifle re\u00e7ue \u00e0 Angers, l&rsquo;ancien portier de l&rsquo;Olympique Lyonnais a en effet indiqu\u00e9 devant la presse : \u00ab On a fait face \u00e0 une \u00e9quipe qui met les ingr\u00e9dients pour obtenir le maintien. Nous, pas du tout. Quand on joue le maintien, il faut de l\u2019agressivit\u00e9, de l\u2019impact physique. (&#8230;) On doit mettre le pied, envoyer des messages \u00e0 l\u2019adversaire. Il va falloir remporter plus de duels que \u00e7a. C\u2019est une mentalit\u00e9. <\/p>\n<p>Si tu mets de l\u2019impact physique \u00e0 l\u2019entra\u00eenement, il viendra en match, c\u2019est tout. Il faudra arriver avec beaucoup d\u2019autres intentions sur la deuxi\u00e8me partie de saison. Si on continue comme \u00e7a, oui, on ira en Ligue 2. Je ne sais pas si en restant comme \u00e7a va pouvoir le faire, on a besoin de monde. Mais on ne peut pas non plus se cacher derri\u00e8re le mercato \u00bb. <\/p>\n<p>Le FC Nantes va donc vivre des prochaines heures agit\u00e9es. Les fans attendent des grands changements. Ahmed Kantari, qui a pris la suite de Luis Castro, sera notamment attendu au tournant. Dans quelques jours, les Canaris seront oppos\u00e9s \u00e0 Concarneau en Coupe de France. Et attention \u00e0 l&rsquo;accident&#8230;<\/p>\n","protected":false},"excerpt":{"rendered":"Ce vendredi soir en Ligue 1, le FC Nantes s&rsquo;est un peu plus enfonc\u00e9 dans la crise suite&hellip;\n","protected":false},"author":2,"featured_media":596586,"comment_status":"","ping_status":"","sticky":false,"template":"","format":"standard","meta":{"footnotes":""},"categories":[2818],"tags":[1111,11,1777,674,462,1011,27,66,766,12,2636,25],"class_list":{"0":"post-596585","1":"post","2":"type-post","3":"status-publish","4":"format-standard","5":"has-post-thumbnail","7":"category-nantes","8":"tag-actu","9":"tag-actualites","10":"tag-eu","11":"tag-europe","12":"tag-fc-nantes","13":"tag-fr","14":"tag-france","15":"tag-ligue-1","16":"tag-nantes","17":"tag-news","18":"tag-pays-de-la-loire","19":"tag-republique-francaise"},"share_on_mastodon":{"url":"https:\/\/pubeurope.com\/@fr\/115711515377010435","error":""},"_links":{"self":[{"href":"https:\/\/www.europesays.com\/fr\/wp-json\/wp\/v2\/posts\/596585","targetHints":{"allow":["GET"]}}],"collection":[{"href":"https:\/\/www.europesays.com\/fr\/wp-json\/wp\/v2\/posts"}],"about":[{"href":"https:\/\/www.europesays.com\/fr\/wp-json\/wp\/v2\/types\/post"}],"author":[{"embeddable":true,"href":"https:\/\/www.europesays.com\/fr\/wp-json\/wp\/v2\/users\/2"}],"replies":[{"embeddable":true,"href":"https:\/\/www.europesays.com\/fr\/wp-json\/wp\/v2\/comments?post=596585"}],"version-history":[{"count":0,"href":"https:\/\/www.europesays.com\/fr\/wp-json\/wp\/v2\/posts\/596585\/revisions"}],"wp:featuredmedia":[{"embeddable":true,"href":"https:\/\/www.europesays.com\/fr\/wp-json\/wp\/v2\/media\/596586"}],"wp:attachment":[{"href":"https:\/\/www.europesays.com\/fr\/wp-json\/wp\/v2\/media?parent=596585"}],"wp:term":[{"taxonomy":"category","embeddable":true,"href":"https:\/\/www.europesays.com\/fr\/wp-json\/wp\/v2\/categories?post=596585"},{"taxonomy":"post_tag","embeddable":true,"href":"https:\/\/www.europesays.com\/fr\/wp-json\/wp\/v2\/tags?post=596585"}],"curies":[{"name":"wp","href":"https:\/\/api.w.org\/{rel}","templated":true}]}}