{"id":596593,"date":"2025-12-13T09:22:12","date_gmt":"2025-12-13T09:22:12","guid":{"rendered":"https:\/\/www.europesays.com\/fr\/596593\/"},"modified":"2025-12-13T09:22:12","modified_gmt":"2025-12-13T09:22:12","slug":"foot-amateur-objectif-victoire-a-toulouse-pour-lusf","status":"publish","type":"post","link":"https:\/\/www.europesays.com\/fr\/596593\/","title":{"rendered":"Foot amateur\u00a0: objectif victoire \u00e0 Toulouse pour l\u2019USF"},"content":{"rendered":"<p>\n                                                                    l&rsquo;essentiel<br \/>\n                                                                L\u2019USF n\u2019a pas le droit \u00e0 l\u2019erreur ce week-end face \u00e0 Toulouse Lalande Aucamville s\u2019ils veulent conserver leur cinqui\u00e8me place.\n                            <\/p>\n<p>Les Sang et Or se rendent \u00e0 Toulouse Lalande Aucamville (TLA) pour la 10e journ\u00e9e du championnat avec l\u2019espoir de l\u2019emporter et de conforter ainsi leur classement. En effet, l\u2019USF est 5e avec 24 points. Le TLA suit \u00e0 la 6e place avec 16 points, mais avec un match en moins. Il existe peu de marge de man\u0153uvre. Victorieux \u00e0 Jean-No\u00ebl Fond\u00e8re, les Sang et Or aimeraient doubler la mise, bien que les banlieusards toulousains ne se soient inclin\u00e9s en Ari\u00e8ge que par l\u2019\u00e9troit score de 27-22 et en montrant des dispositions int\u00e9ressantes.<\/p>\n<p class=\"std-elt__inline\">\n        <strong>\u00c0 lire aussi :<\/strong><br \/>\n        <a href=\"https:\/\/www.ladepeche.fr\/2025\/12\/11\/foot-le-fc-foix-decoit-a-mazeres-apres-un-beau-debut-de-saison-13101961.php\" target=\"_blank\" rel=\"noopener\">Foot\u00a0: le FC Foix d\u00e9\u00e7oit \u00e0 Maz\u00e8res, apr\u00e8s un beau d\u00e9but de saison<\/a>\n    <\/p>\n<p>Les r\u00e9serves occupent la 6e place du classement, \u00e0 l\u2019inverse du TLA qui tr\u00f4ne dans le haut du tableau \u00e0 la 2e place. Un bon r\u00e9sultat serait salutaire et surtout significatif de la richesse de l\u2019effectif fux\u00e9en qui, malgr\u00e9 les trop nombreux bless\u00e9s, maintient le cap, n\u2019ayant c\u00e9d\u00e9 \u00e0 aucun moment sur sa pelouse lors de la phase aller.<\/p>\n<p class=\"std-elt__inline\">\n        <strong>\u00c0 lire aussi :<\/strong><br \/>\n        <a href=\"https:\/\/www.ladepeche.fr\/2025\/10\/08\/usf-premiere-victoire-face-a-val-xv-12978785.php\" target=\"_blank\" rel=\"noopener\">USF\u00a0: premi\u00e8re victoire face \u00e0 VAL XV<\/a>\n    <\/p>\n<p>PRATIQUE\u00a0:<br \/>R\u00e9serves\u00a0: coup d\u2019envoi \u00e0 14\u00a0h. Arbitre de champ\u00a0: Pierre Ailhas.<br \/>Fanions\u00a0: coup d\u2019envoi \u00e0 15\u00a0h\u00a030. Arbitre de champ\u00a0: Armeline Boissard. Repr\u00e9sentant f\u00e9d\u00e9ral\u00a0: Charles Cabos.<br \/>Stade municipal des Violettes, Chemin de Lespinasse \u00e0 Aucamville.<br \/>PROGRAMME \u2013 Samedi 13\u00a0d\u00e9cembre\u00a0:<br \/>M6-M8\u00a0: Plateau \u00e0 Foix \u00e0 10\u00a0h.<br \/>M10-M12\u00a0: Plateau \u00e0 Tournefeuille \u00e0 9\u00a0h et \u00e0 11\u00a0h.<br \/>Cadets\u00a0: Rencontre \u00e0 Mazamet contre l\u2019\u00e9quipe locale \u00e0 15\u00a0h\u00a030.<br \/>Juniors 1\u00a0: Match \u00e0 Saix (Tarn) contre Sor Agout \u00e0 15\u00a0h.<br \/>Juniors 2\u00a0: Match \u00e0 Foix \u00e0 15\u00a0h\u00a030 contre le rassemblement Ramonville-Montaudran.<\/p>\n","protected":false},"excerpt":{"rendered":"l&rsquo;essentiel L\u2019USF n\u2019a pas le droit \u00e0 l\u2019erreur ce week-end face \u00e0 Toulouse Lalande Aucamville s\u2019ils veulent conserver&hellip;\n","protected":false},"author":2,"featured_media":596594,"comment_status":"","ping_status":"","sticky":false,"template":"","format":"standard","meta":{"footnotes":""},"categories":[2816],"tags":[1111,11,2720,1777,674,69628,63,70912,1011,27,12,2680,25,517,2312],"class_list":{"0":"post-596593","1":"post","2":"type-post","3":"status-publish","4":"format-standard","5":"has-post-thumbnail","7":"category-toulouse","8":"tag-actu","9":"tag-actualites","10":"tag-ariege","11":"tag-eu","12":"tag-europe","13":"tag-foix","14":"tag-football","15":"tag-football-amateurs","16":"tag-fr","17":"tag-france","18":"tag-news","19":"tag-occitanie","20":"tag-republique-francaise","21":"tag-sport","22":"tag-toulouse"},"share_on_mastodon":{"url":"https:\/\/pubeurope.com\/@fr\/115711531138081102","error":""},"_links":{"self":[{"href":"https:\/\/www.europesays.com\/fr\/wp-json\/wp\/v2\/posts\/596593","targetHints":{"allow":["GET"]}}],"collection":[{"href":"https:\/\/www.europesays.com\/fr\/wp-json\/wp\/v2\/posts"}],"about":[{"href":"https:\/\/www.europesays.com\/fr\/wp-json\/wp\/v2\/types\/post"}],"author":[{"embeddable":true,"href":"https:\/\/www.europesays.com\/fr\/wp-json\/wp\/v2\/users\/2"}],"replies":[{"embeddable":true,"href":"https:\/\/www.europesays.com\/fr\/wp-json\/wp\/v2\/comments?post=596593"}],"version-history":[{"count":0,"href":"https:\/\/www.europesays.com\/fr\/wp-json\/wp\/v2\/posts\/596593\/revisions"}],"wp:featuredmedia":[{"embeddable":true,"href":"https:\/\/www.europesays.com\/fr\/wp-json\/wp\/v2\/media\/596594"}],"wp:attachment":[{"href":"https:\/\/www.europesays.com\/fr\/wp-json\/wp\/v2\/media?parent=596593"}],"wp:term":[{"taxonomy":"category","embeddable":true,"href":"https:\/\/www.europesays.com\/fr\/wp-json\/wp\/v2\/categories?post=596593"},{"taxonomy":"post_tag","embeddable":true,"href":"https:\/\/www.europesays.com\/fr\/wp-json\/wp\/v2\/tags?post=596593"}],"curies":[{"name":"wp","href":"https:\/\/api.w.org\/{rel}","templated":true}]}}