{"id":596595,"date":"2025-12-13T09:23:16","date_gmt":"2025-12-13T09:23:16","guid":{"rendered":"https:\/\/www.europesays.com\/fr\/596595\/"},"modified":"2025-12-13T09:23:16","modified_gmt":"2025-12-13T09:23:16","slug":"de-wambrechies-a-lille-rencontrez-le-pere-noel-a-bord-dun-bateau-ce-dimanche","status":"publish","type":"post","link":"https:\/\/www.europesays.com\/fr\/596595\/","title":{"rendered":"De Wambrechies \u00e0 Lille. Rencontrez le P\u00e8re No\u00ebl \u00e0 bord d&rsquo;un bateau ce dimanche"},"content":{"rendered":"<p>                    Par<br \/>\n        <strong><br \/>\n            <a href=\"https:\/\/actu.fr\/auteur\/hervine-mahaud\" title=\"Consulter tous les articles de Hervine Mahaud\" target=\"_blank\" rel=\"noopener\">Hervine Mahaud<\/a><br \/>\n                    <\/strong><\/p>\n<p>        Publi\u00e9 le<\/p>\n<p>            13 d\u00e9c. 2025 \u00e0 9h53        <\/p>\n<p>Et si, cette ann\u00e9e, le <b>P\u00e8re No\u00ebl<\/b> troquait son tra\u00eeneau volant contre un bateau ? Le <b>dimanche 14 d\u00e9cembre 2025<\/b>, un \u00e9v\u00e9nement aussi original que solidaire prendra place sur la <b>De\u00fble<\/b>, de Wambrechies \u00e0 Lille, \u00e0 l\u2019initiative du <b>Moussaillon<\/b>, bateau-promenade lillois. Baptis\u00e9 <b>Le Tra\u00eeneau Flottant du P\u00e8re No\u00ebl<\/b>, ce rendez-vous gratuit et ouvert \u00e0 toutes les familles de la m\u00e9tropole m\u00eale magie de No\u00ebl, rencontres f\u00e9eriques et <b>collecte de jouets<\/b> pour les enfants d\u00e9favoris\u00e9s du Nord.\u00a0<\/p>\n<p>Un P\u00e8re No\u00ebl itin\u00e9rant, au fil de l\u2019eau<\/p>\n<p class=\" wall-content\">Tout au long de la journ\u00e9e, le P\u00e8re No\u00ebl et sa joyeuse troupe de lutins navigueront entre <b>Wambrechies, Marquette-lez-Lille, Lambersart et Lille<\/b>, \u00e0 bord du Moussaillon sp\u00e9cialement d\u00e9cor\u00e9 pour l\u2019occasion. \u00c0 chaque escale, petits et grands pourront venir \u00e0 sa rencontre, prendre des photos, \u00e9changer quelques mots\u2026 et repartir avec des bonbons.<\/p>\n<p class=\" wall-content\">Entre deux arr\u00eats, le bateau restera visible depuis les berges, permettant aux familles de saluer le P\u00e8re No\u00ebl depuis les quais et de profiter du spectacle.<\/p>\n<p>    <a href=\"https:\/\/www.facebook.com\/plugins\/post.php?href=https%3A%2F%2Fwww.facebook.com%2Fpermalink.php%3Fstory_fbid%3Dpfbid0n6HFiYBMGF6bijhhbxM1TmKUUmEiuUVT5e9uXv7KesVGgjK5RJqNWAw9VP9KTCCjl%26id%3D61561527067566&amp;show_text=true&amp;width=350\" title=\"Ouvrie le lien\" target=\"_blank\" rel=\"noopener\">Cliquez ici pour visualiser le contenu<\/a><\/p>\n<p class=\" wall-content\">Voici le parcours du Tra\u00eeneau Flottant au fil de la journ\u00e9e :<\/p>\n<ul class=\" wall-content\">\n<li>10h \u2013 11h30 : Port de plaisance de Wambrechies<\/li>\n<li>12h30 \u2013 14h : Marquette-Lez-Lille<\/li>\n<li>15h30 \u2013 17h : Lambersart<\/li>\n<li>17h30 \u2013 19h : Lille Gare d\u2019eau\u00a0<\/li>\n<\/ul>\n<p>Une collecte de jouets pour une cause locale<\/p>\n<p class=\" wall-content\">Au c\u0153ur de l\u2019\u00e9v\u00e9nement, une <b>collecte de jouets neufs<\/b>, d\u2019une valeur comprise entre <b>7 et 15 euros<\/b>, sera organis\u00e9e au profit de l\u2019association <b>C\u0153urs du Nord<\/b>. Chaque rencontre avec le P\u00e8re No\u00ebl sera ainsi l\u2019occasion de d\u00e9poser un cadeau, qui sera ensuite distribu\u00e9 \u00e0 des enfants d\u00e9favoris\u00e9s du d\u00e9partement.<\/p>\n<p>Votre r\u00e9gion, votre actu !<\/p>\n<p>Recevez chaque jour les infos qui comptent pour vous.<\/p>\n<p>\t<a href=\"https:\/\/actu.fr\/newsletter\" class=\"ac-btn ac-btn--corner ac-btn--medium ac-btn--blue800\" target=\"_blank\" rel=\"noopener\">S&rsquo;incrire<\/a><\/p>\n<p class=\" wall-content\">L\u2019objectif est clair : offrir \u00e0 la fois un moment f\u00e9erique au public et un soutien concret \u00e0 une association locale engag\u00e9e aupr\u00e8s des plus fragiles pendant les f\u00eates de fin d\u2019ann\u00e9e.<\/p>\n<p>    <a href=\"https:\/\/www.facebook.com\/plugins\/post.php?href=https%3A%2F%2Fwww.facebook.com%2Fpermalink.php%3Fstory_fbid%3Dpfbid0grMDNWkZcPH2ShDGwf435UX2UVzLhqZZfku2Nmbcer3JTLFgstYFGLQYJx3p1W2Hl%26id%3D61561527067566&amp;show_text=true&amp;width=350\" title=\"Ouvrie le lien\" target=\"_blank\" rel=\"noopener\">Cliquez ici pour visualiser le contenu<\/a><\/p>\n<p class=\" wall-content\">Au-del\u00e0 de la collecte, le Tra\u00eeneau Flottant du P\u00e8re No\u00ebl entend aussi valoriser le <b>tourisme fluvial<\/b>, dynamiser les <b>berges de la De\u00fble<\/b> et mettre en lumi\u00e8re l\u2019engagement solidaire de la m\u00e9tropole lilloise. Un projet pens\u00e9 comme un moment de partage, accessible \u00e0 tous, et port\u00e9 par des acteurs locaux d\u00e9sireux de faire vivre la magie de No\u00ebl autrement.<\/p>\n<p class=\" wall-content\">Personnalisez votre actualit\u00e9 en ajoutant vos villes et m\u00e9dias en favori avec <a href=\"https:\/\/moncompte.actu.fr\" title=\"D\u00e9couvez Mon Actu\" rel=\"nofollow noopener\" data-trk=\"{&quot;cta&quot;:{&quot;action&quot;:&quot;https:\\\/\\\/moncompte.actu.fr&quot;,&quot;category&quot;:&quot;mon compte&quot;,&quot;from&quot;:&quot;article footer&quot;,&quot;name&quot;:&quot;Mon actu&quot;,&quot;type&quot;:&quot;cta&quot;}}\" target=\"_blank\">Mon Actu<\/a>.<\/p>\n","protected":false},"excerpt":{"rendered":"Par Hervine Mahaud Publi\u00e9 le 13 d\u00e9c. 2025 \u00e0 9h53 Et si, cette ann\u00e9e, le P\u00e8re No\u00ebl troquait&hellip;\n","protected":false},"author":2,"featured_media":596596,"comment_status":"","ping_status":"","sticky":false,"template":"","format":"standard","meta":{"footnotes":""},"categories":[2815],"tags":[1111,11,1719,1777,674,1011,27,811,1307,1652,12,15830,25,3400],"class_list":{"0":"post-596595","1":"post","2":"type-post","3":"status-publish","4":"format-standard","5":"has-post-thumbnail","7":"category-lille","8":"tag-actu","9":"tag-actualites","10":"tag-enfants","11":"tag-eu","12":"tag-europe","13":"tag-fr","14":"tag-france","15":"tag-hauts-de-france","16":"tag-lille","17":"tag-loisirs-culture","18":"tag-news","19":"tag-noel","20":"tag-republique-francaise","21":"tag-solidarite"},"share_on_mastodon":{"url":"https:\/\/pubeurope.com\/@fr\/115711535065206580","error":""},"_links":{"self":[{"href":"https:\/\/www.europesays.com\/fr\/wp-json\/wp\/v2\/posts\/596595","targetHints":{"allow":["GET"]}}],"collection":[{"href":"https:\/\/www.europesays.com\/fr\/wp-json\/wp\/v2\/posts"}],"about":[{"href":"https:\/\/www.europesays.com\/fr\/wp-json\/wp\/v2\/types\/post"}],"author":[{"embeddable":true,"href":"https:\/\/www.europesays.com\/fr\/wp-json\/wp\/v2\/users\/2"}],"replies":[{"embeddable":true,"href":"https:\/\/www.europesays.com\/fr\/wp-json\/wp\/v2\/comments?post=596595"}],"version-history":[{"count":0,"href":"https:\/\/www.europesays.com\/fr\/wp-json\/wp\/v2\/posts\/596595\/revisions"}],"wp:featuredmedia":[{"embeddable":true,"href":"https:\/\/www.europesays.com\/fr\/wp-json\/wp\/v2\/media\/596596"}],"wp:attachment":[{"href":"https:\/\/www.europesays.com\/fr\/wp-json\/wp\/v2\/media?parent=596595"}],"wp:term":[{"taxonomy":"category","embeddable":true,"href":"https:\/\/www.europesays.com\/fr\/wp-json\/wp\/v2\/categories?post=596595"},{"taxonomy":"post_tag","embeddable":true,"href":"https:\/\/www.europesays.com\/fr\/wp-json\/wp\/v2\/tags?post=596595"}],"curies":[{"name":"wp","href":"https:\/\/api.w.org\/{rel}","templated":true}]}}