{"id":596601,"date":"2025-12-13T09:27:25","date_gmt":"2025-12-13T09:27:25","guid":{"rendered":"https:\/\/www.europesays.com\/fr\/596601\/"},"modified":"2025-12-13T09:27:25","modified_gmt":"2025-12-13T09:27:25","slug":"sur-les-points-de-deal-a-marseille-des-ados-traites-comme-des-esclaves-modernes","status":"publish","type":"post","link":"https:\/\/www.europesays.com\/fr\/596601\/","title":{"rendered":"Sur les points de deal \u00e0 Marseille, des ados trait\u00e9s comme des \u00ab\u00a0esclaves modernes\u00a0\u00bb"},"content":{"rendered":"<p>\u00ab\u00a0On a souvent des mineurs violent\u00e9s tr\u00e8s gravement, s\u00e9questr\u00e9s, mis \u00e0 l&rsquo;amende, qui n&rsquo;arrivent plus \u00e0 sortir des r\u00e9seaux\u00a0\u00bb mais \u00ab\u00a0c&rsquo;est l&rsquo;omerta, on ne d\u00e9nonce pas\u00a0\u00bb, explique \u00e0 l&rsquo;AFP le procureur de Marseille, Nicolas Bessone, qui n&rsquo;h\u00e9site pas d\u00e9sormais \u00e0 parler de traite d&rsquo;\u00eatres humains.<\/p>\n<p><img alt=\"Vue des quartiers nord de Marseille et de la basilique Notre-Dame de la Garde, le 9 d\u00e9cembre 2025\" loading=\"lazy\" decoding=\"async\" data-nimg=\"fill\" class=\" TwicCore_img__i9TC1 undefined  undefined\" style=\"position:absolute;height:100%;width:100%;left:0;top:0;right:0;bottom:0;color:transparent;background-size:cover;background-position:50% 50%;background-repeat:no-repeat;background-image:url(&quot;data:image\/svg+xml;charset=utf-8,%3Csvg xmlns='http:\/\/www.w3.org\/2000\/svg' %3E%3Cfilter id='b' color-interpolation-filters='sRGB'%3E%3CfeGaussianBlur stdDeviation='20'\/%3E%3CfeColorMatrix values='1 0 0 0 0 0 1 0 0 0 0 0 1 0 0 0 0 0 100 -1' result='s'\/%3E%3CfeFlood x='0' y='0' width='100%25' height='100%25'\/%3E%3CfeComposite operator='out' in='s'\/%3E%3CfeComposite in2='SourceGraphic'\/%3E%3CfeGaussianBlur stdDeviation='20'\/%3E%3C\/filter%3E%3Cimage width='100%25' height='100%25' x='0' y='0' preserveAspectRatio='none' style='filter: url(%23b);' href='https:\/\/pictures.laprovence.com\/cdn-cgi\/image\/blur=250\/media\/afp\/0a40da8526ba63b6cc1ee006fb112d886736a4c9.jpg'\/%3E%3C\/svg%3E&quot;)\"   src=\"https:\/\/www.europesays.com\/fr\/wp-content\/uploads\/2025\/12\/0a40da8526ba63b6cc1ee006fb112d886736a4c9.jpg\"\/>Vue des quartiers nord de Marseille et de la basilique Notre-Dame de la Garde, le 9 d\u00e9cembre 2025 PHOTO AFP \/ Thibaud MORITZ<\/p>\n<p>Les autorit\u00e9s ne savent pas quoi faire pour endiguer ce ph\u00e9nom\u00e8ne apparu peu avant le Covid. Des centaines d&rsquo;adolescents, souvent en rupture familiale, \u00ab\u00a0jobbent\u00a0\u00bb \u00e0 Marseille, recrut\u00e9s sur les r\u00e9seaux sociaux. Certains viennent d&rsquo;ailleurs et les autorit\u00e9s ont m\u00eame parl\u00e9 de \u00ab\u00a0narcotourisme\u00a0\u00bb. <\/p>\n<p>\u00ab\u00a0On fait croire que c&rsquo;est le job de r\u00eave mais 100 euros pour guetter de 10H \u00e0 minuit, au taux horaire, c&rsquo;est de l&rsquo;exploitation\u00a0\u00bb, remarque une actrice associative qui souhaite rester anonyme tant la peur r\u00e8gne depuis l&rsquo;assassinat mi-novembre de Mehdi Kessaci, tu\u00e9 sans doute pour faire taire son fr\u00e8re Amine, militant anti-drogue.<\/p>\n<p>Pour Hakim*, descendu de r\u00e9gion parisienne fin 2020, les choses ont vite mal tourn\u00e9. C&rsquo;est l&rsquo;un des rares cas qui a donn\u00e9 lieu \u00e0 des poursuites, car les victimes ne portent presque jamais plainte.<\/p>\n<p><img alt=\"Des gendarmes \u00e0 la recherche d'un suspect dans la cit\u00e9 des Olivier \u00e0 Marseille, le 9 d\u00e9cembre 2025\" loading=\"lazy\" decoding=\"async\" data-nimg=\"fill\" class=\" TwicCore_img__i9TC1 undefined  undefined\" style=\"position:absolute;height:100%;width:100%;left:0;top:0;right:0;bottom:0;color:transparent;background-size:cover;background-position:50% 50%;background-repeat:no-repeat;background-image:url(&quot;data:image\/svg+xml;charset=utf-8,%3Csvg xmlns='http:\/\/www.w3.org\/2000\/svg' %3E%3Cfilter id='b' color-interpolation-filters='sRGB'%3E%3CfeGaussianBlur stdDeviation='20'\/%3E%3CfeColorMatrix values='1 0 0 0 0 0 1 0 0 0 0 0 1 0 0 0 0 0 100 -1' result='s'\/%3E%3CfeFlood x='0' y='0' width='100%25' height='100%25'\/%3E%3CfeComposite operator='out' in='s'\/%3E%3CfeComposite in2='SourceGraphic'\/%3E%3CfeGaussianBlur stdDeviation='20'\/%3E%3C\/filter%3E%3Cimage width='100%25' height='100%25' x='0' y='0' preserveAspectRatio='none' style='filter: url(%23b);' href='https:\/\/pictures.laprovence.com\/cdn-cgi\/image\/blur=250\/media\/afp\/fce7a6b133448f572a96517802346575eb25852c.jpg'\/%3E%3C\/svg%3E&quot;)\"   src=\"https:\/\/www.europesays.com\/fr\/wp-content\/uploads\/2025\/12\/fce7a6b133448f572a96517802346575eb25852c.jpg\"\/>Des gendarmes \u00e0 la recherche d&rsquo;un suspect dans la cit\u00e9 des Olivier \u00e0 Marseille, le 9 d\u00e9cembre 2025 PHOTO AFP \/ Thibaud MORITZ<\/p>\n<p>Quelques jours \u00e0 peine apr\u00e8s son arriv\u00e9e, il se jette sur des policiers en patrouille cit\u00e9 de la Busserine, les suppliant de le sortir de l\u00e0. Cet adolescent alors \u00e2g\u00e9 de 15 ans est certes venu de son plein gr\u00e9 dans la deuxi\u00e8me ville de France mais tr\u00e8s vite on lui prend son t\u00e9l\u00e9phone, on l&rsquo;oblige \u00e0 dormir chez une logeuse \u00ab\u00a0\u00e9norm\u00e9ment radine\u00a0\u00bb: un bol d&rsquo;eau pour se laver et un cookie \u00e0 partager avec un partenaire d&rsquo;infortune, raconte-t-il aux enqu\u00eateurs.<\/p>\n<p><img alt=\"Le procureur de Marseille Nicolas Bessone, le 20 juin 2025 dans son bureau \u00e0 Marseille\" loading=\"lazy\" decoding=\"async\" data-nimg=\"fill\" class=\" TwicCore_img__i9TC1 undefined  undefined\" style=\"position:absolute;height:100%;width:100%;left:0;top:0;right:0;bottom:0;color:transparent;background-size:cover;background-position:50% 50%;background-repeat:no-repeat;background-image:url(&quot;data:image\/svg+xml;charset=utf-8,%3Csvg xmlns='http:\/\/www.w3.org\/2000\/svg' %3E%3Cfilter id='b' color-interpolation-filters='sRGB'%3E%3CfeGaussianBlur stdDeviation='20'\/%3E%3CfeColorMatrix values='1 0 0 0 0 0 1 0 0 0 0 0 1 0 0 0 0 0 100 -1' result='s'\/%3E%3CfeFlood x='0' y='0' width='100%25' height='100%25'\/%3E%3CfeComposite operator='out' in='s'\/%3E%3CfeComposite in2='SourceGraphic'\/%3E%3CfeGaussianBlur stdDeviation='20'\/%3E%3C\/filter%3E%3Cimage width='100%25' height='100%25' x='0' y='0' preserveAspectRatio='none' style='filter: url(%23b);' href='https:\/\/pictures.laprovence.com\/cdn-cgi\/image\/blur=250\/media\/afp\/afa519a34950379bcc6206c55432bc0b1651fc5d.jpg'\/%3E%3C\/svg%3E&quot;)\"   src=\"https:\/\/www.europesays.com\/fr\/wp-content\/uploads\/2025\/12\/afa519a34950379bcc6206c55432bc0b1651fc5d.jpg\"\/>Le procureur de Marseille Nicolas Bessone, le 20 juin 2025 dans son bureau \u00e0 Marseille PHOTO AFP \/ Miguel MEDINA<\/p>\n<p>Il fait le guetteur et doit crier \u00ab\u00a0ara\u00a0\u00bb \u00e0 l&rsquo;arriv\u00e9e de la police. On lui reproche d&rsquo;avoir rat\u00e9 une alerte, c&rsquo;est le d\u00e9but d&rsquo;un d\u00e9ferlement de violences. Et le g\u00e9rant du point de deal, \u00e0 peine plus \u00e2g\u00e9, un surnomm\u00e9 Loose D dont il ne connaissait pas le vrai nom, une garantie en cas d&rsquo;interpellation, lui lance sous la menace d&rsquo;un couteau: \u00ab\u00a0Qu&rsquo;est-ce que tu serais pr\u00eat \u00e0 faire pour rester en vie ? Est-ce que tu serais pr\u00eat \u00e0 me sucer ?\u00a0\u00bb. Il est viol\u00e9, on lui fait croire qu&rsquo;il est film\u00e9 pour qu&rsquo;il se taise.<\/p>\n<p>&#8211; des \u00ab\u00a0mouchoirs jetables\u00a0\u00bb &#8211;<\/p>\n<p>D\u00e9but f\u00e9vrier une affaire similaire sera jug\u00e9e aux assises des Bouches-du-Rh\u00f4ne. Les faits se passent cette fois dans la cit\u00e9 de Frais-Vallon en 2022: deux minots \u00e0 qui on invente \u00ab\u00a0un trou\u00a0\u00bb dans la caisse de 500 euros.<\/p>\n<p>Dans les pochons de drogue qu&rsquo;ils remettent aux clients, ils glissent des petits papiers: \u00ab\u00a0bonjour, on est s\u00e9questr\u00e9 pour le r\u00e9seau. SVP appelle la police il nous oblige a vendre gratuit depuis 1 mois et nous tabasse avec des bare. SVP appelle la police on a besoin d&rsquo;aide (on a 15 ans)\u00a0\u00bb (sic).<\/p>\n<p>Ils finiront par sauter du 2e \u00e9tage de l&rsquo;appartement o\u00f9 ils \u00e9taient retenus et les pompiers les r\u00e9cup\u00e9reront gr\u00e2ce \u00e0 l&rsquo;appel d&rsquo;un passant.<\/p>\n<p><img alt=\"Des gendarmes en patrouille dans la r\u00e9sidence &quot;Les Rosiers&quot; lors d'une op\u00e9ration antidrogue dans le quartier Sainte Marthe, \u00e0 Marseille, le 9 d\u00e9cembre 2025\" loading=\"lazy\" decoding=\"async\" data-nimg=\"fill\" class=\" TwicCore_img__i9TC1 undefined  undefined\" style=\"position:absolute;height:100%;width:100%;left:0;top:0;right:0;bottom:0;color:transparent;background-size:cover;background-position:50% 50%;background-repeat:no-repeat;background-image:url(&quot;data:image\/svg+xml;charset=utf-8,%3Csvg xmlns='http:\/\/www.w3.org\/2000\/svg' %3E%3Cfilter id='b' color-interpolation-filters='sRGB'%3E%3CfeGaussianBlur stdDeviation='20'\/%3E%3CfeColorMatrix values='1 0 0 0 0 0 1 0 0 0 0 0 1 0 0 0 0 0 100 -1' result='s'\/%3E%3CfeFlood x='0' y='0' width='100%25' height='100%25'\/%3E%3CfeComposite operator='out' in='s'\/%3E%3CfeComposite in2='SourceGraphic'\/%3E%3CfeGaussianBlur stdDeviation='20'\/%3E%3C\/filter%3E%3Cimage width='100%25' height='100%25' x='0' y='0' preserveAspectRatio='none' style='filter: url(%23b);' href='https:\/\/pictures.laprovence.com\/cdn-cgi\/image\/blur=250\/media\/afp\/d4dad3d4db7d2a58c71ff1b3d889f8162be5da33.jpg'\/%3E%3C\/svg%3E&quot;)\"   src=\"https:\/\/www.europesays.com\/fr\/wp-content\/uploads\/2025\/12\/d4dad3d4db7d2a58c71ff1b3d889f8162be5da33.jpg\"\/>Des gendarmes en patrouille dans la r\u00e9sidence \u00ab\u00a0Les Rosiers\u00a0\u00bb lors d&rsquo;une op\u00e9ration antidrogue dans le quartier Sainte Marthe, \u00e0 Marseille, le 9 d\u00e9cembre 2025 PHOTO AFP \/ Miguel MEDINA<\/p>\n<p>Cette brutalit\u00e9 commence d\u00e9sormais \u00e0 d\u00e9border sur des fratries: \u00ab\u00a0si d&rsquo;aventure, le fr\u00e8re ne rembourse pas ou ne jobbe pas assez, le petit fr\u00e8re ou la petite soeur est mis \u00e0 contribution, elle est viol\u00e9e pour rembourser\u00a0\u00bb, t\u00e9moigne un directeur d&rsquo;un \u00e9tablissement accueillant des mineurs d\u00e9linquants. <\/p>\n<p>Il confirme: ils ne portent jamais plainte par peur des repr\u00e9sailles et parce qu&rsquo;on ne \u00ab\u00a0balance\u00a0\u00bb pas.<\/p>\n<p>Les dossiers se ressemblent et face \u00e0 ce ph\u00e9nom\u00e8ne, o\u00f9 les tortionnaires ont parfois eux-m\u00eames subi des s\u00e9vices, la justice est en train d&rsquo;op\u00e9rer un changement d&rsquo;approche significatif.<\/p>\n<p><img alt=\"Des policiers de la BST14, brigades sp\u00e9cialis\u00e9es de terrain, lors d'une op\u00e9ration dans la cit\u00e9 des Olivier \u00e0 Marseille, le 9 d\u00e9cembre 2025\" loading=\"lazy\" decoding=\"async\" data-nimg=\"fill\" class=\" TwicCore_img__i9TC1 undefined  undefined\" style=\"position:absolute;height:100%;width:100%;left:0;top:0;right:0;bottom:0;color:transparent;background-size:cover;background-position:50% 50%;background-repeat:no-repeat;background-image:url(&quot;data:image\/svg+xml;charset=utf-8,%3Csvg xmlns='http:\/\/www.w3.org\/2000\/svg' %3E%3Cfilter id='b' color-interpolation-filters='sRGB'%3E%3CfeGaussianBlur stdDeviation='20'\/%3E%3CfeColorMatrix values='1 0 0 0 0 0 1 0 0 0 0 0 1 0 0 0 0 0 100 -1' result='s'\/%3E%3CfeFlood x='0' y='0' width='100%25' height='100%25'\/%3E%3CfeComposite operator='out' in='s'\/%3E%3CfeComposite in2='SourceGraphic'\/%3E%3CfeGaussianBlur stdDeviation='20'\/%3E%3C\/filter%3E%3Cimage width='100%25' height='100%25' x='0' y='0' preserveAspectRatio='none' style='filter: url(%23b);' href='https:\/\/pictures.laprovence.com\/cdn-cgi\/image\/blur=250\/media\/afp\/2cdff5d6594d9e5db8876f2d28812b52b7fafab4.jpg'\/%3E%3C\/svg%3E&quot;)\"   src=\"https:\/\/www.europesays.com\/fr\/wp-content\/uploads\/2025\/12\/2cdff5d6594d9e5db8876f2d28812b52b7fafab4.jpg\"\/>Des policiers de la BST14, brigades sp\u00e9cialis\u00e9es de terrain, lors d&rsquo;une op\u00e9ration dans la cit\u00e9 des Olivier \u00e0 Marseille, le 9 d\u00e9cembre 2025 PHOTO AFP \/ Thibaud MORITZ<\/p>\n<p>\u00ab\u00a0Quand nous sommes arriv\u00e9s en 2023, c&rsquo;\u00e9tait en pleine guerre de gangs entre les clans Yoda et DZ Mafia. Et nous avons fait imm\u00e9diatement le constat qu&rsquo;on avait \u00e9norm\u00e9ment de mineurs d\u00e9c\u00e9d\u00e9s, gravement bless\u00e9s. C&rsquo;\u00e9tait eux qui \u00e9taient au front, ils \u00e9taient compl\u00e8tement interchangeables, des mouchoirs jetables. Ils arrivaient volontairement en disant +je vais rentrer dans un r\u00e9seau+, et puis, tr\u00e8s vite, ils d\u00e9chantaient, puisqu&rsquo;ils \u00e9taient vraiment trait\u00e9s comme des esclaves\u00a0\u00bb, explique Isabelle Fort, qui pilote le p\u00f4le criminalit\u00e9 organis\u00e9e au parquet de Marseille.<\/p>\n<p>C&rsquo;est une juge pour enfants aujourd&rsquo;hui \u00e0 la retraite, Laurence Bellon, qui a commenc\u00e9 \u00e0 parler de traite d&rsquo;\u00eatres humains. \u00ab\u00a0Ces adolescents sont coinc\u00e9s dans un processus de r\u00e9p\u00e9tition que l&rsquo;on aborde aujourd&rsquo;hui uniquement sous l&rsquo;angle de la r\u00e9cidive alors qu&rsquo;il s&rsquo;agit aussi d&#8217;emprise et de soumission \u00e0 des r\u00e9seaux tr\u00e8s violents\u00a0\u00bb, expliquait-t-elle \u00e0 l&rsquo;AFP en 2023.<\/p>\n<p>Habituellement, la traite d&rsquo;\u00eatres humains est r\u00e9serv\u00e9e aux dossiers de prox\u00e9n\u00e9tisme ou de mendicit\u00e9 forc\u00e9e. Parler de criminalit\u00e9 forc\u00e9e est totalement in\u00e9dit en France et cette approche bouscule, divise, mais finit par cheminer.<\/p>\n<p><img alt=\"Des policiers de la BST14, brigades sp\u00e9cialis\u00e9es de terrain, lors d'une op\u00e9ration dans la cit\u00e9 des Olivier \u00e0 Marseille, le 9 d\u00e9cembre 2025\" loading=\"lazy\" decoding=\"async\" data-nimg=\"fill\" class=\" TwicCore_img__i9TC1 undefined  undefined\" style=\"position:absolute;height:100%;width:100%;left:0;top:0;right:0;bottom:0;color:transparent;background-size:cover;background-position:50% 50%;background-repeat:no-repeat;background-image:url(&quot;data:image\/svg+xml;charset=utf-8,%3Csvg xmlns='http:\/\/www.w3.org\/2000\/svg' %3E%3Cfilter id='b' color-interpolation-filters='sRGB'%3E%3CfeGaussianBlur stdDeviation='20'\/%3E%3CfeColorMatrix values='1 0 0 0 0 0 1 0 0 0 0 0 1 0 0 0 0 0 100 -1' result='s'\/%3E%3CfeFlood x='0' y='0' width='100%25' height='100%25'\/%3E%3CfeComposite operator='out' in='s'\/%3E%3CfeComposite in2='SourceGraphic'\/%3E%3CfeGaussianBlur stdDeviation='20'\/%3E%3C\/filter%3E%3Cimage width='100%25' height='100%25' x='0' y='0' preserveAspectRatio='none' style='filter: url(%23b);' href='https:\/\/pictures.laprovence.com\/cdn-cgi\/image\/blur=250\/media\/afp\/7af417c94f990131b160b5fa6e3869c2607acfe6.jpg'\/%3E%3C\/svg%3E&quot;)\"   src=\"https:\/\/www.europesays.com\/fr\/wp-content\/uploads\/2025\/12\/7af417c94f990131b160b5fa6e3869c2607acfe6.jpg\"\/>Des policiers de la BST14, brigades sp\u00e9cialis\u00e9es de terrain, lors d&rsquo;une op\u00e9ration dans la cit\u00e9 des Olivier \u00e0 Marseille, le 9 d\u00e9cembre 2025 PHOTO AFP \/ Thibaud MORITZ<\/p>\n<p>L&rsquo;Unicef a pouss\u00e9 un cri d&rsquo;alerte en juillet, soulignant qu&rsquo;il est \u00ab\u00a0en contradiction avec le droit international que les enfants victimes d&rsquo;exploitation criminelle fassent encore l&rsquo;objet de poursuites et de sanctions p\u00e9nales en France au lieu d&rsquo;\u00eatre consid\u00e9r\u00e9s et pris en charge comme des victimes\u00a0\u00bb.<\/p>\n<p>En Belgique ou au Royaume-Uni des lois r\u00e9centes \u00e9tablissent \u00ab\u00a0que les victimes de la traite ne doivent pas \u00eatre punies pour des infractions commises sous contrainte\u00a0\u00bb, souligne l&rsquo;organisme onusien.<\/p>\n<p>&#8211; D&rsquo;abord auteur ou victime ? &#8211;<\/p>\n<p>La France commence \u00e0 avancer sur ce sujet. En janvier, le ministre de la Justice G\u00e9rald Darmanin pr\u00e9conisait lui-m\u00eame dans une circulaire d'\u00a0\u00bbenvisager le traitement des proc\u00e9dures sous l&rsquo;angle de la r\u00e9pression de la traite des \u00eatres humains\u00a0\u00bb.<\/p>\n<p><img alt=\"Un policier proc\u00e8de \u00e0 la fouille d'un homme lors d'une op\u00e9ration antidrogue dans la cit\u00e9 Font-Vert, dans les quartiers nord de Marseille, le 9 d\u00e9cembre 2025\" loading=\"lazy\" decoding=\"async\" data-nimg=\"fill\" class=\" TwicCore_img__i9TC1 undefined  undefined\" style=\"position:absolute;height:100%;width:100%;left:0;top:0;right:0;bottom:0;color:transparent;background-size:cover;background-position:50% 50%;background-repeat:no-repeat;background-image:url(&quot;data:image\/svg+xml;charset=utf-8,%3Csvg xmlns='http:\/\/www.w3.org\/2000\/svg' %3E%3Cfilter id='b' color-interpolation-filters='sRGB'%3E%3CfeGaussianBlur stdDeviation='20'\/%3E%3CfeColorMatrix values='1 0 0 0 0 0 1 0 0 0 0 0 1 0 0 0 0 0 100 -1' result='s'\/%3E%3CfeFlood x='0' y='0' width='100%25' height='100%25'\/%3E%3CfeComposite operator='out' in='s'\/%3E%3CfeComposite in2='SourceGraphic'\/%3E%3CfeGaussianBlur stdDeviation='20'\/%3E%3C\/filter%3E%3Cimage width='100%25' height='100%25' x='0' y='0' preserveAspectRatio='none' style='filter: url(%23b);' href='https:\/\/pictures.laprovence.com\/cdn-cgi\/image\/blur=250\/media\/afp\/dfa9391f1d87988ba487593c4902c2ad31639d82.jpg'\/%3E%3C\/svg%3E&quot;)\"   src=\"https:\/\/www.europesays.com\/fr\/wp-content\/uploads\/2025\/12\/dfa9391f1d87988ba487593c4902c2ad31639d82.jpg\"\/>Un policier proc\u00e8de \u00e0 la fouille d&rsquo;un homme lors d&rsquo;une op\u00e9ration antidrogue dans la cit\u00e9 Font-Vert, dans les quartiers nord de Marseille, le 9 d\u00e9cembre 2025 PHOTO AFP \/ Miguel MEDINA<\/p>\n<p>Le parquet de Marseille a donc ouvert une dizaine d&rsquo;enqu\u00eates comportant un volet traite d&rsquo;\u00eatres humains sur des r\u00e9seaux de trafiquants, annonce-t-il \u00e0 l&rsquo;AFP. <\/p>\n<p>\u00ab\u00a0Il y a un travail de changement de paradigme pour tout le monde, mais sans tomber dans l&rsquo;exc\u00e8s inverse de d\u00e9responsabiliser compl\u00e8tement les jeunes qui viendraient au soleil de Marseille parce qu&rsquo;on paye mieux qu&rsquo;ailleurs\u00a0\u00bb, insiste C\u00e9line Raignault, procureure-adjointe, en charge de la division Mineurs-Famille.<\/p>\n<p>La traite d&rsquo;\u00eatres humains ob\u00e9it \u00e0 des crit\u00e8res pr\u00e9cis : la notion de d\u00e9placement, de recrutement aux fins d&rsquo;exploitation, les menaces, violences, l&rsquo;abus de vuln\u00e9rabilit\u00e9 et \u00e9ventuellement le recrutement par voies de t\u00e9l\u00e9communication, \u00e9num\u00e8re-t-elle.<\/p>\n<p>Du c\u00f4t\u00e9 des policiers, il y a une certaine r\u00e9ticence et une difficult\u00e9 \u00e0 faire parler ces petites mains du trafic. \u00ab\u00a0Il faut dans la traite d&rsquo;\u00eatre humains qu&rsquo;on ait \u00e0 faire \u00e0 des victimes \u00e0 100%\u00a0\u00bb, estime S\u00e9bastien Lautard, num\u00e9ro deux de la police marseillaise.<\/p>\n<p>\u00ab\u00a0Actuellement, c&rsquo;est bien beau, c&rsquo;est des belles id\u00e9es, mais on n&rsquo;est pas pr\u00eats\u00a0\u00bb, ajoute le commissaire, pour qui \u00ab\u00a0il y a un flou artistique dans le traitement de ces jeunes-l\u00e0\u00a0\u00bb, notamment le manque d'\u00a0\u00bbun parcours pour sortir du trafic\u00a0\u00bb.<\/p>\n<p>\u00ab\u00a0Il n&rsquo;y a aucun retour possible, \u00e0 part de les extraire et de prendre soin d&rsquo;eux\u00a0\u00bb, insiste le directeur d&rsquo;\u00e9tablissement d\u00e9j\u00e0 cit\u00e9: \u00ab\u00a0il faudrait les mettre \u00e0 la campagne et les reconsid\u00e9rer comme des enfants\u00a0\u00bb, faire des choses simples avec eux, des jeux de soci\u00e9t\u00e9, la cuisine pour les sortir d&rsquo;un mode de fonctionnement qui repose sur la violence o\u00f9 \u00ab\u00a0agresseur, agress\u00e9 tout se m\u00e9lange\u00a0\u00bb.<\/p>\n<p>Me Fr\u00e9d\u00e9ric Asdighikian, sp\u00e9cialiste du droit des enfants, se souvient d&rsquo;un client, un mineur en fuite. Il est revenu br\u00fbl\u00e9 au chalumeau sur le flanc, sa blessure \u00e9tait \u00e0 vif, pas soign\u00e9e. \u00ab\u00a0Ils ont l&rsquo;habitude de cette douleur, on l&rsquo;avait tortur\u00e9 dans une cave trois jours\u00a0\u00bb.<\/p>\n<p>\u00ab\u00a0c&rsquo;est vraiment de l&rsquo;esclavage moderne\u00a0\u00bb, estime l&rsquo;avocat pour qui \u00ab\u00a0il faut qu&rsquo;on essaie de r\u00e9fl\u00e9chir autrement parce que c&rsquo;est une histoire sans fin\u00a0\u00bb.<\/p>\n","protected":false},"excerpt":{"rendered":"\u00ab\u00a0On a souvent des mineurs violent\u00e9s tr\u00e8s gravement, s\u00e9questr\u00e9s, mis \u00e0 l&rsquo;amende, qui n&rsquo;arrivent plus \u00e0 sortir des&hellip;\n","protected":false},"author":2,"featured_media":596602,"comment_status":"","ping_status":"","sticky":false,"template":"","format":"standard","meta":{"footnotes":""},"categories":[2814],"tags":[17,1111,11,16434,10083,154,1777,674,1011,27,329,151,884,12,1460,882,25,3356],"class_list":{"0":"post-596601","1":"post","2":"type-post","3":"status-publish","4":"format-standard","5":"has-post-thumbnail","7":"category-marseille","8":"tag-17","9":"tag-actu","10":"tag-actualites","11":"tag-ados","12":"tag-deal","13":"tag-des","14":"tag-eu","15":"tag-europe","16":"tag-fr","17":"tag-france","18":"tag-france-monde","19":"tag-les","20":"tag-marseille","21":"tag-news","22":"tag-points","23":"tag-provence-alpes-cote-dazur","24":"tag-republique-francaise","25":"tag-sur"},"share_on_mastodon":{"url":"https:\/\/pubeurope.com\/@fr\/115711551688159976","error":""},"_links":{"self":[{"href":"https:\/\/www.europesays.com\/fr\/wp-json\/wp\/v2\/posts\/596601","targetHints":{"allow":["GET"]}}],"collection":[{"href":"https:\/\/www.europesays.com\/fr\/wp-json\/wp\/v2\/posts"}],"about":[{"href":"https:\/\/www.europesays.com\/fr\/wp-json\/wp\/v2\/types\/post"}],"author":[{"embeddable":true,"href":"https:\/\/www.europesays.com\/fr\/wp-json\/wp\/v2\/users\/2"}],"replies":[{"embeddable":true,"href":"https:\/\/www.europesays.com\/fr\/wp-json\/wp\/v2\/comments?post=596601"}],"version-history":[{"count":0,"href":"https:\/\/www.europesays.com\/fr\/wp-json\/wp\/v2\/posts\/596601\/revisions"}],"wp:featuredmedia":[{"embeddable":true,"href":"https:\/\/www.europesays.com\/fr\/wp-json\/wp\/v2\/media\/596602"}],"wp:attachment":[{"href":"https:\/\/www.europesays.com\/fr\/wp-json\/wp\/v2\/media?parent=596601"}],"wp:term":[{"taxonomy":"category","embeddable":true,"href":"https:\/\/www.europesays.com\/fr\/wp-json\/wp\/v2\/categories?post=596601"},{"taxonomy":"post_tag","embeddable":true,"href":"https:\/\/www.europesays.com\/fr\/wp-json\/wp\/v2\/tags?post=596601"}],"curies":[{"name":"wp","href":"https:\/\/api.w.org\/{rel}","templated":true}]}}