{"id":596617,"date":"2025-12-13T09:36:20","date_gmt":"2025-12-13T09:36:20","guid":{"rendered":"https:\/\/www.europesays.com\/fr\/596617\/"},"modified":"2025-12-13T09:36:20","modified_gmt":"2025-12-13T09:36:20","slug":"video-kim-jong-un-accueille-des-soldats-nord-coreens-de-retour-de-combats-pour-la-russie","status":"publish","type":"post","link":"https:\/\/www.europesays.com\/fr\/596617\/","title":{"rendered":"Vid\u00e9o. Kim Jong-un accueille des soldats nord-cor\u00e9ens de retour de combats pour la Russie"},"content":{"rendered":"<p>Des images diffus\u00e9es vendredi par la t\u00e9l\u00e9vision d&rsquo;\u00c9tat KRT montraient le dirigeant nord-cor\u00e9en Kim Jong-un enla\u00e7ant des soldats et d\u00e9posant une fleur blanche devant les portraits des neuf morts au combat.<\/p>\n<p>L&rsquo;\u00e9v\u00e9nement s&rsquo;est tenu dans un immense b\u00e2timent pr\u00e8s du centre de la capitale nord-cor\u00e9enne, Pyongyang, appel\u00e9 la Maison de la culture du 25 avril.<\/p>\n<p>Le nom du b\u00e2timent renvoie \u00e0 la date que l&rsquo;histoire officielle nord-cor\u00e9enne pr\u00e9sente comme celle o\u00f9 son premier dirigeant, Kim Il-sung, a cr\u00e9\u00e9 une milice pour lutter contre l&rsquo;occupation japonaise de la Cor\u00e9e.<\/p>\n","protected":false},"excerpt":{"rendered":"Des images diffus\u00e9es vendredi par la t\u00e9l\u00e9vision d&rsquo;\u00c9tat KRT montraient le dirigeant nord-cor\u00e9en Kim Jong-un enla\u00e7ant des soldats&hellip;\n","protected":false},"author":2,"featured_media":596618,"comment_status":"","ping_status":"","sticky":false,"template":"","format":"standard","meta":{"footnotes":""},"categories":[1591],"tags":[18907,70913,70917,11,1887,12,1885,1886,132,70918,70914,18908,70916,18910,70920,70915,18909,70919],"class_list":{"0":"post-596617","1":"post","2":"type-post","3":"status-publish","4":"format-standard","5":"has-post-thumbnail","7":"category-russie","8":"tag-id26692","9":"tag-id366","10":"tag-id8809","11":"tag-actualites","12":"tag-federation-de-russie","13":"tag-news","14":"tag-russia","15":"tag-russian-federation","16":"tag-russie","17":"tag-slugkim-jong-un","18":"tag-slugnorth-korea","19":"tag-slugwar-in-ukraine","20":"tag-titlecoru00e9e-du-nord","21":"tag-titleguerre-en-ukraine","22":"tag-titlekim-jong-un","23":"tag-urlsafevaluecoree-du-nord","24":"tag-urlsafevalueguerre-en-ukraine","25":"tag-urlsafevaluekim-jong-un"},"share_on_mastodon":{"url":"https:\/\/pubeurope.com\/@fr\/115711586206930386","error":""},"_links":{"self":[{"href":"https:\/\/www.europesays.com\/fr\/wp-json\/wp\/v2\/posts\/596617","targetHints":{"allow":["GET"]}}],"collection":[{"href":"https:\/\/www.europesays.com\/fr\/wp-json\/wp\/v2\/posts"}],"about":[{"href":"https:\/\/www.europesays.com\/fr\/wp-json\/wp\/v2\/types\/post"}],"author":[{"embeddable":true,"href":"https:\/\/www.europesays.com\/fr\/wp-json\/wp\/v2\/users\/2"}],"replies":[{"embeddable":true,"href":"https:\/\/www.europesays.com\/fr\/wp-json\/wp\/v2\/comments?post=596617"}],"version-history":[{"count":0,"href":"https:\/\/www.europesays.com\/fr\/wp-json\/wp\/v2\/posts\/596617\/revisions"}],"wp:featuredmedia":[{"embeddable":true,"href":"https:\/\/www.europesays.com\/fr\/wp-json\/wp\/v2\/media\/596618"}],"wp:attachment":[{"href":"https:\/\/www.europesays.com\/fr\/wp-json\/wp\/v2\/media?parent=596617"}],"wp:term":[{"taxonomy":"category","embeddable":true,"href":"https:\/\/www.europesays.com\/fr\/wp-json\/wp\/v2\/categories?post=596617"},{"taxonomy":"post_tag","embeddable":true,"href":"https:\/\/www.europesays.com\/fr\/wp-json\/wp\/v2\/tags?post=596617"}],"curies":[{"name":"wp","href":"https:\/\/api.w.org\/{rel}","templated":true}]}}