{"id":596619,"date":"2025-12-13T09:37:14","date_gmt":"2025-12-13T09:37:14","guid":{"rendered":"https:\/\/www.europesays.com\/fr\/596619\/"},"modified":"2025-12-13T09:37:14","modified_gmt":"2025-12-13T09:37:14","slug":"toute-paix-en-ukraine-sera-impossible-tant-que-la-russie-restera-source-de-menaces-permanentes","status":"publish","type":"post","link":"https:\/\/www.europesays.com\/fr\/596619\/","title":{"rendered":"Toute paix en Ukraine sera impossible tant que la Russie restera source de menaces permanentes"},"content":{"rendered":"\n<p>Il arrive qu\u2019un petit signal change le cours des \u00e9v\u00e9nements, que ce soit en physique, en biologie ou en politique. Or le projet d\u2019accord de paix propos\u00e9 par les \u00c9tats-Unis n\u2019est pas un petit, mais un grand signal. \u00c0 cet \u00e9gard, Donald Trump lui-m\u00eame joue le r\u00f4le d\u2019acc\u00e9l\u00e9rateur de particules. Conform\u00e9ment aux pr\u00e9visions initiales, tout <a href=\"https:\/\/www.courrierinternational.com\/article\/conflit-guerre-en-ukraine-trump-lance-un-ultimatum-a-zelensky_237700\" target=\"_blank\" rel=\"noopener\">devait \u00eatre r\u00e9gl\u00e9<\/a> avant Thanksgiving [le 27\u00a0novembre], puis l\u2019accord sign\u00e9 avant No\u00ebl, date \u00e0 laquelle on aurait \u00e9t\u00e9 d\u00e9barrass\u00e9 de ce fardeau contre nature, \u00e0 savoir la derni\u00e8re et tr\u00e8s myst\u00e9rieuse \u201cdispute entre Slaves\u201d. Aussit\u00f4t apr\u00e8s, le pr\u00e9sident des \u00c9tats-Unis aurait pu se pr\u00e9parer, tr\u00e8s en avance, \u00e0 <a href=\"https:\/\/www.courrierinternational.com\/article\/etats-unis-la-quete-ultime-de-donald-trump-se-voir-decerner-le-prix-nobel-de-la-paix_233001\" target=\"_blank\" rel=\"noopener\">recevoir<\/a> le prix Nobel de la paix 2026.<\/p>\n<p>Certes, ce plan de paix a \u00e9t\u00e9 con\u00e7u maladroitement et comporte des paragraphes \u00e9tranges \u2013 \u00e0 croire qu\u2019il a \u00e9t\u00e9 compos\u00e9 par beaucoup de monde et que chacun a r\u00e9dig\u00e9 sur un bout de papier toutes les propositions possibles \u2013, mais sa simple apparition permet d\u2019envisager une sortie acc\u00e9l\u00e9r\u00e9e de cette \u201cguerre d\u2019usure\u201d [l\u2019auteur fait ici r\u00e9f\u00e9rence au <a href=\"https:\/\/www.courrierinternational.com\/article\/vu-du-royaume-uni-le-plan-de-paix-de-trump-pour-l-ukraine-rien-d-autre-qu-une-proposition-commerciale-bidon_237773\" target=\"_blank\" rel=\"noopener\">plan initialement propos\u00e9<\/a> par Washington, compos\u00e9 de 28\u00a0points].<\/p>\n<p>Il faut bien comprendre \u2013 et cela, les march\u00e9s ne le comprennent pas, assoiff\u00e9s qu\u2019ils sont de bonnes nouvelles \u201cg\u00e9opolitiques\u201d \u2013 que le plan de paix tel qu\u2019il a \u00e9t\u00e9 pr\u00e9sent\u00e9 ne peut pas fonctionner. Cela<\/p>\n","protected":false},"excerpt":{"rendered":"Il arrive qu\u2019un petit signal change le cours des \u00e9v\u00e9nements, que ce soit en physique, en biologie ou&hellip;\n","protected":false},"author":2,"featured_media":596620,"comment_status":"","ping_status":"","sticky":false,"template":"","format":"standard","meta":{"footnotes":""},"categories":[1590],"tags":[11,75,1777,674,1892,131,12,132,220,135,134],"class_list":{"0":"post-596619","1":"post","2":"type-post","3":"status-publish","4":"format-standard","5":"has-post-thumbnail","7":"category-ukraine","8":"tag-actualites","9":"tag-donald-trump","10":"tag-eu","11":"tag-europe","12":"tag-gu00e9opolitique","13":"tag-guerre-en-ukraine","14":"tag-news","15":"tag-russie","16":"tag-ukraine","17":"tag-vladimir-poutine","18":"tag-volodymyr-zelensky"},"share_on_mastodon":{"url":"https:\/\/pubeurope.com\/@fr\/115711589993125519","error":""},"_links":{"self":[{"href":"https:\/\/www.europesays.com\/fr\/wp-json\/wp\/v2\/posts\/596619","targetHints":{"allow":["GET"]}}],"collection":[{"href":"https:\/\/www.europesays.com\/fr\/wp-json\/wp\/v2\/posts"}],"about":[{"href":"https:\/\/www.europesays.com\/fr\/wp-json\/wp\/v2\/types\/post"}],"author":[{"embeddable":true,"href":"https:\/\/www.europesays.com\/fr\/wp-json\/wp\/v2\/users\/2"}],"replies":[{"embeddable":true,"href":"https:\/\/www.europesays.com\/fr\/wp-json\/wp\/v2\/comments?post=596619"}],"version-history":[{"count":0,"href":"https:\/\/www.europesays.com\/fr\/wp-json\/wp\/v2\/posts\/596619\/revisions"}],"wp:featuredmedia":[{"embeddable":true,"href":"https:\/\/www.europesays.com\/fr\/wp-json\/wp\/v2\/media\/596620"}],"wp:attachment":[{"href":"https:\/\/www.europesays.com\/fr\/wp-json\/wp\/v2\/media?parent=596619"}],"wp:term":[{"taxonomy":"category","embeddable":true,"href":"https:\/\/www.europesays.com\/fr\/wp-json\/wp\/v2\/categories?post=596619"},{"taxonomy":"post_tag","embeddable":true,"href":"https:\/\/www.europesays.com\/fr\/wp-json\/wp\/v2\/tags?post=596619"}],"curies":[{"name":"wp","href":"https:\/\/api.w.org\/{rel}","templated":true}]}}