{"id":596628,"date":"2025-12-13T09:42:16","date_gmt":"2025-12-13T09:42:16","guid":{"rendered":"https:\/\/www.europesays.com\/fr\/596628\/"},"modified":"2025-12-13T09:42:16","modified_gmt":"2025-12-13T09:42:16","slug":"politique-lue-saccorde-sur-les-nouveaux-quotas-de-peche-baisse-drastique-pour-le-maquereau","status":"publish","type":"post","link":"https:\/\/www.europesays.com\/fr\/596628\/","title":{"rendered":"Politique. L&rsquo;UE s&rsquo;accorde sur les nouveaux quotas de p\u00eache, baisse drastique pour le maquereau"},"content":{"rendered":"<p>Les pays de l&rsquo;Union europ\u00e9enne ont trouv\u00e9 dans la nuit de vendredi \u00e0 samedi un accord sur leurs quotas de p\u00eache en 2026, sans trancher d\u00e9finitivement la question de la baisse drastique de captures de maquereaux, alors que des accusations de surp\u00eache visent la Norv\u00e8ge voisine.<\/p>\n<p>L&rsquo;un des points les plus sensibles \u00e9tait le maquereau dont la population s&rsquo;est effondr\u00e9e dans l&rsquo;Atlantique Nord. La situation est tr\u00e8s tendue avec des pays tiers comme la Norv\u00e8ge, accus\u00e9e de trop p\u00eacher, sans tenir compte des avis scientifiques. \u00ab Pour le maquereau, les consultations entre \u00c9tats c\u00f4tiers de l\u2019Atlantique nord-est (UE, Norv\u00e8ge, Islande, F\u00e9ro\u00e9, Royaume-Uni) sont encore en cours \u00bb, a relev\u00e9 l&rsquo;Union europ\u00e9enne dans un communiqu\u00e9.<\/p>\n<p>Les ministres de l&rsquo;UE ont donc \u00ab convenu de limites provisoires pour les six premiers mois de 2026 \u00bb, avec une baisse de 70% par rapport \u00e0 l&rsquo;ann\u00e9e pr\u00e9c\u00e9dente. Cette chute est l\u00e9g\u00e8rement en de\u00e7\u00e0 de ce que recommandent les scientifiques (-77%). Fuyant le r\u00e9chauffement climatique, le maquereau de l&rsquo;Atlantique a migr\u00e9 vers le Nord pour se retrouver pris au pi\u00e8ge de la surp\u00eache, dans un contexte de d\u00e9saccords g\u00e9opolitiques. Sa population est tomb\u00e9e dans une zone de danger o\u00f9 sa reproduction n&rsquo;est plus assur\u00e9e.<\/p>\n<p>\u00ab\u00a0Stabilit\u00e9 apparente\u00a0\u00bb<\/p>\n<p>Autre signal de la difficult\u00e9 des n\u00e9gociations, pour la premi\u00e8re fois en 40 ans, l&rsquo;Irlande ne pourra pas b\u00e9n\u00e9ficier des \u00ab pr\u00e9f\u00e9rences de La Haye \u00bb, un m\u00e9canisme qui lui attribue des quotas plus \u00e9lev\u00e9s pour certaines esp\u00e8ces. La France a r\u00e9uni une minorit\u00e9 de blocage pour s&rsquo;opposer \u00e0 son application, avec Belgique, Pays-Bas, Pologne et Allemagne.<\/p>\n<p>Pour les autres quotas, les \u00c9tats europ\u00e9ens ont par ailleurs valid\u00e9 une augmentation des captures de langoustines dans le Golfe de Gascogne (+54 %, sauf dans la zone la plus au sud) et une baisse du lieu jaune (-13%) moindre que ce que recommandait la Commission europ\u00e9enne (-26%).<\/p>\n<p>En M\u00e9diterran\u00e9e occidentale o\u00f9 la r\u00e9duction de la p\u00eache avait tendu les n\u00e9gociations l&rsquo;ann\u00e9e derni\u00e8re, les \u00c9tats europ\u00e9ens ont cette fois d\u00e9cid\u00e9 de reconduire les m\u00eames niveaux de captures en 2026. L&rsquo;accord \u00ab offre une stabilit\u00e9 apparente \u00bb aux p\u00eacheurs m\u00e9diterran\u00e9ens, mais les \u00ab populations de poissons restent soumises \u00e0 une pression importante apr\u00e8s des d\u00e9cennies de surp\u00eache \u00bb, a critiqu\u00e9 l&rsquo;organisation environnementale Oceana.<\/p>\n","protected":false},"excerpt":{"rendered":"Les pays de l&rsquo;Union europ\u00e9enne ont trouv\u00e9 dans la nuit de vendredi \u00e0 samedi un accord sur leurs&hellip;\n","protected":false},"author":2,"featured_media":596629,"comment_status":"","ping_status":"","sticky":false,"template":"","format":"standard","meta":{"footnotes":""},"categories":[1586],"tags":[11,1777,674,1779,107,1011,27,329,12,4838,316,25,1778,364],"class_list":{"0":"post-596628","1":"post","2":"type-post","3":"status-publish","4":"format-standard","5":"has-post-thumbnail","7":"category-europe","8":"tag-actualites","9":"tag-eu","10":"tag-europe","11":"tag-european-union","12":"tag-fil-info","13":"tag-fr","14":"tag-france","15":"tag-france-monde","16":"tag-news","17":"tag-peche","18":"tag-politique","19":"tag-republique-francaise","20":"tag-ue","21":"tag-union-europeenne"},"share_on_mastodon":{"url":"https:\/\/pubeurope.com\/@fr\/115711609781079058","error":""},"_links":{"self":[{"href":"https:\/\/www.europesays.com\/fr\/wp-json\/wp\/v2\/posts\/596628","targetHints":{"allow":["GET"]}}],"collection":[{"href":"https:\/\/www.europesays.com\/fr\/wp-json\/wp\/v2\/posts"}],"about":[{"href":"https:\/\/www.europesays.com\/fr\/wp-json\/wp\/v2\/types\/post"}],"author":[{"embeddable":true,"href":"https:\/\/www.europesays.com\/fr\/wp-json\/wp\/v2\/users\/2"}],"replies":[{"embeddable":true,"href":"https:\/\/www.europesays.com\/fr\/wp-json\/wp\/v2\/comments?post=596628"}],"version-history":[{"count":0,"href":"https:\/\/www.europesays.com\/fr\/wp-json\/wp\/v2\/posts\/596628\/revisions"}],"wp:featuredmedia":[{"embeddable":true,"href":"https:\/\/www.europesays.com\/fr\/wp-json\/wp\/v2\/media\/596629"}],"wp:attachment":[{"href":"https:\/\/www.europesays.com\/fr\/wp-json\/wp\/v2\/media?parent=596628"}],"wp:term":[{"taxonomy":"category","embeddable":true,"href":"https:\/\/www.europesays.com\/fr\/wp-json\/wp\/v2\/categories?post=596628"},{"taxonomy":"post_tag","embeddable":true,"href":"https:\/\/www.europesays.com\/fr\/wp-json\/wp\/v2\/tags?post=596628"}],"curies":[{"name":"wp","href":"https:\/\/api.w.org\/{rel}","templated":true}]}}