{"id":596640,"date":"2025-12-13T09:55:17","date_gmt":"2025-12-13T09:55:17","guid":{"rendered":"https:\/\/www.europesays.com\/fr\/596640\/"},"modified":"2025-12-13T09:55:17","modified_gmt":"2025-12-13T09:55:17","slug":"team-totalenergies-leffectif-2026-actualite","status":"publish","type":"post","link":"https:\/\/www.europesays.com\/fr\/596640\/","title":{"rendered":"Team TotalEnergies : L&rsquo;effectif 2026 &#8211; Actualit\u00e9"},"content":{"rendered":"<p style=\"text-align: justify;\">La formation TotalEnergies comptera en 2026 un effectif de 28\u00a0coureurs, parmi lesquels six\u00a0recrues, dont <strong><a href=\"https:\/\/www.directvelo.com\/coureur\/3072\/geoffrey-bouchard\" target=\"_blank\" rel=\"noopener\">Geoffrey Bouchard<\/a><\/strong>. L&rsquo;ancien laur\u00e9at du Challenge DirectVelo n&rsquo;\u00e9tait pas conserv\u00e9 par Decathlon AG2R La Mondiale et avait un temps fait le choix de mettre un terme \u00e0 sa carri\u00e8re, avant de se r\u00e9tracter. Du c\u00f4t\u00e9 des d\u00e9parts, l&rsquo;un des hommes forts de la structure, <strong><a href=\"https:\/\/www.directvelo.com\/coureur\/5539\/pierre-latour\" target=\"_blank\" rel=\"noopener\">Pierre Latour<\/a><\/strong>, quitte les pelotons.<\/p>\n<p style=\"text-align: justify;\">Pour rappel, la ProTeam vend\u00e9enne,<strong>\u00a0<a href=\"https:\/\/www.directvelo.com\/actualite\/125807\/jean-rene-bernaudeau-confirme-larrivee-de-stephane-heulot\" target=\"_blank\" rel=\"noopener\">qui accueille St\u00e9phane Heulot<\/a> <\/strong>comme nouveau manager g\u00e9n\u00e9ral, est \u00e0 la recherche d&rsquo;un nouveau partenaire titre pour esp\u00e9rer survivre au terme de la saison \u00e0 venir.\u00a0<\/p>\n<p><strong>L&rsquo;effectif 2026 du Team TotalEnergies :<br \/><\/strong>Thomas Bonnet, 27 ans<br \/>Geoffrey Bouchard, 33 ans (Decathlon AG2R La Mondiale)<br \/>Rayan Boulahoite, 21 ans <br \/>Nicolas Breuillard, 25 ans (St-Michel-Preference Home-Auber 93)<br \/>Alexys Brunel, 27 ans<br \/>Mathieu Burgaudeau, 27 ans<br \/>Florian Dauphin, 26 ans<br \/>Joris Delbove, 25 ans<br \/>Alexandre Delettre, 28 ans<br \/>Fabien Doubey, 32 ans<br \/>Sandy Dujardin, 28 ans<br \/>Thomas Gachignard, 25 ans<br \/>Fabien Grellier, 31 ans<br \/>Thibault Guernalec, 28 ans\u00a0(Ark\u00e9a-B&amp;B H\u00f4tels)<br \/>Emilien Jeanni\u00e8re, 27 ans<br \/>Jordan Jegat, 26 ans<br \/>Alan Jousseaume, 27 ans<br \/>Mathis Le Berre, 24 ans (Ark\u00e9a-B&amp;B H\u00f4tels)<br \/>Samuel Leroux, 31 ans<br \/>Th\u00e9o L\u00e9v\u00eaque, 21 ans (Vend\u00e9e U)<br \/>Lorrenzo Manzin, 31 ans<br \/>Nicola Marcerou, 23 ans<br \/>Valentin Retailleau, 25 ans<br \/>Jason Tesson, 27 ans<br \/>Pierre Thierry, 22 ans\u00a0(Ark\u00e9a-B&amp;B H\u00f4tels)<br \/>Anthony Turgis, 31 ans<br \/>Baptiste Vadic, 23 ans<br \/>Matt\u00e9o Vercher, 24 ans<\/p>\n<p>Les d\u00e9parts : Lucas Boniface (?), Steff Cras (Soudal Quick-Step), Pierre Latour (arr\u00eat) et Geoffrey Soupe (arr\u00eat).<\/p>\n","protected":false},"excerpt":{"rendered":"La formation TotalEnergies comptera en 2026 un effectif de 28\u00a0coureurs, parmi lesquels six\u00a0recrues, dont Geoffrey Bouchard. L&rsquo;ancien laur\u00e9at&hellip;\n","protected":false},"author":2,"featured_media":596641,"comment_status":"","ping_status":"","sticky":false,"template":"","format":"standard","meta":{"footnotes":""},"categories":[1411],"tags":[834,828,836,829,837,827,83,826,824,823,1154,207,814,817,815,816,822,821,832,211,839,1011,27,820,818,819,835,831,830,833,838,60,212,208,825],"class_list":{"0":"post-596640","1":"post","2":"type-post","3":"status-publish","4":"format-standard","5":"has-post-thumbnail","7":"category-cyclisme","8":"tag-attaque","9":"tag-belgique","10":"tag-braquet","11":"tag-bretagne","12":"tag-chute","13":"tag-competition","14":"tag-coupe-de-france","15":"tag-coureur","16":"tag-course-cyclisme","17":"tag-course-cycliste","18":"tag-cycling","19":"tag-cyclisme","20":"tag-direct","21":"tag-direct-velo","22":"tag-directvelo","23":"tag-directvelo-com","24":"tag-epreuve","25":"tag-epreuve-cycliste","26":"tag-federation-francaise-de-cyclisme","27":"tag-ffc","28":"tag-flandres","29":"tag-fr","30":"tag-france","31":"tag-live","32":"tag-live-course","33":"tag-live-epreuve","34":"tag-peloton","35":"tag-radio-peloton","36":"tag-radio-tour","37":"tag-ravitaillement","38":"tag-relance","39":"tag-sports","40":"tag-uci","41":"tag-velo","42":"tag-velos"},"share_on_mastodon":{"url":"https:\/\/pubeurope.com\/@fr\/115711661263831360","error":""},"_links":{"self":[{"href":"https:\/\/www.europesays.com\/fr\/wp-json\/wp\/v2\/posts\/596640","targetHints":{"allow":["GET"]}}],"collection":[{"href":"https:\/\/www.europesays.com\/fr\/wp-json\/wp\/v2\/posts"}],"about":[{"href":"https:\/\/www.europesays.com\/fr\/wp-json\/wp\/v2\/types\/post"}],"author":[{"embeddable":true,"href":"https:\/\/www.europesays.com\/fr\/wp-json\/wp\/v2\/users\/2"}],"replies":[{"embeddable":true,"href":"https:\/\/www.europesays.com\/fr\/wp-json\/wp\/v2\/comments?post=596640"}],"version-history":[{"count":0,"href":"https:\/\/www.europesays.com\/fr\/wp-json\/wp\/v2\/posts\/596640\/revisions"}],"wp:featuredmedia":[{"embeddable":true,"href":"https:\/\/www.europesays.com\/fr\/wp-json\/wp\/v2\/media\/596641"}],"wp:attachment":[{"href":"https:\/\/www.europesays.com\/fr\/wp-json\/wp\/v2\/media?parent=596640"}],"wp:term":[{"taxonomy":"category","embeddable":true,"href":"https:\/\/www.europesays.com\/fr\/wp-json\/wp\/v2\/categories?post=596640"},{"taxonomy":"post_tag","embeddable":true,"href":"https:\/\/www.europesays.com\/fr\/wp-json\/wp\/v2\/tags?post=596640"}],"curies":[{"name":"wp","href":"https:\/\/api.w.org\/{rel}","templated":true}]}}